{"id":22999,"date":"2023-05-20T06:41:00","date_gmt":"2023-05-20T09:41:00","guid":{"rendered":"https:\/\/elfederalmendoza.com\/?p=22999"},"modified":"2023-05-20T13:37:50","modified_gmt":"2023-05-20T16:37:50","slug":"el-futre-el-fantasma-mendocino-que-aparece-en-alta-montana","status":"publish","type":"post","link":"https:\/\/elfederalmendoza.com.ar\/index.php\/2023\/05\/20\/el-futre-el-fantasma-mendocino-que-aparece-en-alta-montana\/","title":{"rendered":"El Futre: El fantasma mendocino sin cabeza que aparece en alta monta\u00f1a"},"content":{"rendered":"\n<p>Hablar de&nbsp;<strong>El Futre<\/strong>&nbsp;es hacer menci\u00f3n a una leyenda bien mendocina, de la que todos hablan pero de la que pocos conocen detalles. <strong>El Futre es un fantasma bueno y discreto<\/strong>. Suele aparecer en la zona del cerro Aconcagua, en especial a lo largo de las v\u00edas del tren que suben de Puente del Inca a Las Cuevas, al pie del cerro Tolosa. Es un ser fantasmag\u00f3rico que se aparece a caballo, sosteniendo su cabeza entre las manos, dispuesto a atropellar a quien se interponga en su camino.<\/p>\n\n\n\n<p>La leyenda de&nbsp;<strong>El Futre&nbsp;<\/strong>est\u00e1 muy afincada en la <strong>zona de Alta Monta\u00f1a, entre Uspallata y Las Cuevas<\/strong>, especialmente en los terrenos que involucran al antiguo Ferrocarril Trasandino.<\/p>\n\n\n\n<figure class=\"wp-block-image size-full\"><img loading=\"lazy\" decoding=\"async\" width=\"969\" height=\"544\" src=\"https:\/\/elfederalmendoza.com\/wp-content\/uploads\/2023\/05\/el-futre.jpg\" alt=\"\" class=\"wp-image-23001\" srcset=\"https:\/\/elfederalmendoza.com.ar\/wp-content\/uploads\/2023\/05\/el-futre.jpg 969w, https:\/\/elfederalmendoza.com.ar\/wp-content\/uploads\/2023\/05\/el-futre-300x168.jpg 300w, https:\/\/elfederalmendoza.com.ar\/wp-content\/uploads\/2023\/05\/el-futre-768x431.jpg 768w\" sizes=\"auto, (max-width: 969px) 100vw, 969px\" \/><figcaption class=\"wp-element-caption\">El Futre es una de las leyendas m\u00e1s destacadas que tiene Mendoza<\/figcaption><\/figure>\n\n\n\n<h2 class=\"wp-block-heading\"><a href=\"https:\/\/www.sitioandino.com.ar\/cultura\/fin-semana-ideal-amantes-del-k-pop-y-pokemon-go-n5653377\"><\/a><strong>Primer relato<\/strong><\/h2>\n\n\n\n<p>Desde luego que como toda leyenda hay varias versiones y en este art\u00edculo vamos a tratar de ver algunos de ellos.<\/p>\n\n\n\n<p>Para muchos, el origen de la leyenda se remonta a principios del siglo XX, cuando el ferrocarril estaba desarrollando sus ramales hacia la cordillera. Hay versiones que indican que<strong>&nbsp;El Futre&nbsp;<\/strong>fue un extranjero de apellido Foster, que ten\u00eda a su cargo el tendido del ramal hacia Las Cuevas. <strong>Su trabajo era pagar los jornales a los obreros que trabajaban en las v\u00edas.<\/strong><\/p>\n\n\n\n<p>Un d\u00eda, Foster lleg\u00f3 al campamento ferroviario, pero<strong> una emboscada de ladrones acab\u00f3 con su vida<\/strong>: el dinero de los jornales que deb\u00edan pagarse desapareci\u00f3 como as\u00ed tambi\u00e9n su cabeza tras ser degollado. Desde entonces, el Futre se aparece a quienes tienen alguna cuenta pendiente que pagar, principalmente, con la justicia.<\/p>\n\n\n\n<h2 class=\"wp-block-heading\">Segundo relato<\/h2>\n\n\n\n<p>Hab\u00eda un pagador del ferrocarril, de origen ingl\u00e9s, que realizaba su tarea con los obreros que estaban construyendo el trasandino. El ingl\u00e9s vest\u00eda muy bien, algunos dicen que usaba galera y por eso se lo conoc\u00eda como \u201cFutre\u201d.<\/p>\n\n\n\n<p>Seg\u00fan la RAE,&nbsp;<strong>la palabra futre tiene dos acepciones:<\/strong>&nbsp;1) Hombre joven que se compone mucho y sigue rigurosamente la moda. 2) Persona vestida con atildamiento.<\/p>\n\n\n\n<p>Este Futre se trasladaba hacia su destino de pago en \u201czorra\u201d (peque\u00f1os trencitos que usaban los ferroviarios para sus tareas). Y para pagarles a los obreros que estaban m\u00e1s lejos, iba a caballo.<\/p>\n\n\n\n<p>Un d\u00eda el pagador, con las alforjas cargadas de plata, rumbe\u00f3 hacia el oeste. Sabi\u00e9ndose a caballo, con las alforjas llenas de dinero y tan cerca de la frontera con Chile se fug\u00f3 con la plata. Pero los obreros, despojados, se enteraron de la maniobra, lo persiguieron y le cortaron la cabeza.<\/p>\n\n\n\n<h2 class=\"wp-block-heading\">Otros relatos<\/h2>\n\n\n\n<p>Las leyendas tienen en com\u00fan que&nbsp;<strong>El Futre&nbsp;<\/strong>era un pagador que trabajaba en la cordillera pero difieren en sus finales. Adem\u00e1s de haber sido asesinado o haberse fugado pudo haber muerto por un crimen amoroso mientras que otros relatos cuentan que se jug\u00f3 la plata y fue castigado por eso.<\/p>\n\n\n\n<h2 class=\"wp-block-heading\">El mismo destino<\/h2>\n\n\n\n<p>El relato de qu\u00e9 le pas\u00f3 a El Futre puede variar pero no cambia el final: desde entonces se les aparece a los que caminan de noche cerca de las v\u00edas. Los relatos coinciden en ver a un jinete sin cabeza, muy bien vestido, se aparece en las adyacencias de las antiguas v\u00edas. Algunos afirman que aparece con su cabeza cortada debajo de su brazo.<\/p>\n\n\n\n<p>Seg\u00fan<strong>&nbsp;Juan Draghi Lucero<\/strong>, El Futre es el fantasma m\u00e1s notable de Mendoza.<\/p>\n\n\n\n<h2 class=\"wp-block-heading\">El musical<\/h2>\n\n\n\n<p>Uno de los m\u00fasicos m\u00e1s destacados que ha dado la provincia de Mendoza se llama&nbsp;<strong>Natalio Faingold.<\/strong>&nbsp;Integrante de Altablanca y Alcohol Et\u00edlico, entre otras bandas, es uno de los autores de&nbsp;<strong>\u201cLamento boliviano\u201d.<\/strong><\/p>\n\n\n\n<figure class=\"wp-block-image is-resized\"><img loading=\"lazy\" decoding=\"async\" src=\"https:\/\/media.sitioandino.com.ar\/p\/7d2bfa07a13175843cdfa5942285e9d3\/adjuntos\/335\/imagenes\/000\/632\/0000632867\/790x0\/smart\/el-futre-faingoldjpg.jpg\" alt=\"\" width=\"836\" height=\"836\"\/><\/figure>\n\n\n\n<p>Faingold cre\u00f3 un&nbsp;oratorio de rock sudamericano llamado \u201cEl Futre\u201d. Seg\u00fan su historia Foster, un empleado en la construcci\u00f3n del ferrocarril trasandino, en un viaje por la cordillera de los Andes destinado a pagar sueldos, es traicionado por un compa\u00f1ero de trabajo, Juan ,quien junto a otros delincuentes, planea una emboscada, asesina a Foster y le roba el dinero de los sueldos. Despu\u00e9s, aprovechando la situaci\u00f3n, Juan confunde y seduce a Beatriz, la prometida de Foster, con quien este \u00faltimo estaba por casarse. Juan hace quedar a Foster como un ladr\u00f3n que escap\u00f3 con el dinero de la gente.<\/p>\n\n\n\n<p>Frente a esta injusticia nace el fantasma, El Futre quien vuelve por venganza y encuentra a su entregador con su ex prometida, atrapados en una tormenta y varados en la cordillera. Beatriz y Juan mueren esa noche y el Futre se pierde en la cordillera donde deambular\u00e1 por la eternidad.<\/p>\n\n\n\n<p>La obra fue estrenada en el 2010 en el Teatro Independencia.<\/p>\n\n\n\n<h2 class=\"wp-block-heading\">Uno de los libros<\/h2>\n\n\n\n<p>El Futre es un libro de historieta llevado a cabo por&nbsp;<strong>Chanti&nbsp;<\/strong>(miembro fundador de Banda Dibujada), que recomendamos para lectores a partir de los 13 a\u00f1os. A continuaci\u00f3n, un extracto de la nota aparecida en el diario Los Andes:<\/p>\n\n\n\n<p>\u00abMi pap\u00e1 siempre nos llev\u00f3 a la monta\u00f1a y la primera vez que escuch\u00e9 sobre El Futre fue all\u00e1. Despu\u00e9s nosotros la fuimos transmitiendo. El Futre tiene fama de malo pero tambi\u00e9n hay quienes cuentan que era un fantasma inofensivo\u201d.<\/p>\n\n\n\n<figure class=\"wp-block-image\"><img decoding=\"async\" src=\"https:\/\/media.sitioandino.com.ar\/p\/4b4dff63d95888c284ac9461882fb4a2\/adjuntos\/335\/imagenes\/000\/632\/0000632868\/790x0\/smart\/futre-chantijpg.jpg\" alt=\"\"\/><\/figure>\n\n\n\n<p><em>\u00abHay hombres y mujeres que luchan un d\u00eda y son buenos. Hay otros que luchan un a\u00f1o y son mejores. Hay quienes luchan muchos a\u00f1os y son muy buenos. Pero hay los que luchan toda la vida: esos son los imprescindibles\u00bb&nbsp;<strong>(Bertolt Brecht).<\/strong><\/em><\/p>\n\n\n\n<h3 class=\"wp-block-heading\">Esta columna fue declarada de inter\u00e9s cultural por el Senado de Mendoza seg\u00fan consta en la resoluci\u00f3n 78.208<\/h3>\n\n\n\n<p><strong>Fuentes:<\/strong>&nbsp;diario Los Andes; DGE; Tres formar literarias de una leyenda, de Glor\u00eda Videla de Rivera en revista Piedra y Canto; Ediunc y libros de Jorge Sosa.<\/p>\n","protected":false},"excerpt":{"rendered":"<p>Hablar de&nbsp;El Futre&nbsp;es hacer menci\u00f3n a una leyenda bien mendocina, de la que todos hablan pero de la que pocos conocen detalles. El Futre es un fantasma bueno y discreto. Suele aparecer en la zona del cerro Aconcagua, en especial a lo largo de las v\u00edas del tren que suben de Puente del Inca a<a class=\"read-more\" href=\"https:\/\/elfederalmendoza.com.ar\/index.php\/2023\/05\/20\/el-futre-el-fantasma-mendocino-que-aparece-en-alta-montana\/\"> [&hellip;]<\/a><\/p>\n","protected":false},"author":2,"featured_media":23008,"comment_status":"open","ping_status":"open","sticky":false,"template":"","format":"standard","meta":{"footnotes":""},"categories":[1],"tags":[],"class_list":["post-22999","post","type-post","status-publish","format-standard","has-post-thumbnail","hentry","category-mza"],"rttpg_featured_image_url":{"full":["https:\/\/elfederalmendoza.com.ar\/wp-content\/uploads\/2023\/05\/el-futre2.jpg",1200,669,false],"landscape":["https:\/\/elfederalmendoza.com.ar\/wp-content\/uploads\/2023\/05\/el-futre2.jpg",1200,669,false],"portraits":["https:\/\/elfederalmendoza.com.ar\/wp-content\/uploads\/2023\/05\/el-futre2.jpg",1200,669,false],"thumbnail":["https:\/\/elfederalmendoza.com.ar\/wp-content\/uploads\/2023\/05\/el-futre2-150x150.jpg",150,150,true],"medium":["https:\/\/elfederalmendoza.com.ar\/wp-content\/uploads\/2023\/05\/el-futre2-300x167.jpg",300,167,true],"large":["https:\/\/elfederalmendoza.com.ar\/wp-content\/uploads\/2023\/05\/el-futre2-1024x571.jpg",640,357,true],"1536x1536":["https:\/\/elfederalmendoza.com.ar\/wp-content\/uploads\/2023\/05\/el-futre2.jpg",1200,669,false],"2048x2048":["https:\/\/elfederalmendoza.com.ar\/wp-content\/uploads\/2023\/05\/el-futre2.jpg",1200,669,false],"ultp_layout_landscape_large":["https:\/\/elfederalmendoza.com.ar\/wp-content\/uploads\/2023\/05\/el-futre2.jpg",1200,669,false],"ultp_layout_landscape":["https:\/\/elfederalmendoza.com.ar\/wp-content\/uploads\/2023\/05\/el-futre2-870x570.jpg",870,570,true],"ultp_layout_portrait":["https:\/\/elfederalmendoza.com.ar\/wp-content\/uploads\/2023\/05\/el-futre2-600x669.jpg",600,669,true],"ultp_layout_square":["https:\/\/elfederalmendoza.com.ar\/wp-content\/uploads\/2023\/05\/el-futre2-600x600.jpg",600,600,true],"rpwe-thumbnail":["https:\/\/elfederalmendoza.com.ar\/wp-content\/uploads\/2023\/05\/el-futre2-45x45.jpg",45,45,true],"advps-thumb-one":["https:\/\/elfederalmendoza.com.ar\/wp-content\/uploads\/2023\/05\/el-futre2-1200x420.jpg",1200,420,true]},"rttpg_author":{"display_name":"Redacci\u00f3n El Federal","author_link":"https:\/\/elfederalmendoza.com.ar\/index.php\/author\/angelflores\/"},"rttpg_comment":0,"rttpg_category":"<a href=\"https:\/\/elfederalmendoza.com.ar\/index.php\/category\/mza\/\" rel=\"category tag\">Mendoza<\/a>","rttpg_excerpt":"Hablar de&nbsp;El Futre&nbsp;es hacer menci\u00f3n a una leyenda bien mendocina, de la que todos hablan pero de la que pocos conocen detalles. El Futre es un fantasma bueno y discreto. Suele aparecer en la zona del cerro Aconcagua, en especial a lo largo de las v\u00edas del tren que suben de Puente del Inca a&hellip;","_links":{"self":[{"href":"https:\/\/elfederalmendoza.com.ar\/index.php\/wp-json\/wp\/v2\/posts\/22999","targetHints":{"allow":["GET"]}}],"collection":[{"href":"https:\/\/elfederalmendoza.com.ar\/index.php\/wp-json\/wp\/v2\/posts"}],"about":[{"href":"https:\/\/elfederalmendoza.com.ar\/index.php\/wp-json\/wp\/v2\/types\/post"}],"author":[{"embeddable":true,"href":"https:\/\/elfederalmendoza.com.ar\/index.php\/wp-json\/wp\/v2\/users\/2"}],"replies":[{"embeddable":true,"href":"https:\/\/elfederalmendoza.com.ar\/index.php\/wp-json\/wp\/v2\/comments?post=22999"}],"version-history":[{"count":2,"href":"https:\/\/elfederalmendoza.com.ar\/index.php\/wp-json\/wp\/v2\/posts\/22999\/revisions"}],"predecessor-version":[{"id":23013,"href":"https:\/\/elfederalmendoza.com.ar\/index.php\/wp-json\/wp\/v2\/posts\/22999\/revisions\/23013"}],"wp:featuredmedia":[{"embeddable":true,"href":"https:\/\/elfederalmendoza.com.ar\/index.php\/wp-json\/wp\/v2\/media\/23008"}],"wp:attachment":[{"href":"https:\/\/elfederalmendoza.com.ar\/index.php\/wp-json\/wp\/v2\/media?parent=22999"}],"wp:term":[{"taxonomy":"category","embeddable":true,"href":"https:\/\/elfederalmendoza.com.ar\/index.php\/wp-json\/wp\/v2\/categories?post=22999"},{"taxonomy":"post_tag","embeddable":true,"href":"https:\/\/elfederalmendoza.com.ar\/index.php\/wp-json\/wp\/v2\/tags?post=22999"}],"curies":[{"name":"wp","href":"https:\/\/api.w.org\/{rel}","templated":true}]}}