{"id":23002,"date":"2023-05-20T12:54:44","date_gmt":"2023-05-20T15:54:44","guid":{"rendered":"https:\/\/elfederalmendoza.com\/?p=23002"},"modified":"2023-05-20T12:54:45","modified_gmt":"2023-05-20T15:54:45","slug":"buscan-a-un-cobarde-que-huyo-tras-atropellar-a-una-mujer-en-la-rotonda-del-avion-en-las-heras","status":"publish","type":"post","link":"https:\/\/elfederalmendoza.com.ar\/index.php\/2023\/05\/20\/buscan-a-un-cobarde-que-huyo-tras-atropellar-a-una-mujer-en-la-rotonda-del-avion-en-las-heras\/","title":{"rendered":"Buscan a un cobarde que huy\u00f3 tras atropellar a una mujer en la Rotonda del Avi\u00f3n, en Las Heras"},"content":{"rendered":"\n<p>Una mujer fue&nbsp;<strong>atropellada&nbsp;<\/strong>por un autom\u00f3vil cuando caminaba por la&nbsp;<strong>Rotonda del Avi\u00f3n<\/strong>, en&nbsp;<strong>Las Heras<\/strong>, y qued\u00f3 tendida en el asfalto con importantes lesiones en la cabeza. El conductor del veh\u00edculo, lejos de quedarse a asistir a la v\u00edctima, se fug\u00f3 del lugar.<\/p>\n\n\n\n<p>Testigos del hecho indicaron que el autor de la colisi\u00f3n (del que no se conoce su identidad) manejaba un veh\u00edculo VW Gol de color gris, con vidrios polarizados, que por estas horas est\u00e1 siendo intensamente buscado por la polic\u00eda.<\/p>\n\n\n\n<p>La damnificada, identificada como Carina Soledad Garc\u00eda, de 43 a\u00f1os, fue diagnosticada con politraumatismo craneano, con p\u00e9rdida de conocimiento y profundo corte en el cuero cabelludo. Fue trasladada a la guardia del Hospital Central, donde fue asistida y la profesional que la atendi\u00f3 aclar\u00f3 que la mujer atropellada estaba fuera de peligro.<\/p>\n\n\n\n<p>En el caso intervino la oficina fiscal 6 de la Comisar\u00eda 36, de Las Heras.<\/p>\n\n\n\n<p><em>Fuente: Diario Mendoza<\/em><\/p>\n","protected":false},"excerpt":{"rendered":"<p>Una mujer fue&nbsp;atropellada&nbsp;por un autom\u00f3vil cuando caminaba por la&nbsp;Rotonda del Avi\u00f3n, en&nbsp;Las Heras, y qued\u00f3 tendida en el asfalto con importantes lesiones en la cabeza. El conductor del veh\u00edculo, lejos de quedarse a asistir a la v\u00edctima, se fug\u00f3 del lugar. Testigos del hecho indicaron que el autor de la colisi\u00f3n (del que no se<a class=\"read-more\" href=\"https:\/\/elfederalmendoza.com.ar\/index.php\/2023\/05\/20\/buscan-a-un-cobarde-que-huyo-tras-atropellar-a-una-mujer-en-la-rotonda-del-avion-en-las-heras\/\"> [&hellip;]<\/a><\/p>\n","protected":false},"author":2,"featured_media":23004,"comment_status":"open","ping_status":"open","sticky":false,"template":"","format":"standard","meta":{"footnotes":""},"categories":[1],"tags":[],"class_list":["post-23002","post","type-post","status-publish","format-standard","has-post-thumbnail","hentry","category-mza"],"rttpg_featured_image_url":{"full":["https:\/\/elfederalmendoza.com.ar\/wp-content\/uploads\/2023\/05\/maxresdefault.jpg",1280,720,false],"landscape":["https:\/\/elfederalmendoza.com.ar\/wp-content\/uploads\/2023\/05\/maxresdefault.jpg",1280,720,false],"portraits":["https:\/\/elfederalmendoza.com.ar\/wp-content\/uploads\/2023\/05\/maxresdefault.jpg",1280,720,false],"thumbnail":["https:\/\/elfederalmendoza.com.ar\/wp-content\/uploads\/2023\/05\/maxresdefault-150x150.jpg",150,150,true],"medium":["https:\/\/elfederalmendoza.com.ar\/wp-content\/uploads\/2023\/05\/maxresdefault-300x169.jpg",300,169,true],"large":["https:\/\/elfederalmendoza.com.ar\/wp-content\/uploads\/2023\/05\/maxresdefault-1024x576.jpg",640,360,true],"1536x1536":["https:\/\/elfederalmendoza.com.ar\/wp-content\/uploads\/2023\/05\/maxresdefault.jpg",1280,720,false],"2048x2048":["https:\/\/elfederalmendoza.com.ar\/wp-content\/uploads\/2023\/05\/maxresdefault.jpg",1280,720,false],"ultp_layout_landscape_large":["https:\/\/elfederalmendoza.com.ar\/wp-content\/uploads\/2023\/05\/maxresdefault-1200x720.jpg",1200,720,true],"ultp_layout_landscape":["https:\/\/elfederalmendoza.com.ar\/wp-content\/uploads\/2023\/05\/maxresdefault-870x570.jpg",870,570,true],"ultp_layout_portrait":["https:\/\/elfederalmendoza.com.ar\/wp-content\/uploads\/2023\/05\/maxresdefault-600x720.jpg",600,720,true],"ultp_layout_square":["https:\/\/elfederalmendoza.com.ar\/wp-content\/uploads\/2023\/05\/maxresdefault-600x600.jpg",600,600,true],"rpwe-thumbnail":["https:\/\/elfederalmendoza.com.ar\/wp-content\/uploads\/2023\/05\/maxresdefault-45x45.jpg",45,45,true],"advps-thumb-one":["https:\/\/elfederalmendoza.com.ar\/wp-content\/uploads\/2023\/05\/maxresdefault-1200x420.jpg",1200,420,true]},"rttpg_author":{"display_name":"Redacci\u00f3n El Federal","author_link":"https:\/\/elfederalmendoza.com.ar\/index.php\/author\/angelflores\/"},"rttpg_comment":0,"rttpg_category":"<a href=\"https:\/\/elfederalmendoza.com.ar\/index.php\/category\/mza\/\" rel=\"category tag\">Mendoza<\/a>","rttpg_excerpt":"Una mujer fue&nbsp;atropellada&nbsp;por un autom\u00f3vil cuando caminaba por la&nbsp;Rotonda del Avi\u00f3n, en&nbsp;Las Heras, y qued\u00f3 tendida en el asfalto con importantes lesiones en la cabeza. El conductor del veh\u00edculo, lejos de quedarse a asistir a la v\u00edctima, se fug\u00f3 del lugar. Testigos del hecho indicaron que el autor de la colisi\u00f3n (del que no se&hellip;","_links":{"self":[{"href":"https:\/\/elfederalmendoza.com.ar\/index.php\/wp-json\/wp\/v2\/posts\/23002","targetHints":{"allow":["GET"]}}],"collection":[{"href":"https:\/\/elfederalmendoza.com.ar\/index.php\/wp-json\/wp\/v2\/posts"}],"about":[{"href":"https:\/\/elfederalmendoza.com.ar\/index.php\/wp-json\/wp\/v2\/types\/post"}],"author":[{"embeddable":true,"href":"https:\/\/elfederalmendoza.com.ar\/index.php\/wp-json\/wp\/v2\/users\/2"}],"replies":[{"embeddable":true,"href":"https:\/\/elfederalmendoza.com.ar\/index.php\/wp-json\/wp\/v2\/comments?post=23002"}],"version-history":[{"count":1,"href":"https:\/\/elfederalmendoza.com.ar\/index.php\/wp-json\/wp\/v2\/posts\/23002\/revisions"}],"predecessor-version":[{"id":23005,"href":"https:\/\/elfederalmendoza.com.ar\/index.php\/wp-json\/wp\/v2\/posts\/23002\/revisions\/23005"}],"wp:featuredmedia":[{"embeddable":true,"href":"https:\/\/elfederalmendoza.com.ar\/index.php\/wp-json\/wp\/v2\/media\/23004"}],"wp:attachment":[{"href":"https:\/\/elfederalmendoza.com.ar\/index.php\/wp-json\/wp\/v2\/media?parent=23002"}],"wp:term":[{"taxonomy":"category","embeddable":true,"href":"https:\/\/elfederalmendoza.com.ar\/index.php\/wp-json\/wp\/v2\/categories?post=23002"},{"taxonomy":"post_tag","embeddable":true,"href":"https:\/\/elfederalmendoza.com.ar\/index.php\/wp-json\/wp\/v2\/tags?post=23002"}],"curies":[{"name":"wp","href":"https:\/\/api.w.org\/{rel}","templated":true}]}}