{"id":23014,"date":"2023-05-22T08:57:53","date_gmt":"2023-05-22T11:57:53","guid":{"rendered":"https:\/\/elfederalmendoza.com\/?p=23014"},"modified":"2023-05-22T08:57:54","modified_gmt":"2023-05-22T11:57:54","slug":"la-otra-cara-de-la-pobreza-millones-de-personas-no-tienen-acceso-a-la-red-de-gas-cloacas-y-vivienda-completa","status":"publish","type":"post","link":"https:\/\/elfederalmendoza.com.ar\/index.php\/2023\/05\/22\/la-otra-cara-de-la-pobreza-millones-de-personas-no-tienen-acceso-a-la-red-de-gas-cloacas-y-vivienda-completa\/","title":{"rendered":"La otra cara de la pobreza: millones de personas no tienen acceso a la red de gas, cloacas y vivienda completa"},"content":{"rendered":"\n<p>La pobreza por ingreso crece sostenidamente, al ritmo que se acelera la inflaci\u00f3n y decae la actividad econ\u00f3mica. Es un indicador que se puede mensurar cada mes a partir de los datos del Indec de valuaci\u00f3n de la canasta b\u00e1sica de alimentos, que determina el umbral de indigencia y de la canasta total que agrega servicios esenciales, la cual comparada con el ingreso medio de la poblaci\u00f3n define el l\u00edmite de pobreza.<\/p>\n\n\n\n<p>Pero, tambi\u00e9n aumenta la \u201c<strong>pobreza multidimensional<\/strong>\u201d que surge de considerar&nbsp;<strong>las condiciones de vida<\/strong>&nbsp;de los hogares y familias que depende principalmente de la obra p\u00fablica nacional, provincial y municipal, como es el caso del acceso a la infraestructura de la red p\u00fablica de agua corriente y cloacas; gas natural, insuficiencia en la calidad y terminaci\u00f3n b\u00e1sica de la vivienda en la que habita; falta de ba\u00f1o con descarga y dentro del inmueble; ubicaci\u00f3n en zona inundable; as\u00ed como la cercan\u00eda a basurales, entre otros, que el Indec releva semestralmente.<\/p>\n\n\n\n<p>Pese a que\u00a0muchos Estados provinciales y municipales registran super\u00e1vit fiscal y holgura financiera\u00a0que les permite hacer colocaciones de dinero a plazo fijo hasta un a\u00f1o de plazo, en el total nacional se estima que en la era de la inteligencia artificial y del Wifi 6 que anunci\u00f3 el ministro de Econom\u00eda,\u00a0<strong>Sergio Massa<\/strong>, para \u201cmejorar la conectividad en todo el pa\u00eds\u201d, se estima que m\u00e1s de 23 millones de personas, sobre un total de poco m\u00e1s de 46 millones de habitantes, aun no tienen acceso a alguno de los servicios p\u00fablicos de red, y no parece estar entre las preocupaciones de los m\u00e1ximos referentes de la pol\u00edtica nacional, provincial y municipal que aspiran a cargos ejecutivos en esos Estados.<\/p>\n\n\n\n<p>Destaca el Indec: \u201cEl acceso de los hogares a los servicios p\u00fablicos b\u00e1sicos (agua, cloacas, gas natural) depende, en primer lugar, de la existencia de estas redes en las inmediaciones de la vivienda y, en segundo lugar, de que se hayan realizado las conexiones domiciliarias correspondientes\u201d, en un caso&nbsp;<strong>es responsabilidad del Estado llegar con la obra a toda la poblaci\u00f3n<\/strong>, y en el otro de la capacidad de las&nbsp;<strong>personas de contar con los recursos monetarios y fuentes de financiamiento<\/strong>&nbsp;para completar la instalaci\u00f3n domiciliaria.<\/p>\n\n\n\n<blockquote class=\"wp-block-quote is-layout-flow wp-block-quote-is-layout-flow\">\n<p>Se estima que m\u00e1s de 23 millones de personas, sobre un total de poco m\u00e1s de 46 millones de habitantes, aun no tienen acceso a alguno de los servicios p\u00fablicos de red<\/p>\n<\/blockquote>\n\n\n\n<p>Asimismo, la Encuesta Permanente de Hogares en 31 aglomerados urbanos arroj\u00f3 que \u201ca fines de 2022 hab\u00eda 12,5% de los hogares (donde habita el 14,9% de las personas) que presentaban condiciones de saneamiento inadecuadas\u201d, esto es que ten\u00edan al menos una de las siguientes caracter\u00edsticas:&nbsp;<strong>a) no poseen ba\u00f1o, b) poseen el ba\u00f1o fuera del terreno, c) comparten el ba\u00f1o con otros hogares, d) el desag\u00fce del ba\u00f1o no est\u00e1 conectado a la red p\u00fablica (cloaca)<\/strong>&nbsp;ni tampoco a c\u00e1mara s\u00e9ptica, o e) el ba\u00f1o no tiene descarga de agua.<\/p>\n\n\n\n<p>La extrapolaci\u00f3n de esa proporci\u00f3n al total de la poblaci\u00f3n determin\u00f3 que no s\u00f3lo casi 7 millones de personas viven en esas condiciones, sino que adem\u00e1s aument\u00f3 en m\u00e1s de 800 mil en el \u00faltimo a\u00f1o, pese a la apreciable reactivaci\u00f3n de la actividad econ\u00f3mica y el sostenido incremento del gasto p\u00fablico, luego de la depresi\u00f3n del a\u00f1o previo que provoc\u00f3 el extenso Aislamiento Social Preventivo y Obligatorio del Covid 19 que dispuso el Gobierno.<\/p>\n\n\n\n<p>El informe del Indec precisa: \u201cEste indicador refiere al equipamiento sanitario m\u00ednimo para el desarrollo de ciertas funciones biol\u00f3gicas (eliminaci\u00f3n de las excretas) en condiciones saludables\u201d.<\/p>\n\n\n\n<p>El \u00faltimo relevamiento arroj\u00f3 que 5,8% de los hogares no posee ba\u00f1o con descarga de agua, lo cual implica al 7,5% de las personas. Esa proporci\u00f3n se eleva a 30,2% del total con carencia de conexi\u00f3n a las redes cloacales, unos 14 millones de habitantes, subi\u00f3 en poco m\u00e1s de 700 mil personas en el \u00faltimo a\u00f1o.<\/p>\n\n\n\n<p>Entre quienes no acceden a los desag\u00fces cloacales se encuentran aquellos que disponen de c\u00e1mara s\u00e9ptica y pozo ciego, solo de pozo ciego, de hoyo\/excavaci\u00f3n en la tierra, o quienes no poseen ba\u00f1o.<\/p>\n\n\n\n<blockquote class=\"wp-block-quote is-layout-flow wp-block-quote-is-layout-flow\">\n<p>La EPH registr\u00f3 que 8,2% de la poblaci\u00f3n habita en viviendas con una construcci\u00f3n insuficiente y otro 13,9% en condiciones parcialmente insuficiente<\/p>\n<\/blockquote>\n\n\n\n<p>Asimismo, la EPH registr\u00f3 que 8,2% de la poblaci\u00f3n habita en viviendas con una construcci\u00f3n insuficiente y otro 13,9% en condiciones \u201cparcialmente insuficiente\u201d, la cual proyectada al total pa\u00eds implica que\u00a0<strong>m\u00e1s de 10 millones de personas ocupan unidades con obras b\u00e1sicas pendientes<\/strong>, baj\u00f3 levemente en el semestre, pero aument\u00f3 en comparaci\u00f3n con el relevamiento del a\u00f1o previo.<\/p>\n\n\n\n<p><strong>El acceso a la red p\u00fablica de gas natural es otra asignatura pendiente para m\u00e1s de 36,3% de la poblaci\u00f3n de los 31 aglomerados urbanos<\/strong>&nbsp;relevados por el Indec, la cual extrapolada al total nacional significa aproximadamente 16,8 millones de personas, aument\u00f3 en 1,3 millones de habitantes desde el m\u00ednimo de 15,5 millones que hab\u00eda alcanzado en la primera mitad de 2020, en plena crisis sanitaria.<\/p>\n\n\n\n<h2 class=\"wp-block-heading\">Caracter\u00edsticas del h\u00e1bitat<\/h2>\n\n\n\n<p>La Encuesta Permanente de Hogares tambi\u00e9n construye indicadores que permiten caracterizar los hogares seg\u00fan la zona en la cual se encuentra ubicada la vivienda.<\/p>\n\n\n\n<p>Por un lado, se tiene en cuenta la cercan\u00eda a basurales, considerando una distancia de tres cuadras o menos, de donde habitualmente se arrojan residuos y desperdicios. En ese caso, el organismo oficial de estad\u00edstica detect\u00f3 que comprende a 4,8% de la poblaci\u00f3n relevada en 31 aglomerados urbanos, la cual proyectada al total pa\u00eds determina unas 2,2 millones de personas, 500 mil menos que un a\u00f1o antes.<\/p>\n\n\n\n<p>Por otro lado, se consideran las \u201cviviendas ubicadas en zonas inundables las \u00e1reas en las que, ya sea por lluvia o crecida, el agua llega al umbral de la puerta de entrada de la vivienda o de las viviendas que se encuentran a tres cuadras o menos de un arroyo, r\u00edo o laguna. Se consideran aquellos&nbsp;<strong>casos en los cuales haya habido inundaciones en los doce meses anteriores al momento de la encuesta\u201d, abarca a 7,7% de la poblaci\u00f3n, unas 3,6 millones de personas<\/strong>. Tambi\u00e9n acus\u00f3 disminuci\u00f3n constante desde el pico de 6,1 millones proyectado al total pa\u00eds en la primera mitad de 2020, cuando irrumpi\u00f3 la crisis sanitaria.<\/p>\n\n\n\n<p>Claramente, la mejora de las condiciones b\u00e1sicas de vida de la poblaci\u00f3n requiere no s\u00f3lo que se revierta el deterioro de la situaci\u00f3n macroecon\u00f3mica, y consecuentemente se recupere el ingreso de las familias en su conjunto, sino tambi\u00e9n que constituya una prioridad en los objetivos de los candidatos a ocupar cargos ejecutivos en los gobiernos nacional, provincial y municipal, explicitados primero en sus propuestas de campa\u00f1a, y luego en los presupuestos que remitan a las respectivas legislaturas quienes accedan a la administraci\u00f3n de esas jurisdicciones.<\/p>\n\n\n\n<p>Infobae<\/p>\n","protected":false},"excerpt":{"rendered":"<p>La pobreza por ingreso crece sostenidamente, al ritmo que se acelera la inflaci\u00f3n y decae la actividad econ\u00f3mica. Es un indicador que se puede mensurar cada mes a partir de los datos del Indec de valuaci\u00f3n de la canasta b\u00e1sica de alimentos, que determina el umbral de indigencia y de la canasta total que agrega<a class=\"read-more\" href=\"https:\/\/elfederalmendoza.com.ar\/index.php\/2023\/05\/22\/la-otra-cara-de-la-pobreza-millones-de-personas-no-tienen-acceso-a-la-red-de-gas-cloacas-y-vivienda-completa\/\"> [&hellip;]<\/a><\/p>\n","protected":false},"author":2,"featured_media":23016,"comment_status":"open","ping_status":"open","sticky":false,"template":"","format":"standard","meta":{"footnotes":""},"categories":[5618],"tags":[],"class_list":["post-23014","post","type-post","status-publish","format-standard","has-post-thumbnail","hentry","category-arg"],"rttpg_featured_image_url":{"full":["https:\/\/elfederalmendoza.com.ar\/wp-content\/uploads\/2023\/05\/pobreza-estuc.jpg",1000,589,false],"landscape":["https:\/\/elfederalmendoza.com.ar\/wp-content\/uploads\/2023\/05\/pobreza-estuc.jpg",1000,589,false],"portraits":["https:\/\/elfederalmendoza.com.ar\/wp-content\/uploads\/2023\/05\/pobreza-estuc.jpg",1000,589,false],"thumbnail":["https:\/\/elfederalmendoza.com.ar\/wp-content\/uploads\/2023\/05\/pobreza-estuc-150x150.jpg",150,150,true],"medium":["https:\/\/elfederalmendoza.com.ar\/wp-content\/uploads\/2023\/05\/pobreza-estuc-300x177.jpg",300,177,true],"large":["https:\/\/elfederalmendoza.com.ar\/wp-content\/uploads\/2023\/05\/pobreza-estuc.jpg",640,377,false],"1536x1536":["https:\/\/elfederalmendoza.com.ar\/wp-content\/uploads\/2023\/05\/pobreza-estuc.jpg",1000,589,false],"2048x2048":["https:\/\/elfederalmendoza.com.ar\/wp-content\/uploads\/2023\/05\/pobreza-estuc.jpg",1000,589,false],"ultp_layout_landscape_large":["https:\/\/elfederalmendoza.com.ar\/wp-content\/uploads\/2023\/05\/pobreza-estuc.jpg",1000,589,false],"ultp_layout_landscape":["https:\/\/elfederalmendoza.com.ar\/wp-content\/uploads\/2023\/05\/pobreza-estuc-870x570.jpg",870,570,true],"ultp_layout_portrait":["https:\/\/elfederalmendoza.com.ar\/wp-content\/uploads\/2023\/05\/pobreza-estuc-600x589.jpg",600,589,true],"ultp_layout_square":["https:\/\/elfederalmendoza.com.ar\/wp-content\/uploads\/2023\/05\/pobreza-estuc-600x589.jpg",600,589,true],"rpwe-thumbnail":["https:\/\/elfederalmendoza.com.ar\/wp-content\/uploads\/2023\/05\/pobreza-estuc-45x45.jpg",45,45,true],"advps-thumb-one":["https:\/\/elfederalmendoza.com.ar\/wp-content\/uploads\/2023\/05\/pobreza-estuc-1000x420.jpg",1000,420,true]},"rttpg_author":{"display_name":"Redacci\u00f3n El Federal","author_link":"https:\/\/elfederalmendoza.com.ar\/index.php\/author\/angelflores\/"},"rttpg_comment":0,"rttpg_category":"<a href=\"https:\/\/elfederalmendoza.com.ar\/index.php\/category\/arg\/\" rel=\"category tag\">Argentina<\/a>","rttpg_excerpt":"La pobreza por ingreso crece sostenidamente, al ritmo que se acelera la inflaci\u00f3n y decae la actividad econ\u00f3mica. Es un indicador que se puede mensurar cada mes a partir de los datos del Indec de valuaci\u00f3n de la canasta b\u00e1sica de alimentos, que determina el umbral de indigencia y de la canasta total que agrega&hellip;","_links":{"self":[{"href":"https:\/\/elfederalmendoza.com.ar\/index.php\/wp-json\/wp\/v2\/posts\/23014","targetHints":{"allow":["GET"]}}],"collection":[{"href":"https:\/\/elfederalmendoza.com.ar\/index.php\/wp-json\/wp\/v2\/posts"}],"about":[{"href":"https:\/\/elfederalmendoza.com.ar\/index.php\/wp-json\/wp\/v2\/types\/post"}],"author":[{"embeddable":true,"href":"https:\/\/elfederalmendoza.com.ar\/index.php\/wp-json\/wp\/v2\/users\/2"}],"replies":[{"embeddable":true,"href":"https:\/\/elfederalmendoza.com.ar\/index.php\/wp-json\/wp\/v2\/comments?post=23014"}],"version-history":[{"count":1,"href":"https:\/\/elfederalmendoza.com.ar\/index.php\/wp-json\/wp\/v2\/posts\/23014\/revisions"}],"predecessor-version":[{"id":23017,"href":"https:\/\/elfederalmendoza.com.ar\/index.php\/wp-json\/wp\/v2\/posts\/23014\/revisions\/23017"}],"wp:featuredmedia":[{"embeddable":true,"href":"https:\/\/elfederalmendoza.com.ar\/index.php\/wp-json\/wp\/v2\/media\/23016"}],"wp:attachment":[{"href":"https:\/\/elfederalmendoza.com.ar\/index.php\/wp-json\/wp\/v2\/media?parent=23014"}],"wp:term":[{"taxonomy":"category","embeddable":true,"href":"https:\/\/elfederalmendoza.com.ar\/index.php\/wp-json\/wp\/v2\/categories?post=23014"},{"taxonomy":"post_tag","embeddable":true,"href":"https:\/\/elfederalmendoza.com.ar\/index.php\/wp-json\/wp\/v2\/tags?post=23014"}],"curies":[{"name":"wp","href":"https:\/\/api.w.org\/{rel}","templated":true}]}}