{"id":23020,"date":"2023-05-22T09:15:19","date_gmt":"2023-05-22T12:15:19","guid":{"rendered":"https:\/\/elfederalmendoza.com\/?p=23020"},"modified":"2023-05-22T09:15:20","modified_gmt":"2023-05-22T12:15:20","slug":"la-querian-ver-callada-el-mensaje-de-los-hijos-de-la-periodista-hallada-muerta-en-corrientes","status":"publish","type":"post","link":"https:\/\/elfederalmendoza.com.ar\/index.php\/2023\/05\/22\/la-querian-ver-callada-el-mensaje-de-los-hijos-de-la-periodista-hallada-muerta-en-corrientes\/","title":{"rendered":"\u201cLa quer\u00edan ver callada\u201d: el mensaje de los hijos de la periodista hallada muerta en Corrientes"},"content":{"rendered":"\n<p>La comunidad correntina no sale de la conmoci\u00f3n tras la<strong>\u00a0muerte de\u00a0<\/strong><a href=\"https:\/\/tn.com.ar\/policiales\/2023\/05\/21\/encontraron-muerta-a-una-periodista-de-corrientes-habia-recibido-amenazas-e-investigan-si-fue-un-crimen\/\" target=\"_blank\" rel=\"noreferrer noopener\"><strong>Griselda Blanco<\/strong><\/a><strong>,<\/strong>\u00a0la periodista que fue hallada sin vida en su casa de\u00a0<strong>Curuz\u00fa Cuati\u00e1.\u00a0<\/strong>Luego de que se conociera la triste noticia, los hijos de la mujer postearon un desgarrador mensaje en el que pidieron que se investigue y reclamaron\u00a0<strong>justicia<\/strong>\u00a0por su madre.<\/p>\n\n\n\n<p>\u201c<strong>Nuestra madre no se suicid\u00f3, a nuestra madre la mataron.&nbsp;<\/strong>Ella dec\u00eda verdades que nadie se animaba a decir.&nbsp;<strong>La quer\u00edan ver callada y no pudieron\u201d<\/strong>, comienza el posteo en Facebook.<\/p>\n\n\n\n<p>En esa l\u00ednea, expresaron: \u201cHoy fue nuestra madre y ma\u00f1ana puede ser cualquier persona de esta ciudad.\u00a0<strong>Todo va a salir a la luz.\u00a0<\/strong>Pedimos justicia porque es lo que ella hubiese querido y lo que se merece.\u00a0<strong>JUSTICIA POR GRISELDA BLANCO\u201d.<\/strong><\/p>\n\n\n<div class=\"wp-block-image\">\n<figure class=\"aligncenter size-large\"><img loading=\"lazy\" decoding=\"async\" width=\"1004\" height=\"1024\" src=\"https:\/\/elfederalmendoza.com\/wp-content\/uploads\/2023\/05\/image-6-1004x1024.png\" alt=\"\" class=\"wp-image-23021\" srcset=\"https:\/\/elfederalmendoza.com.ar\/wp-content\/uploads\/2023\/05\/image-6-1004x1024.png 1004w, https:\/\/elfederalmendoza.com.ar\/wp-content\/uploads\/2023\/05\/image-6-294x300.png 294w, https:\/\/elfederalmendoza.com.ar\/wp-content\/uploads\/2023\/05\/image-6-768x783.png 768w, https:\/\/elfederalmendoza.com.ar\/wp-content\/uploads\/2023\/05\/image-6-45x45.png 45w, https:\/\/elfederalmendoza.com.ar\/wp-content\/uploads\/2023\/05\/image-6.png 1440w\" sizes=\"auto, (max-width: 1004px) 100vw, 1004px\" \/><\/figure><\/div>\n\n\n<p>La publicaci\u00f3n se colm\u00f3 de comentarios de apoyo y condolencias a la familia: \u201cS\u00f3lo le pido a ustedes chicos, que son sus hijos,&nbsp;<strong>no dejen que esto quede en el olvido.<\/strong>&nbsp;Hagan todos los que est\u00e9 a su alcance para que se haga justicia\u201d.<\/p>\n\n\n\n<p>\u201cGriselda ten\u00eda un gran coraz\u00f3n,<strong>&nbsp;no le hac\u00eda da\u00f1o a nadie.<\/strong>&nbsp;Solo informaba cosas que, como ciudadanos, tenemos derecho a saber y los del \u2018poder\u2019 tapan todo\u201d, escribi\u00f3 una conocida.<\/p>\n\n\n\n<p>En ese contexto, varias personas insisten con la hip\u00f3tesis de que se trat\u00f3 de un homicidio en manos de la \u201cmafia\u201d: \u201cTodos sabemos que\u00a0<strong>la quer\u00edan callar por decir verdades que nadie jam\u00e1s quer\u00eda que salgan a la luz\u201d.<\/strong><\/p>\n\n\n\n<p><strong>\u201cMuchos tienen el cul* sucio<\/strong>&nbsp;y era la \u00fanica que estaba destapando la mier** en la que vivimos\u201d, coment\u00f3 otro vecino y agregaron: \u201c<strong>No pueden imperar las mafias<\/strong>&nbsp;en nuestro querido pueblo\u201d.<\/p>\n\n\n\n<p>Familiares, amigos y vecinos convocaron a una marcha para este lunes a las 17 en la Plaza General Belgrano, en Corrientes, \u201cpor Griselda y por todos los que quisieron callar\u201d.<\/p>\n\n\n\n<h2 class=\"wp-block-heading\">Qu\u00e9 se sabe de la muerte de la periodista Griselda Blanca<\/h2>\n\n\n\n<p>La periodista correntina fue encontrada muerta en su casa durante la tarde del s\u00e1bado en la ciudad de\u00a0<strong>Curuz\u00fa Cuati\u00e1.<\/strong>\u00a0Su cuerpo habr\u00eda aparecido colgado, con signos de tortura y rastros de sangre en el piso.<\/p>\n\n\n\n<p>El presunto crimen ocurri\u00f3 en condiciones que todav\u00eda se tratan de establecer. La mujer hab\u00eda denunciado un caso de<strong>\u00a0mala praxis<\/strong>\u00a0en un hospital provincial durante las \u00faltimas semanas.<\/p>\n\n\n\n<p>Durante la madrugada del s\u00e1bado, pasadas las 2 de la ma\u00f1ana, Blanco hab\u00eda hecho una publicaci\u00f3n en referencia al caso de<strong>&nbsp;D\u00e9bora Serrano<\/strong>. La periodista denunciaba que su amiga hab\u00eda sufrido mala praxis en el Hospital Civil Fernando Irastroza de Curuz\u00fa Cuati\u00e1.<\/p>\n\n\n\n<p>Incluso, el viernes por la noche -apenas unas horas antes de que apareciera muerta en su casa- realiz\u00f3 un video en vivo a trav\u00e9s de su cuenta de Facebook en el que&nbsp;<strong>cont\u00f3 detalles sobre el caso de D\u00e9bora Serrano<\/strong>&nbsp;y realiz\u00f3 fuertes denuncias contra el personal m\u00e9dico.<\/p>\n\n\n\n<p>\u201cJusticia por D\u00e9bora Serrano. Muri\u00f3 en el hospital civil de Curuz\u00fa Cuati\u00e1 por mala praxis,<strong>\u00a0los culpables que vayan presos, inclusive los directores del hospital.<\/strong>\u00a0Juntos, unidos, todo el pueblo en busca de justicia y haremos una protesta fuera del hospital de la muerte. Si te sumas, comunicate. Todos por D\u00e9bora Serrano\u201d, fue la \u00faltima publicaci\u00f3n que hizo.<\/p>\n\n\n\n<p>Seg\u00fan inform\u00f3 el medio local&nbsp;<em>El Litoral<\/em>, colegas cercanos a la Comunicadora Social y conductora de programas de radio indicaron que&nbsp;<strong>hab\u00eda recibido fuertes amenazas durante los \u00faltimos d\u00edas.<\/strong>&nbsp;Por su parte, el canal 6 de Posadas se\u00f1al\u00f3 que Blanco&nbsp;<strong>\u201cten\u00eda roces con las autoridades policiales de la ciudad\u201d.<\/strong><\/p>\n\n\n\n<p>Los investigadores trabajan para establecer si el hecho de que el cuerpo apareciera colgado de una soga se trat\u00f3 de una escena montada -es la hip\u00f3tesis principal que manejan- y, en ese caso,&nbsp;<strong>confirmar c\u00f3mo fue la mec\u00e1nica del presunto homicidio.<\/strong><\/p>\n","protected":false},"excerpt":{"rendered":"<p>La comunidad correntina no sale de la conmoci\u00f3n tras la\u00a0muerte de\u00a0Griselda Blanco,\u00a0la periodista que fue hallada sin vida en su casa de\u00a0Curuz\u00fa Cuati\u00e1.\u00a0Luego de que se conociera la triste noticia, los hijos de la mujer postearon un desgarrador mensaje en el que pidieron que se investigue y reclamaron\u00a0justicia\u00a0por su madre. \u201cNuestra madre no se suicid\u00f3,<a class=\"read-more\" href=\"https:\/\/elfederalmendoza.com.ar\/index.php\/2023\/05\/22\/la-querian-ver-callada-el-mensaje-de-los-hijos-de-la-periodista-hallada-muerta-en-corrientes\/\"> [&hellip;]<\/a><\/p>\n","protected":false},"author":2,"featured_media":23023,"comment_status":"open","ping_status":"open","sticky":false,"template":"","format":"standard","meta":{"footnotes":""},"categories":[5618],"tags":[],"class_list":["post-23020","post","type-post","status-publish","format-standard","has-post-thumbnail","hentry","category-arg"],"rttpg_featured_image_url":{"full":["https:\/\/elfederalmendoza.com.ar\/wp-content\/uploads\/2023\/05\/periodista-corrientes-crimen-1.jpg",1920,1080,false],"landscape":["https:\/\/elfederalmendoza.com.ar\/wp-content\/uploads\/2023\/05\/periodista-corrientes-crimen-1.jpg",1920,1080,false],"portraits":["https:\/\/elfederalmendoza.com.ar\/wp-content\/uploads\/2023\/05\/periodista-corrientes-crimen-1.jpg",1920,1080,false],"thumbnail":["https:\/\/elfederalmendoza.com.ar\/wp-content\/uploads\/2023\/05\/periodista-corrientes-crimen-1-150x150.jpg",150,150,true],"medium":["https:\/\/elfederalmendoza.com.ar\/wp-content\/uploads\/2023\/05\/periodista-corrientes-crimen-1-300x169.jpg",300,169,true],"large":["https:\/\/elfederalmendoza.com.ar\/wp-content\/uploads\/2023\/05\/periodista-corrientes-crimen-1-1024x576.jpg",640,360,true],"1536x1536":["https:\/\/elfederalmendoza.com.ar\/wp-content\/uploads\/2023\/05\/periodista-corrientes-crimen-1-1536x864.jpg",1536,864,true],"2048x2048":["https:\/\/elfederalmendoza.com.ar\/wp-content\/uploads\/2023\/05\/periodista-corrientes-crimen-1.jpg",1920,1080,false],"ultp_layout_landscape_large":["https:\/\/elfederalmendoza.com.ar\/wp-content\/uploads\/2023\/05\/periodista-corrientes-crimen-1-1200x800.jpg",1200,800,true],"ultp_layout_landscape":["https:\/\/elfederalmendoza.com.ar\/wp-content\/uploads\/2023\/05\/periodista-corrientes-crimen-1-870x570.jpg",870,570,true],"ultp_layout_portrait":["https:\/\/elfederalmendoza.com.ar\/wp-content\/uploads\/2023\/05\/periodista-corrientes-crimen-1-600x900.jpg",600,900,true],"ultp_layout_square":["https:\/\/elfederalmendoza.com.ar\/wp-content\/uploads\/2023\/05\/periodista-corrientes-crimen-1-600x600.jpg",600,600,true],"rpwe-thumbnail":["https:\/\/elfederalmendoza.com.ar\/wp-content\/uploads\/2023\/05\/periodista-corrientes-crimen-1-45x45.jpg",45,45,true],"advps-thumb-one":["https:\/\/elfederalmendoza.com.ar\/wp-content\/uploads\/2023\/05\/periodista-corrientes-crimen-1-1200x420.jpg",1200,420,true]},"rttpg_author":{"display_name":"Redacci\u00f3n El Federal","author_link":"https:\/\/elfederalmendoza.com.ar\/index.php\/author\/angelflores\/"},"rttpg_comment":0,"rttpg_category":"<a href=\"https:\/\/elfederalmendoza.com.ar\/index.php\/category\/arg\/\" rel=\"category tag\">Argentina<\/a>","rttpg_excerpt":"La comunidad correntina no sale de la conmoci\u00f3n tras la\u00a0muerte de\u00a0Griselda Blanco,\u00a0la periodista que fue hallada sin vida en su casa de\u00a0Curuz\u00fa Cuati\u00e1.\u00a0Luego de que se conociera la triste noticia, los hijos de la mujer postearon un desgarrador mensaje en el que pidieron que se investigue y reclamaron\u00a0justicia\u00a0por su madre. \u201cNuestra madre no se suicid\u00f3,&hellip;","_links":{"self":[{"href":"https:\/\/elfederalmendoza.com.ar\/index.php\/wp-json\/wp\/v2\/posts\/23020","targetHints":{"allow":["GET"]}}],"collection":[{"href":"https:\/\/elfederalmendoza.com.ar\/index.php\/wp-json\/wp\/v2\/posts"}],"about":[{"href":"https:\/\/elfederalmendoza.com.ar\/index.php\/wp-json\/wp\/v2\/types\/post"}],"author":[{"embeddable":true,"href":"https:\/\/elfederalmendoza.com.ar\/index.php\/wp-json\/wp\/v2\/users\/2"}],"replies":[{"embeddable":true,"href":"https:\/\/elfederalmendoza.com.ar\/index.php\/wp-json\/wp\/v2\/comments?post=23020"}],"version-history":[{"count":1,"href":"https:\/\/elfederalmendoza.com.ar\/index.php\/wp-json\/wp\/v2\/posts\/23020\/revisions"}],"predecessor-version":[{"id":23024,"href":"https:\/\/elfederalmendoza.com.ar\/index.php\/wp-json\/wp\/v2\/posts\/23020\/revisions\/23024"}],"wp:featuredmedia":[{"embeddable":true,"href":"https:\/\/elfederalmendoza.com.ar\/index.php\/wp-json\/wp\/v2\/media\/23023"}],"wp:attachment":[{"href":"https:\/\/elfederalmendoza.com.ar\/index.php\/wp-json\/wp\/v2\/media?parent=23020"}],"wp:term":[{"taxonomy":"category","embeddable":true,"href":"https:\/\/elfederalmendoza.com.ar\/index.php\/wp-json\/wp\/v2\/categories?post=23020"},{"taxonomy":"post_tag","embeddable":true,"href":"https:\/\/elfederalmendoza.com.ar\/index.php\/wp-json\/wp\/v2\/tags?post=23020"}],"curies":[{"name":"wp","href":"https:\/\/api.w.org\/{rel}","templated":true}]}}