{"id":23027,"date":"2023-05-22T09:40:42","date_gmt":"2023-05-22T12:40:42","guid":{"rendered":"https:\/\/elfederalmendoza.com\/?p=23027"},"modified":"2023-05-22T09:40:57","modified_gmt":"2023-05-22T12:40:57","slug":"un-crimen-sin-cadaver-seguira-detenida-la-pareja-acusada-por-la-desaparicion-de-silvia-chavez-en-san-rafael","status":"publish","type":"post","link":"https:\/\/elfederalmendoza.com.ar\/index.php\/2023\/05\/22\/un-crimen-sin-cadaver-seguira-detenida-la-pareja-acusada-por-la-desaparicion-de-silvia-chavez-en-san-rafael\/","title":{"rendered":"Un crimen sin cad\u00e1ver: seguir\u00e1 detenida la pareja acusada por la desaparici\u00f3n de Silvia Ch\u00e1vez en San Rafael"},"content":{"rendered":"\n<p>La desaparici\u00f3n de\u00a0<strong>Silvia Zulema Ch\u00e1vez (72)\u00a0<\/strong>debe ser uno de los casos\u00a0<strong>m\u00e1s dif\u00edciles de investigar<\/strong>\u00a0en los \u00faltimos a\u00f1os en el Sur provincial. Pese a que\u00a0<strong>nunca se ha encontrado el cad\u00e1ver<\/strong>, la Fiscal\u00eda sostiene que se trat\u00f3 de un\u00a0<strong>crimen en San Rafael\u00a0<\/strong>y apunt\u00f3 contra una pareja, sobre quienes pesa la prisi\u00f3n preventiva.<\/p>\n\n\n\n<p>El viernes \u00faltimo, el\u00a0<strong>juez Claudio Gil consider\u00f3 que hay pruebas suficientes para que contin\u00fae detenida Gabriela Carina Dom\u00ednguez (49)<\/strong>, la segunda imputada bajo la calificaci\u00f3n de\u00a0<strong>homicidio simple.<\/strong>\u00a0Debido a una afecci\u00f3n que tiene en una de sus piernas, la mujer estar\u00e1 con\u00a0<strong>arresto domiciliario<\/strong>\u00a0y no en la penitenciar\u00eda, tal como ocurre con su pareja y presunto c\u00f3mplice\u00a0<strong>Mauricio Gonzalo Albornoz<\/strong>\u00a0(37).<\/p>\n\n\n\n<h2 class=\"wp-block-heading\">Los ruidos molestos y un posible desenlace violento<\/h2>\n\n\n\n<p>La teor\u00eda de la fiscal Paula Arana es que<strong>&nbsp;los sospechosos decidieron ultimar a la enfermera jubilada ya que les hab\u00eda pedido que desalojen el departamento que les alquilaba en el fondo de su propiedad debido a constantes ruidos molestos.<\/strong><\/p>\n\n\n\n<p>La investigadora judicial enumer\u00f3 una serie de evidencias contra Gabriela Dom\u00ednguez para solicitar la prisi\u00f3n preventiva. Por un lado, un informe tecnol\u00f3gico arroj\u00f3 que<strong>&nbsp;el 20 de julio pasado -posible d\u00eda del crimen en San Rafael- su tel\u00e9fono celular estuvo gran parte de la jornada en el domicilio de la v\u00edctima.<\/strong><\/p>\n\n\n\n<p>Adem\u00e1s, semanas despu\u00e9s de la desaparici\u00f3n la mujer se mud\u00f3 a otro lugar donde&nbsp;<strong>llev\u00f3 unos frascos de conservas y una pileta de lona que le habr\u00eda sustra\u00eddo a Silvia Ch\u00e1vez tras el asesinato.<\/strong>&nbsp;Incluso las hijas de la sospechosa declararon que desconoc\u00edan de qu\u00e9 forma hab\u00eda adquirido la pileta.<\/p>\n\n\n\n<p>Por \u00faltimo, testigos refirieron que en una ocasi\u00f3n Mauricio Albornoz golpe\u00f3 a una de las hijas de Gabriela Dom\u00ednguez y<strong>&nbsp;ella no intercedi\u00f3 en la situaci\u00f3n<\/strong>, lo que para la Fiscal\u00eda evidencia su actitud sumisa ante el accionar violento de su presunto c\u00f3mplice.<\/p>\n\n\n\n<p>Tras la decisi\u00f3n del juez,\u00a0<strong>la mujer que fue detenida el 10 de marzo \u00faltimo continuar\u00e1 privada de su libertad mientras avanza la investigaci\u00f3n que tiene como objetivo prioritario encontrar el cad\u00e1ver de Silvia Ch\u00e1vez.<\/strong><\/p>\n\n\n\n<h2 class=\"wp-block-heading\">\u00bfCrimen en San Rafael?<\/h2>\n\n\n\n<p><strong>Silvia Zulema Ch\u00e1vez<\/strong>\u00a0era una enfermera que se encontraba jubilada tras varios a\u00f1os de trabajo en el Hospital Schestakow. Viv\u00eda en un domicilio ubicado en calle Ecuador al 1620 que ten\u00eda 250 metros cuadrados aproximadamente.\u00a0<strong>En el fondo ten\u00eda un departamento de dos habitaciones que en el primer semestre de este a\u00f1o le alquil\u00f3 a Mauricio Albornoz, un alba\u00f1il con varios antecedentes por robo, y su pareja, Gabriela Dom\u00ednguez.<\/strong><\/p>\n\n\n\n<p><strong>Ch\u00e1vez era una mujer solitaria.\u00a0<\/strong>A tal punto que pasaron m\u00e1s de 100 d\u00edas desde el 20 de julio para que alguien de su entorno consultara por su paradero ante la Justicia. Los investigadores detectaron que la casa donde viv\u00eda ten\u00eda una luz prendida pero no registraba movimientos y se acumulaban las boletas de impuestos bajo la puerta.<strong>\u00a0Julio era el mes clave: su tel\u00e9fono celular se apag\u00f3 el 21 de ese mes, su jubilaci\u00f3n comenz\u00f3 a acumularse en su cuenta de ahorro y no volvi\u00f3 a presentarse en OSEP para pedir la insulina que necesitaba para tratar su diabetes.<\/strong><\/p>\n\n\n\n<p>Casi descartadas la teor\u00edas de un suicidio y que se haya ido por su propia voluntad, el fiscal comenz\u00f3 a profundizar un nuevo dato.&nbsp;<strong>Ch\u00e1vez ten\u00eda una p\u00e9sima relaci\u00f3n con sus inquilinos ya que sol\u00edan hacer juntadas y fiestas muy ruidosas.&nbsp;<\/strong>La v\u00edctima se hab\u00eda asesorado con una abogada para desalojarlos y<strong>&nbsp;les hab\u00eda ofrecido devolverles la plata del alquiler<\/strong>&nbsp;si se reitraban.<\/p>\n\n\n\n<p>Incluso en la previa al D\u00eda del Amigo&nbsp;<strong>la mujer llam\u00f3 al 911 notificando que estaban realizando una fiesta muy ruidosa, que estaban alcoholizados y que ten\u00eda miedo de que se metieran en su casa si les recriminaba algo. Tres d\u00edas despu\u00e9s de esa situaci\u00f3n, el tel\u00e9fono de Silvia Ch\u00e1vez se apag\u00f3 para siempre.<\/strong><\/p>\n\n\n\n<p>Si bien no hay pruebas cient\u00edficas que lo vinculen al crimen en San Rafael, los investigadores se cuestionaron\u00a0<strong>c\u00f3mo era posible que la pareja haya vivido un pu\u00f1ado de meses m\u00e1s en ese departamento sin haberle pagado el alquiler a nadie. Tambi\u00e9n plantearon que si bien se terminaron yendo del lugar, nunca fueron a buscar el dinero de devoluci\u00f3n del alquiler que Ch\u00e1vez les hab\u00eda ofrecido y hab\u00eda dejado en manos de su abogada.<\/strong><\/p>\n\n\n\n<p><em>Fuente: Diario UNO<\/em><\/p>\n","protected":false},"excerpt":{"rendered":"<p>La desaparici\u00f3n de\u00a0Silvia Zulema Ch\u00e1vez (72)\u00a0debe ser uno de los casos\u00a0m\u00e1s dif\u00edciles de investigar\u00a0en los \u00faltimos a\u00f1os en el Sur provincial. Pese a que\u00a0nunca se ha encontrado el cad\u00e1ver, la Fiscal\u00eda sostiene que se trat\u00f3 de un\u00a0crimen en San Rafael\u00a0y apunt\u00f3 contra una pareja, sobre quienes pesa la prisi\u00f3n preventiva. El viernes \u00faltimo, el\u00a0juez Claudio<a class=\"read-more\" href=\"https:\/\/elfederalmendoza.com.ar\/index.php\/2023\/05\/22\/un-crimen-sin-cadaver-seguira-detenida-la-pareja-acusada-por-la-desaparicion-de-silvia-chavez-en-san-rafael\/\"> [&hellip;]<\/a><\/p>\n","protected":false},"author":2,"featured_media":23030,"comment_status":"open","ping_status":"open","sticky":false,"template":"","format":"standard","meta":{"footnotes":""},"categories":[1],"tags":[],"class_list":["post-23027","post","type-post","status-publish","format-standard","has-post-thumbnail","hentry","category-mza"],"rttpg_featured_image_url":{"full":["https:\/\/elfederalmendoza.com.ar\/wp-content\/uploads\/2023\/05\/WhatsApp-Image-2023-05-22-at-09.40.06.jpeg",1440,806,false],"landscape":["https:\/\/elfederalmendoza.com.ar\/wp-content\/uploads\/2023\/05\/WhatsApp-Image-2023-05-22-at-09.40.06.jpeg",1440,806,false],"portraits":["https:\/\/elfederalmendoza.com.ar\/wp-content\/uploads\/2023\/05\/WhatsApp-Image-2023-05-22-at-09.40.06.jpeg",1440,806,false],"thumbnail":["https:\/\/elfederalmendoza.com.ar\/wp-content\/uploads\/2023\/05\/WhatsApp-Image-2023-05-22-at-09.40.06-150x150.jpeg",150,150,true],"medium":["https:\/\/elfederalmendoza.com.ar\/wp-content\/uploads\/2023\/05\/WhatsApp-Image-2023-05-22-at-09.40.06-300x168.jpeg",300,168,true],"large":["https:\/\/elfederalmendoza.com.ar\/wp-content\/uploads\/2023\/05\/WhatsApp-Image-2023-05-22-at-09.40.06-1024x573.jpeg",640,358,true],"1536x1536":["https:\/\/elfederalmendoza.com.ar\/wp-content\/uploads\/2023\/05\/WhatsApp-Image-2023-05-22-at-09.40.06.jpeg",1440,806,false],"2048x2048":["https:\/\/elfederalmendoza.com.ar\/wp-content\/uploads\/2023\/05\/WhatsApp-Image-2023-05-22-at-09.40.06.jpeg",1440,806,false],"ultp_layout_landscape_large":["https:\/\/elfederalmendoza.com.ar\/wp-content\/uploads\/2023\/05\/WhatsApp-Image-2023-05-22-at-09.40.06-1200x800.jpeg",1200,800,true],"ultp_layout_landscape":["https:\/\/elfederalmendoza.com.ar\/wp-content\/uploads\/2023\/05\/WhatsApp-Image-2023-05-22-at-09.40.06-870x570.jpeg",870,570,true],"ultp_layout_portrait":["https:\/\/elfederalmendoza.com.ar\/wp-content\/uploads\/2023\/05\/WhatsApp-Image-2023-05-22-at-09.40.06-600x806.jpeg",600,806,true],"ultp_layout_square":["https:\/\/elfederalmendoza.com.ar\/wp-content\/uploads\/2023\/05\/WhatsApp-Image-2023-05-22-at-09.40.06-600x600.jpeg",600,600,true],"rpwe-thumbnail":["https:\/\/elfederalmendoza.com.ar\/wp-content\/uploads\/2023\/05\/WhatsApp-Image-2023-05-22-at-09.40.06-45x45.jpeg",45,45,true],"advps-thumb-one":["https:\/\/elfederalmendoza.com.ar\/wp-content\/uploads\/2023\/05\/WhatsApp-Image-2023-05-22-at-09.40.06-1200x420.jpeg",1200,420,true]},"rttpg_author":{"display_name":"Redacci\u00f3n El Federal","author_link":"https:\/\/elfederalmendoza.com.ar\/index.php\/author\/angelflores\/"},"rttpg_comment":0,"rttpg_category":"<a href=\"https:\/\/elfederalmendoza.com.ar\/index.php\/category\/mza\/\" rel=\"category tag\">Mendoza<\/a>","rttpg_excerpt":"La desaparici\u00f3n de\u00a0Silvia Zulema Ch\u00e1vez (72)\u00a0debe ser uno de los casos\u00a0m\u00e1s dif\u00edciles de investigar\u00a0en los \u00faltimos a\u00f1os en el Sur provincial. Pese a que\u00a0nunca se ha encontrado el cad\u00e1ver, la Fiscal\u00eda sostiene que se trat\u00f3 de un\u00a0crimen en San Rafael\u00a0y apunt\u00f3 contra una pareja, sobre quienes pesa la prisi\u00f3n preventiva. El viernes \u00faltimo, el\u00a0juez Claudio&hellip;","_links":{"self":[{"href":"https:\/\/elfederalmendoza.com.ar\/index.php\/wp-json\/wp\/v2\/posts\/23027","targetHints":{"allow":["GET"]}}],"collection":[{"href":"https:\/\/elfederalmendoza.com.ar\/index.php\/wp-json\/wp\/v2\/posts"}],"about":[{"href":"https:\/\/elfederalmendoza.com.ar\/index.php\/wp-json\/wp\/v2\/types\/post"}],"author":[{"embeddable":true,"href":"https:\/\/elfederalmendoza.com.ar\/index.php\/wp-json\/wp\/v2\/users\/2"}],"replies":[{"embeddable":true,"href":"https:\/\/elfederalmendoza.com.ar\/index.php\/wp-json\/wp\/v2\/comments?post=23027"}],"version-history":[{"count":3,"href":"https:\/\/elfederalmendoza.com.ar\/index.php\/wp-json\/wp\/v2\/posts\/23027\/revisions"}],"predecessor-version":[{"id":23034,"href":"https:\/\/elfederalmendoza.com.ar\/index.php\/wp-json\/wp\/v2\/posts\/23027\/revisions\/23034"}],"wp:featuredmedia":[{"embeddable":true,"href":"https:\/\/elfederalmendoza.com.ar\/index.php\/wp-json\/wp\/v2\/media\/23030"}],"wp:attachment":[{"href":"https:\/\/elfederalmendoza.com.ar\/index.php\/wp-json\/wp\/v2\/media?parent=23027"}],"wp:term":[{"taxonomy":"category","embeddable":true,"href":"https:\/\/elfederalmendoza.com.ar\/index.php\/wp-json\/wp\/v2\/categories?post=23027"},{"taxonomy":"post_tag","embeddable":true,"href":"https:\/\/elfederalmendoza.com.ar\/index.php\/wp-json\/wp\/v2\/tags?post=23027"}],"curies":[{"name":"wp","href":"https:\/\/api.w.org\/{rel}","templated":true}]}}