{"id":23035,"date":"2023-05-22T07:51:00","date_gmt":"2023-05-22T10:51:00","guid":{"rendered":"https:\/\/elfederalmendoza.com\/?p=23035"},"modified":"2023-05-22T09:57:26","modified_gmt":"2023-05-22T12:57:26","slug":"la-jubilacion-minima-sera-de-casi-71-mil-pesos-desde-junio","status":"publish","type":"post","link":"https:\/\/elfederalmendoza.com.ar\/index.php\/2023\/05\/22\/la-jubilacion-minima-sera-de-casi-71-mil-pesos-desde-junio\/","title":{"rendered":"La jubilaci\u00f3n m\u00ednima ser\u00e1 de casi 71 mil pesos desde junio"},"content":{"rendered":"\n<p id=\"titulo_cable\">La&nbsp;<strong>Administraci\u00f3n Nacional de la Seguridad Social (Anses)<\/strong>&nbsp;formaliz\u00f3 el&nbsp;<mark>aumento de haberes de 20,92%<\/mark>&nbsp;correspondiente a la Ley de Movilidad que se aplicar\u00e1 a partir de junio pr\u00f3ximo, a trav\u00e9s de la Resoluci\u00f3n 109\/2023 publicada este lunes en el Bolet\u00edn Oficial.<\/p>\n\n\n\n<p>De esta forma,&nbsp;<mark>un jubilado de la m\u00ednima percibir\u00e1 $ 70.938<\/mark>&nbsp;en bruto a partir del pr\u00f3ximo mes.<\/p>\n\n\n\n<p>La movilidad impacta en todas las jubilaciones, pensiones y asignaciones de la Anses, y&nbsp;<mark>alcanza a m\u00e1s de 17 millones de beneficiarios<\/mark>&nbsp;(7,4 millones de jubilados y pensionados).<\/p>\n\n\n\n<p>Asimismo, a partir de junio, se cobrar\u00e1n&nbsp;<mark>bonos refuerzo para las jubilaciones y pensiones m\u00ednimas de $ 15.000<\/mark>&nbsp;que se incrementar\u00e1n a $ 17.000 en julio y a $ 20.000 en agosto.<\/p>\n\n\n\n<p>Adem\u00e1s, quienes perciban una jubilaci\u00f3n o pensi\u00f3n de hasta dos haberes m\u00ednimos tambi\u00e9n cobrar\u00e1n un proporcional del refuerzo de hasta $ 5.000.<\/p>\n\n\n\n<p>De esta forma,&nbsp;<strong>un jubilado de la m\u00ednima percibir\u00e1 $ 121.407 en junio con el pago del medio aguinaldo<\/strong>, mientras que una persona con ingresos de hasta dos jubilaciones m\u00ednimas cobrar\u00e1 $ 146.876, m\u00e1s el aguinaldo.<\/p>\n","protected":false},"excerpt":{"rendered":"<p>La&nbsp;Administraci\u00f3n Nacional de la Seguridad Social (Anses)&nbsp;formaliz\u00f3 el&nbsp;aumento de haberes de 20,92%&nbsp;correspondiente a la Ley de Movilidad que se aplicar\u00e1 a partir de junio pr\u00f3ximo, a trav\u00e9s de la Resoluci\u00f3n 109\/2023 publicada este lunes en el Bolet\u00edn Oficial. De esta forma,&nbsp;un jubilado de la m\u00ednima percibir\u00e1 $ 70.938&nbsp;en bruto a partir del pr\u00f3ximo mes. La<a class=\"read-more\" href=\"https:\/\/elfederalmendoza.com.ar\/index.php\/2023\/05\/22\/la-jubilacion-minima-sera-de-casi-71-mil-pesos-desde-junio\/\"> [&hellip;]<\/a><\/p>\n","protected":false},"author":2,"featured_media":19335,"comment_status":"open","ping_status":"open","sticky":false,"template":"","format":"standard","meta":{"footnotes":""},"categories":[5618],"tags":[],"class_list":["post-23035","post","type-post","status-publish","format-standard","has-post-thumbnail","hentry","category-arg"],"rttpg_featured_image_url":{"full":["https:\/\/elfederalmendoza.com.ar\/wp-content\/uploads\/2022\/12\/jubilado-argentina.jpg",1024,643,false],"landscape":["https:\/\/elfederalmendoza.com.ar\/wp-content\/uploads\/2022\/12\/jubilado-argentina.jpg",1024,643,false],"portraits":["https:\/\/elfederalmendoza.com.ar\/wp-content\/uploads\/2022\/12\/jubilado-argentina.jpg",1024,643,false],"thumbnail":["https:\/\/elfederalmendoza.com.ar\/wp-content\/uploads\/2022\/12\/jubilado-argentina-150x150.jpg",150,150,true],"medium":["https:\/\/elfederalmendoza.com.ar\/wp-content\/uploads\/2022\/12\/jubilado-argentina-300x188.jpg",300,188,true],"large":["https:\/\/elfederalmendoza.com.ar\/wp-content\/uploads\/2022\/12\/jubilado-argentina.jpg",640,402,false],"1536x1536":["https:\/\/elfederalmendoza.com.ar\/wp-content\/uploads\/2022\/12\/jubilado-argentina.jpg",1024,643,false],"2048x2048":["https:\/\/elfederalmendoza.com.ar\/wp-content\/uploads\/2022\/12\/jubilado-argentina.jpg",1024,643,false],"ultp_layout_landscape_large":["https:\/\/elfederalmendoza.com.ar\/wp-content\/uploads\/2022\/12\/jubilado-argentina.jpg",1024,643,false],"ultp_layout_landscape":["https:\/\/elfederalmendoza.com.ar\/wp-content\/uploads\/2022\/12\/jubilado-argentina-870x570.jpg",870,570,true],"ultp_layout_portrait":["https:\/\/elfederalmendoza.com.ar\/wp-content\/uploads\/2022\/12\/jubilado-argentina-600x643.jpg",600,643,true],"ultp_layout_square":["https:\/\/elfederalmendoza.com.ar\/wp-content\/uploads\/2022\/12\/jubilado-argentina-600x600.jpg",600,600,true],"rpwe-thumbnail":["https:\/\/elfederalmendoza.com.ar\/wp-content\/uploads\/2022\/12\/jubilado-argentina-45x45.jpg",45,45,true],"advps-thumb-one":["https:\/\/elfederalmendoza.com.ar\/wp-content\/uploads\/2022\/12\/jubilado-argentina-1024x420.jpg",1024,420,true]},"rttpg_author":{"display_name":"Redacci\u00f3n El Federal","author_link":"https:\/\/elfederalmendoza.com.ar\/index.php\/author\/angelflores\/"},"rttpg_comment":0,"rttpg_category":"<a href=\"https:\/\/elfederalmendoza.com.ar\/index.php\/category\/arg\/\" rel=\"category tag\">Argentina<\/a>","rttpg_excerpt":"La&nbsp;Administraci\u00f3n Nacional de la Seguridad Social (Anses)&nbsp;formaliz\u00f3 el&nbsp;aumento de haberes de 20,92%&nbsp;correspondiente a la Ley de Movilidad que se aplicar\u00e1 a partir de junio pr\u00f3ximo, a trav\u00e9s de la Resoluci\u00f3n 109\/2023 publicada este lunes en el Bolet\u00edn Oficial. De esta forma,&nbsp;un jubilado de la m\u00ednima percibir\u00e1 $ 70.938&nbsp;en bruto a partir del pr\u00f3ximo mes. La&hellip;","_links":{"self":[{"href":"https:\/\/elfederalmendoza.com.ar\/index.php\/wp-json\/wp\/v2\/posts\/23035","targetHints":{"allow":["GET"]}}],"collection":[{"href":"https:\/\/elfederalmendoza.com.ar\/index.php\/wp-json\/wp\/v2\/posts"}],"about":[{"href":"https:\/\/elfederalmendoza.com.ar\/index.php\/wp-json\/wp\/v2\/types\/post"}],"author":[{"embeddable":true,"href":"https:\/\/elfederalmendoza.com.ar\/index.php\/wp-json\/wp\/v2\/users\/2"}],"replies":[{"embeddable":true,"href":"https:\/\/elfederalmendoza.com.ar\/index.php\/wp-json\/wp\/v2\/comments?post=23035"}],"version-history":[{"count":1,"href":"https:\/\/elfederalmendoza.com.ar\/index.php\/wp-json\/wp\/v2\/posts\/23035\/revisions"}],"predecessor-version":[{"id":23037,"href":"https:\/\/elfederalmendoza.com.ar\/index.php\/wp-json\/wp\/v2\/posts\/23035\/revisions\/23037"}],"wp:featuredmedia":[{"embeddable":true,"href":"https:\/\/elfederalmendoza.com.ar\/index.php\/wp-json\/wp\/v2\/media\/19335"}],"wp:attachment":[{"href":"https:\/\/elfederalmendoza.com.ar\/index.php\/wp-json\/wp\/v2\/media?parent=23035"}],"wp:term":[{"taxonomy":"category","embeddable":true,"href":"https:\/\/elfederalmendoza.com.ar\/index.php\/wp-json\/wp\/v2\/categories?post=23035"},{"taxonomy":"post_tag","embeddable":true,"href":"https:\/\/elfederalmendoza.com.ar\/index.php\/wp-json\/wp\/v2\/tags?post=23035"}],"curies":[{"name":"wp","href":"https:\/\/api.w.org\/{rel}","templated":true}]}}