{"id":23040,"date":"2023-05-22T10:09:16","date_gmt":"2023-05-22T13:09:16","guid":{"rendered":"https:\/\/elfederalmendoza.com\/?p=23040"},"modified":"2023-05-22T10:09:16","modified_gmt":"2023-05-22T13:09:16","slug":"encapuchados-golpearon-a-un-guardia-y-asaltaron-a-empleados-y-turistas-de-una-bodega-en-lujan-de-cuyo","status":"publish","type":"post","link":"https:\/\/elfederalmendoza.com.ar\/index.php\/2023\/05\/22\/encapuchados-golpearon-a-un-guardia-y-asaltaron-a-empleados-y-turistas-de-una-bodega-en-lujan-de-cuyo\/","title":{"rendered":"Encapuchados golpearon a un guardia y asaltaron a empleados y turistas de una bodega en Luj\u00e1n de Cuyo"},"content":{"rendered":"\n<p>Delincuentes encapuchados perpetraron un golpe millonario la tarde del domingo en una&nbsp;<strong>bodega&nbsp;<\/strong>de&nbsp;<strong>Luj\u00e1n de Cuyo<\/strong>. Los autores se alzaron con el dinero de una caja de seguridad luego de golpear y maniatar a un guardia de seguridad. Tambi\u00e9n le robaron pertenencias de valor a empleados y turistas.<\/p>\n\n\n\n<p>La informaci\u00f3n a la que accedi\u00f3&nbsp;<em><strong>El Sol&nbsp;<\/strong><\/em>sostiene que pasadas las 14, tres sujetos a bordo a de un&nbsp;<strong>Renault Clio&nbsp;<\/strong>negro arribaron a la bodega&nbsp;<strong>Achaval Ferrer<\/strong>, ubicada en calle Cobos al 2600, en el distrito de&nbsp;<strong>Perdriel<\/strong>.<\/p>\n\n\n\n<p>Dos de los maleantes encapuchados y con guantes descendieron del veh\u00edculo y abordaron con armas de fuego a un guardia de seguridad privado, de 58 a\u00f1os. Pese a las amenazas,&nbsp;<mark>el vigilador ofreci\u00f3 resistencia, pero los individuos lo redujeron en cuesti\u00f3n de segundos de un cachazo en la cabeza<\/mark>, por lo que result\u00f3 con traumatismo de cr\u00e1neo y una herida cortante en el cuero cabelludo.<\/p>\n\n\n\n<p>Seguidamente, el hombre fue maniatado con precintos y los autores lo encerraron en la garita de seguridad, de donde sustrajeron cuatro celulares (dos particulares del hombre y dos de la empresa de seguridad privada), para luego dirigirse hacia el sector de la Oficina de Turismo de la bodega.<\/p>\n\n\n\n<p>All\u00ed, se sorprendieron a una gu\u00eda de turismo, de 33 a\u00f1os, quien se encontraba con dos visitantes brasile\u00f1os (una mujer y un hombre de 31 y 35 a\u00f1os). A la primera&nbsp;<mark>le sustrajeron un celular y a los extrajeros dos iPhone, una cadenita de oro y mil reales (m\u00e1s de 80.000 pesos al cambio blue actual)<\/mark>, detallaron fuentes policiales.<\/p>\n\n\n\n<p>En tanto, a una empleada de limpieza tambi\u00e9n le robaron otro celular y&nbsp;<mark>se alzaron con 1.000.000 de pesos que estaban guardados en una caja fuerte del establecimiento vitivin\u00edcola<\/mark>.<\/p>\n\n\n\n<p>Una vez con el bot\u00edn en su poder, salieron de la bodega, cargaron todo al Renault Clio, donde lo esperaba el tercer miembro de la banda y se dieron a la fuga a toda velocidad.<\/p>\n\n\n\n<p>En la escena trabaj\u00f3 personal de Investigaciones y de la Polic\u00eda Cient\u00edfica. Intervino la Unidad Fiscal de Robos y Hurtos.<\/p>\n\n\n\n<p><em>Fuente: El Sol<\/em><\/p>\n","protected":false},"excerpt":{"rendered":"<p>Delincuentes encapuchados perpetraron un golpe millonario la tarde del domingo en una&nbsp;bodega&nbsp;de&nbsp;Luj\u00e1n de Cuyo. Los autores se alzaron con el dinero de una caja de seguridad luego de golpear y maniatar a un guardia de seguridad. Tambi\u00e9n le robaron pertenencias de valor a empleados y turistas. La informaci\u00f3n a la que accedi\u00f3&nbsp;El Sol&nbsp;sostiene que pasadas<a class=\"read-more\" href=\"https:\/\/elfederalmendoza.com.ar\/index.php\/2023\/05\/22\/encapuchados-golpearon-a-un-guardia-y-asaltaron-a-empleados-y-turistas-de-una-bodega-en-lujan-de-cuyo\/\"> [&hellip;]<\/a><\/p>\n","protected":false},"author":2,"featured_media":23042,"comment_status":"open","ping_status":"open","sticky":false,"template":"","format":"standard","meta":{"footnotes":""},"categories":[1],"tags":[],"class_list":["post-23040","post","type-post","status-publish","format-standard","has-post-thumbnail","hentry","category-mza"],"rttpg_featured_image_url":{"full":["https:\/\/elfederalmendoza.com.ar\/wp-content\/uploads\/2023\/05\/achaval-ferrer-1334352.jpg",1300,730,false],"landscape":["https:\/\/elfederalmendoza.com.ar\/wp-content\/uploads\/2023\/05\/achaval-ferrer-1334352.jpg",1300,730,false],"portraits":["https:\/\/elfederalmendoza.com.ar\/wp-content\/uploads\/2023\/05\/achaval-ferrer-1334352.jpg",1300,730,false],"thumbnail":["https:\/\/elfederalmendoza.com.ar\/wp-content\/uploads\/2023\/05\/achaval-ferrer-1334352-150x150.jpg",150,150,true],"medium":["https:\/\/elfederalmendoza.com.ar\/wp-content\/uploads\/2023\/05\/achaval-ferrer-1334352-300x168.jpg",300,168,true],"large":["https:\/\/elfederalmendoza.com.ar\/wp-content\/uploads\/2023\/05\/achaval-ferrer-1334352-1024x575.jpg",640,359,true],"1536x1536":["https:\/\/elfederalmendoza.com.ar\/wp-content\/uploads\/2023\/05\/achaval-ferrer-1334352.jpg",1300,730,false],"2048x2048":["https:\/\/elfederalmendoza.com.ar\/wp-content\/uploads\/2023\/05\/achaval-ferrer-1334352.jpg",1300,730,false],"ultp_layout_landscape_large":["https:\/\/elfederalmendoza.com.ar\/wp-content\/uploads\/2023\/05\/achaval-ferrer-1334352-1200x730.jpg",1200,730,true],"ultp_layout_landscape":["https:\/\/elfederalmendoza.com.ar\/wp-content\/uploads\/2023\/05\/achaval-ferrer-1334352-870x570.jpg",870,570,true],"ultp_layout_portrait":["https:\/\/elfederalmendoza.com.ar\/wp-content\/uploads\/2023\/05\/achaval-ferrer-1334352-600x730.jpg",600,730,true],"ultp_layout_square":["https:\/\/elfederalmendoza.com.ar\/wp-content\/uploads\/2023\/05\/achaval-ferrer-1334352-600x600.jpg",600,600,true],"rpwe-thumbnail":["https:\/\/elfederalmendoza.com.ar\/wp-content\/uploads\/2023\/05\/achaval-ferrer-1334352-45x45.jpg",45,45,true],"advps-thumb-one":["https:\/\/elfederalmendoza.com.ar\/wp-content\/uploads\/2023\/05\/achaval-ferrer-1334352-1200x420.jpg",1200,420,true]},"rttpg_author":{"display_name":"Redacci\u00f3n El Federal","author_link":"https:\/\/elfederalmendoza.com.ar\/index.php\/author\/angelflores\/"},"rttpg_comment":0,"rttpg_category":"<a href=\"https:\/\/elfederalmendoza.com.ar\/index.php\/category\/mza\/\" rel=\"category tag\">Mendoza<\/a>","rttpg_excerpt":"Delincuentes encapuchados perpetraron un golpe millonario la tarde del domingo en una&nbsp;bodega&nbsp;de&nbsp;Luj\u00e1n de Cuyo. Los autores se alzaron con el dinero de una caja de seguridad luego de golpear y maniatar a un guardia de seguridad. Tambi\u00e9n le robaron pertenencias de valor a empleados y turistas. La informaci\u00f3n a la que accedi\u00f3&nbsp;El Sol&nbsp;sostiene que pasadas&hellip;","_links":{"self":[{"href":"https:\/\/elfederalmendoza.com.ar\/index.php\/wp-json\/wp\/v2\/posts\/23040","targetHints":{"allow":["GET"]}}],"collection":[{"href":"https:\/\/elfederalmendoza.com.ar\/index.php\/wp-json\/wp\/v2\/posts"}],"about":[{"href":"https:\/\/elfederalmendoza.com.ar\/index.php\/wp-json\/wp\/v2\/types\/post"}],"author":[{"embeddable":true,"href":"https:\/\/elfederalmendoza.com.ar\/index.php\/wp-json\/wp\/v2\/users\/2"}],"replies":[{"embeddable":true,"href":"https:\/\/elfederalmendoza.com.ar\/index.php\/wp-json\/wp\/v2\/comments?post=23040"}],"version-history":[{"count":1,"href":"https:\/\/elfederalmendoza.com.ar\/index.php\/wp-json\/wp\/v2\/posts\/23040\/revisions"}],"predecessor-version":[{"id":23043,"href":"https:\/\/elfederalmendoza.com.ar\/index.php\/wp-json\/wp\/v2\/posts\/23040\/revisions\/23043"}],"wp:featuredmedia":[{"embeddable":true,"href":"https:\/\/elfederalmendoza.com.ar\/index.php\/wp-json\/wp\/v2\/media\/23042"}],"wp:attachment":[{"href":"https:\/\/elfederalmendoza.com.ar\/index.php\/wp-json\/wp\/v2\/media?parent=23040"}],"wp:term":[{"taxonomy":"category","embeddable":true,"href":"https:\/\/elfederalmendoza.com.ar\/index.php\/wp-json\/wp\/v2\/categories?post=23040"},{"taxonomy":"post_tag","embeddable":true,"href":"https:\/\/elfederalmendoza.com.ar\/index.php\/wp-json\/wp\/v2\/tags?post=23040"}],"curies":[{"name":"wp","href":"https:\/\/api.w.org\/{rel}","templated":true}]}}