{"id":23046,"date":"2023-05-22T10:34:28","date_gmt":"2023-05-22T13:34:28","guid":{"rendered":"https:\/\/elfederalmendoza.com\/?p=23046"},"modified":"2023-05-22T10:34:28","modified_gmt":"2023-05-22T13:34:28","slug":"video-un-micro-embistio-a-un-policia-en-moto-que-custodiaba-a-los-arbitros-del-mundial-sub-20","status":"publish","type":"post","link":"https:\/\/elfederalmendoza.com.ar\/index.php\/2023\/05\/22\/video-un-micro-embistio-a-un-policia-en-moto-que-custodiaba-a-los-arbitros-del-mundial-sub-20\/","title":{"rendered":"-VIDEO- Un micro embisti\u00f3 a un polic\u00eda en moto que custodiaba a los \u00e1rbitros del Mundial Sub-20"},"content":{"rendered":"\n<p><strong>Un polic\u00eda en moto<\/strong>\u00a0que custodiaba el transporte de los<strong>\u00a0\u00e1rbitros<\/strong>\u00a0que hab\u00edan dirigido en el\u00a0<strong>Estadio Malvinas Argentinas,<\/strong>\u00a0la primera fecha en\u00a0<strong>Mendoza del Mundial Sub 20<\/strong>, fue\u00a0<strong>atropellado por un colectivo<\/strong>\u00a0en pleno\u00a0<strong>centro mendocino.<\/strong><\/p>\n\n\n\n<p>El accidente se produjo a las 21 en las inmediaciones de calles<strong>&nbsp;Pedro Molina y Espa\u00f1a<\/strong>. El uniformado, identificado como Gabriel Mart\u00ednez, oficial inspector de la Delegaci\u00f3n Vial del Gran Mendoza, conduc\u00eda una moto&nbsp;<strong>BMW de 700 cent\u00edmetros c\u00fabicos<\/strong>, de la&nbsp;<strong>Polic\u00eda de Mendoza<\/strong>. Esta encargado, con otros compa\u00f1eros, de&nbsp;<strong>custodiar a los \u00e1rbitros que dirigieron&nbsp;<\/strong>el partido entre&nbsp;<strong>Italia y Brasil<\/strong>&nbsp;hacia el hotel C\u00f3ndor de Guaymall\u00e9n, frente al Mendoza Plaza Shopping.<\/p>\n\n\n\n<p>El oficial inspector circulaba adelante del veh\u00edculo en el que iban los r\u00e9feris. Lo hac\u00eda por Pedro Molina hacia el Este. Al llegar a la intersecci\u00f3n con Espa\u00f1a fue atropellado por un colectivo, el i<strong>nterno 84 del Grupo 400,<\/strong>\u00a0que circulaba con direcci\u00f3n hacia el Norte. Habr\u00e1 que determinar qui\u00e9n ten\u00eda el paso porque respecto a la\u00a0<strong>evidencia del video, ninguno de los dos frena.<\/strong><\/p>\n\n\n\n<p>El polic\u00eda<strong> Gabriel Mart\u00ednez<\/strong> fue diagnosticado con politraumatismos varios y derivado a la Cl\u00ednica Francesa para un examen m\u00e1s detallado y atenci\u00f3n.<\/p>\n\n\n\n<figure class=\"wp-block-embed is-type-video is-provider-youtube wp-block-embed-youtube wp-embed-aspect-16-9 wp-has-aspect-ratio\"><div class=\"wp-block-embed__wrapper\">\n<iframe loading=\"lazy\" title=\"Polic\u00eda atropellado por un micro centro de Mendoza\" width=\"640\" height=\"360\" src=\"https:\/\/www.youtube.com\/embed\/S-hT8Z2kLw8?feature=oembed\" frameborder=\"0\" allow=\"accelerometer; autoplay; clipboard-write; encrypted-media; gyroscope; picture-in-picture; web-share\" referrerpolicy=\"strict-origin-when-cross-origin\" allowfullscreen><\/iframe>\n<\/div><figcaption class=\"wp-element-caption\">Video gentileza Mendoza Post<\/figcaption><\/figure>\n\n\n\n<p><\/p>\n","protected":false},"excerpt":{"rendered":"<p>Un polic\u00eda en moto\u00a0que custodiaba el transporte de los\u00a0\u00e1rbitros\u00a0que hab\u00edan dirigido en el\u00a0Estadio Malvinas Argentinas,\u00a0la primera fecha en\u00a0Mendoza del Mundial Sub 20, fue\u00a0atropellado por un colectivo\u00a0en pleno\u00a0centro mendocino. El accidente se produjo a las 21 en las inmediaciones de calles&nbsp;Pedro Molina y Espa\u00f1a. El uniformado, identificado como Gabriel Mart\u00ednez, oficial inspector de la Delegaci\u00f3n Vial<a class=\"read-more\" href=\"https:\/\/elfederalmendoza.com.ar\/index.php\/2023\/05\/22\/video-un-micro-embistio-a-un-policia-en-moto-que-custodiaba-a-los-arbitros-del-mundial-sub-20\/\"> [&hellip;]<\/a><\/p>\n","protected":false},"author":2,"featured_media":23048,"comment_status":"open","ping_status":"open","sticky":false,"template":"","format":"standard","meta":{"footnotes":""},"categories":[1],"tags":[],"class_list":["post-23046","post","type-post","status-publish","format-standard","has-post-thumbnail","hentry","category-mza"],"rttpg_featured_image_url":{"full":["https:\/\/elfederalmendoza.com.ar\/wp-content\/uploads\/2023\/05\/CHOQUE-POLICIA.jpg",1287,632,false],"landscape":["https:\/\/elfederalmendoza.com.ar\/wp-content\/uploads\/2023\/05\/CHOQUE-POLICIA.jpg",1287,632,false],"portraits":["https:\/\/elfederalmendoza.com.ar\/wp-content\/uploads\/2023\/05\/CHOQUE-POLICIA.jpg",1287,632,false],"thumbnail":["https:\/\/elfederalmendoza.com.ar\/wp-content\/uploads\/2023\/05\/CHOQUE-POLICIA-150x150.jpg",150,150,true],"medium":["https:\/\/elfederalmendoza.com.ar\/wp-content\/uploads\/2023\/05\/CHOQUE-POLICIA-300x147.jpg",300,147,true],"large":["https:\/\/elfederalmendoza.com.ar\/wp-content\/uploads\/2023\/05\/CHOQUE-POLICIA-1024x503.jpg",640,314,true],"1536x1536":["https:\/\/elfederalmendoza.com.ar\/wp-content\/uploads\/2023\/05\/CHOQUE-POLICIA.jpg",1287,632,false],"2048x2048":["https:\/\/elfederalmendoza.com.ar\/wp-content\/uploads\/2023\/05\/CHOQUE-POLICIA.jpg",1287,632,false],"ultp_layout_landscape_large":["https:\/\/elfederalmendoza.com.ar\/wp-content\/uploads\/2023\/05\/CHOQUE-POLICIA-1200x632.jpg",1200,632,true],"ultp_layout_landscape":["https:\/\/elfederalmendoza.com.ar\/wp-content\/uploads\/2023\/05\/CHOQUE-POLICIA-870x570.jpg",870,570,true],"ultp_layout_portrait":["https:\/\/elfederalmendoza.com.ar\/wp-content\/uploads\/2023\/05\/CHOQUE-POLICIA-600x632.jpg",600,632,true],"ultp_layout_square":["https:\/\/elfederalmendoza.com.ar\/wp-content\/uploads\/2023\/05\/CHOQUE-POLICIA-600x600.jpg",600,600,true],"rpwe-thumbnail":["https:\/\/elfederalmendoza.com.ar\/wp-content\/uploads\/2023\/05\/CHOQUE-POLICIA-45x45.jpg",45,45,true],"advps-thumb-one":["https:\/\/elfederalmendoza.com.ar\/wp-content\/uploads\/2023\/05\/CHOQUE-POLICIA-1200x420.jpg",1200,420,true]},"rttpg_author":{"display_name":"Redacci\u00f3n El Federal","author_link":"https:\/\/elfederalmendoza.com.ar\/index.php\/author\/angelflores\/"},"rttpg_comment":0,"rttpg_category":"<a href=\"https:\/\/elfederalmendoza.com.ar\/index.php\/category\/mza\/\" rel=\"category tag\">Mendoza<\/a>","rttpg_excerpt":"Un polic\u00eda en moto\u00a0que custodiaba el transporte de los\u00a0\u00e1rbitros\u00a0que hab\u00edan dirigido en el\u00a0Estadio Malvinas Argentinas,\u00a0la primera fecha en\u00a0Mendoza del Mundial Sub 20, fue\u00a0atropellado por un colectivo\u00a0en pleno\u00a0centro mendocino. El accidente se produjo a las 21 en las inmediaciones de calles&nbsp;Pedro Molina y Espa\u00f1a. El uniformado, identificado como Gabriel Mart\u00ednez, oficial inspector de la Delegaci\u00f3n Vial&hellip;","_links":{"self":[{"href":"https:\/\/elfederalmendoza.com.ar\/index.php\/wp-json\/wp\/v2\/posts\/23046","targetHints":{"allow":["GET"]}}],"collection":[{"href":"https:\/\/elfederalmendoza.com.ar\/index.php\/wp-json\/wp\/v2\/posts"}],"about":[{"href":"https:\/\/elfederalmendoza.com.ar\/index.php\/wp-json\/wp\/v2\/types\/post"}],"author":[{"embeddable":true,"href":"https:\/\/elfederalmendoza.com.ar\/index.php\/wp-json\/wp\/v2\/users\/2"}],"replies":[{"embeddable":true,"href":"https:\/\/elfederalmendoza.com.ar\/index.php\/wp-json\/wp\/v2\/comments?post=23046"}],"version-history":[{"count":1,"href":"https:\/\/elfederalmendoza.com.ar\/index.php\/wp-json\/wp\/v2\/posts\/23046\/revisions"}],"predecessor-version":[{"id":23049,"href":"https:\/\/elfederalmendoza.com.ar\/index.php\/wp-json\/wp\/v2\/posts\/23046\/revisions\/23049"}],"wp:featuredmedia":[{"embeddable":true,"href":"https:\/\/elfederalmendoza.com.ar\/index.php\/wp-json\/wp\/v2\/media\/23048"}],"wp:attachment":[{"href":"https:\/\/elfederalmendoza.com.ar\/index.php\/wp-json\/wp\/v2\/media?parent=23046"}],"wp:term":[{"taxonomy":"category","embeddable":true,"href":"https:\/\/elfederalmendoza.com.ar\/index.php\/wp-json\/wp\/v2\/categories?post=23046"},{"taxonomy":"post_tag","embeddable":true,"href":"https:\/\/elfederalmendoza.com.ar\/index.php\/wp-json\/wp\/v2\/tags?post=23046"}],"curies":[{"name":"wp","href":"https:\/\/api.w.org\/{rel}","templated":true}]}}