{"id":23052,"date":"2023-05-22T11:19:52","date_gmt":"2023-05-22T14:19:52","guid":{"rendered":"https:\/\/elfederalmendoza.com\/?p=23052"},"modified":"2023-05-22T11:19:53","modified_gmt":"2023-05-22T14:19:53","slug":"se-cumplieron-dos-meses-del-anuncio-de-alberto-fernandez-del-tren-buenos-aires-mendoza-y-todavia-no-llega","status":"publish","type":"post","link":"https:\/\/elfederalmendoza.com.ar\/index.php\/2023\/05\/22\/se-cumplieron-dos-meses-del-anuncio-de-alberto-fernandez-del-tren-buenos-aires-mendoza-y-todavia-no-llega\/","title":{"rendered":"Se cumplieron dos meses del anuncio de Alberto Fern\u00e1ndez del tren Buenos Aires-Mendoza y todav\u00eda no llega"},"content":{"rendered":"\n<p>Hace exactamente dos meses, el 22 de marzo pasado,&nbsp;<strong>Alberto Fern\u00e1ndez&nbsp;<\/strong>anunciaba oficialmente el regreso del tren de pasajeros a la provincia. Desde la estaci\u00f3n Palmira, en San Mart\u00edn, y acompa\u00f1ado por los ministros&nbsp;<strong>Sergio Massa (Econom\u00eda) y Diego Giuliano (Transporte)<\/strong>, entre otros funcionarios nacionales y provinciales, el presidente destac\u00f3 ese d\u00eda la importancia de la vuelta de la formaci\u00f3n.<\/p>\n\n\n\n<p><em>\u201cHoy estoy viendo como el tren llega a Mendoza, lo que para muchos era imposible e impensado.&nbsp;<mark>Muchos creyeron que est\u00e1bamos vendiendo una idea que nunca \u00edbamos a concretar<\/mark>\u201d<\/em>, dec\u00eda Fern\u00e1ndez en el acto que comparti\u00f3 con el gobernador&nbsp;<strong>Rodolfo Suarez<\/strong>.&nbsp;<em>\u201cCuando hace 30 a\u00f1os se cerr\u00f3 la llegada de este tren, Palmira tuvo el triste destino de ser la localidad que m\u00e1s desocupaci\u00f3n acumul\u00f3 en Mendoza. Y por eso hoy tenemos que estar muy felices, porque este tren est\u00e1 dando conectividad a miles y miles de argentinos y argentinas que tienen otra forma de transportarse\u201d<\/em>, agregaba el jefe de Estado.<\/p>\n\n\n\n<p><strong>Sin embargo,\u00a0<mark>el regreso del tren de pasajeros sigue brillando por su ausencia<\/mark><\/strong>. Las fechas anunciadas originalmente (<strong>primero a mediados y luego a fines de abril<\/strong>) se fueron postergando y por ahora s\u00f3lo quedan las promesas. En tal sentido Gabriela Lizana, referente del massismo en Mendoza, respondi\u00f3 a una cr\u00edtica lanzada por el intendente radical de San Mart\u00edn, Ra\u00fal Rufeil. \u201c<em>El tren volver\u00e1 a Mendoza, y ser\u00e1 pronto. Jam\u00e1s Sergio (Massa) incumplir\u00eda su palabra con esta importante gesti\u00f3n que beneficia a nuestra provincia<\/em>\u201c, lanz\u00f3 la dirigente del Frente Renovador en su cuenta de Twitter.<\/p>\n\n\n\n<h2 class=\"wp-block-heading\" id=\"h-un-poco-de-historia\">Un poco de historia<\/h2>\n\n\n\n<p>El \u00faltimo tren de pasajeros que uni\u00f3 Mendoza y Buenos Aires parti\u00f3&nbsp;<strong>el 10 de marzo de 1993<\/strong>, desde la Estaci\u00f3n Mendoza del Ferrocarril San Mart\u00edn.<\/p>\n\n\n\n<p>De acuerdo con la informaci\u00f3n oficial, para rehabilitar la conexi\u00f3n ferroviaria se realizaron trabajos para el&nbsp;<mark>mejoramiento integral de 400 kil\u00f3metros de v\u00edas<\/mark>&nbsp;entre Justo Daract (San Luis) y las estaciones Libertador General San Mart\u00edn y Palmira.<\/p>\n\n\n\n<p>Seg\u00fan trascendi\u00f3, se est\u00e1n ajustando detalles operativos en ese tramo\u00a0<mark>garantizar la seguridad<\/mark>. Lo concreto es que a\u00fan no est\u00e1 habilitada la venta online de pasajes (por lo que se desconocen los valores de los tickets) y que en el sitio web de Trenes Argentinos, la conexi\u00f3n Buenos Aires-Mendoza no existe.<\/p>\n\n\n\n<p>El recorrido que conectar\u00e1 a trav\u00e9s de aproximadamente 1.000 kil\u00f3metros de tendido f\u00e9rreo la estaci\u00f3n de Retiro con Palmira durar\u00eda cerca de 28 horas, contar\u00e1 con una frecuencia semanal (llegar\u00e1 cada viernes a Mendoza y partir\u00e1 rumbo a Buenos Aires los domingos) y permitir\u00e1 que se trasladen entre 400 y 500 personas por formaci\u00f3n.<\/p>\n\n\n\n<p>Cuando est\u00e9 en funcionamiento, transitar\u00e1 por 22 estaciones intermedias: Jos\u00e9 C. Paz, Pilar, Mercedes P, Franklin, Rivas, Castilla, Rawson, Chacabuco, O \u0301Higgins, Jun\u00edn, Alem, Vedia, Alberdi, Iriarte, Rufino, Laboulaye, Gral. Levalle, Vicu\u00f1a Mackenna, Justo Daract, Beazley, La Paz y Libertador General San Mart\u00edn.<\/p>\n","protected":false},"excerpt":{"rendered":"<p>Hace exactamente dos meses, el 22 de marzo pasado,&nbsp;Alberto Fern\u00e1ndez&nbsp;anunciaba oficialmente el regreso del tren de pasajeros a la provincia. Desde la estaci\u00f3n Palmira, en San Mart\u00edn, y acompa\u00f1ado por los ministros&nbsp;Sergio Massa (Econom\u00eda) y Diego Giuliano (Transporte), entre otros funcionarios nacionales y provinciales, el presidente destac\u00f3 ese d\u00eda la importancia de la vuelta de<a class=\"read-more\" href=\"https:\/\/elfederalmendoza.com.ar\/index.php\/2023\/05\/22\/se-cumplieron-dos-meses-del-anuncio-de-alberto-fernandez-del-tren-buenos-aires-mendoza-y-todavia-no-llega\/\"> [&hellip;]<\/a><\/p>\n","protected":false},"author":2,"featured_media":23054,"comment_status":"open","ping_status":"open","sticky":false,"template":"","format":"standard","meta":{"footnotes":""},"categories":[1],"tags":[],"class_list":["post-23052","post","type-post","status-publish","format-standard","has-post-thumbnail","hentry","category-mza"],"rttpg_featured_image_url":{"full":["https:\/\/elfederalmendoza.com.ar\/wp-content\/uploads\/2023\/05\/tren-mendoza-baires.jpg",1053,640,false],"landscape":["https:\/\/elfederalmendoza.com.ar\/wp-content\/uploads\/2023\/05\/tren-mendoza-baires.jpg",1053,640,false],"portraits":["https:\/\/elfederalmendoza.com.ar\/wp-content\/uploads\/2023\/05\/tren-mendoza-baires.jpg",1053,640,false],"thumbnail":["https:\/\/elfederalmendoza.com.ar\/wp-content\/uploads\/2023\/05\/tren-mendoza-baires-150x150.jpg",150,150,true],"medium":["https:\/\/elfederalmendoza.com.ar\/wp-content\/uploads\/2023\/05\/tren-mendoza-baires-300x182.jpg",300,182,true],"large":["https:\/\/elfederalmendoza.com.ar\/wp-content\/uploads\/2023\/05\/tren-mendoza-baires-1024x622.jpg",640,389,true],"1536x1536":["https:\/\/elfederalmendoza.com.ar\/wp-content\/uploads\/2023\/05\/tren-mendoza-baires.jpg",1053,640,false],"2048x2048":["https:\/\/elfederalmendoza.com.ar\/wp-content\/uploads\/2023\/05\/tren-mendoza-baires.jpg",1053,640,false],"ultp_layout_landscape_large":["https:\/\/elfederalmendoza.com.ar\/wp-content\/uploads\/2023\/05\/tren-mendoza-baires.jpg",1053,640,false],"ultp_layout_landscape":["https:\/\/elfederalmendoza.com.ar\/wp-content\/uploads\/2023\/05\/tren-mendoza-baires-870x570.jpg",870,570,true],"ultp_layout_portrait":["https:\/\/elfederalmendoza.com.ar\/wp-content\/uploads\/2023\/05\/tren-mendoza-baires-600x640.jpg",600,640,true],"ultp_layout_square":["https:\/\/elfederalmendoza.com.ar\/wp-content\/uploads\/2023\/05\/tren-mendoza-baires-600x600.jpg",600,600,true],"rpwe-thumbnail":["https:\/\/elfederalmendoza.com.ar\/wp-content\/uploads\/2023\/05\/tren-mendoza-baires-45x45.jpg",45,45,true],"advps-thumb-one":["https:\/\/elfederalmendoza.com.ar\/wp-content\/uploads\/2023\/05\/tren-mendoza-baires-1053x420.jpg",1053,420,true]},"rttpg_author":{"display_name":"Redacci\u00f3n El Federal","author_link":"https:\/\/elfederalmendoza.com.ar\/index.php\/author\/angelflores\/"},"rttpg_comment":0,"rttpg_category":"<a href=\"https:\/\/elfederalmendoza.com.ar\/index.php\/category\/mza\/\" rel=\"category tag\">Mendoza<\/a>","rttpg_excerpt":"Hace exactamente dos meses, el 22 de marzo pasado,&nbsp;Alberto Fern\u00e1ndez&nbsp;anunciaba oficialmente el regreso del tren de pasajeros a la provincia. Desde la estaci\u00f3n Palmira, en San Mart\u00edn, y acompa\u00f1ado por los ministros&nbsp;Sergio Massa (Econom\u00eda) y Diego Giuliano (Transporte), entre otros funcionarios nacionales y provinciales, el presidente destac\u00f3 ese d\u00eda la importancia de la vuelta de&hellip;","_links":{"self":[{"href":"https:\/\/elfederalmendoza.com.ar\/index.php\/wp-json\/wp\/v2\/posts\/23052","targetHints":{"allow":["GET"]}}],"collection":[{"href":"https:\/\/elfederalmendoza.com.ar\/index.php\/wp-json\/wp\/v2\/posts"}],"about":[{"href":"https:\/\/elfederalmendoza.com.ar\/index.php\/wp-json\/wp\/v2\/types\/post"}],"author":[{"embeddable":true,"href":"https:\/\/elfederalmendoza.com.ar\/index.php\/wp-json\/wp\/v2\/users\/2"}],"replies":[{"embeddable":true,"href":"https:\/\/elfederalmendoza.com.ar\/index.php\/wp-json\/wp\/v2\/comments?post=23052"}],"version-history":[{"count":1,"href":"https:\/\/elfederalmendoza.com.ar\/index.php\/wp-json\/wp\/v2\/posts\/23052\/revisions"}],"predecessor-version":[{"id":23055,"href":"https:\/\/elfederalmendoza.com.ar\/index.php\/wp-json\/wp\/v2\/posts\/23052\/revisions\/23055"}],"wp:featuredmedia":[{"embeddable":true,"href":"https:\/\/elfederalmendoza.com.ar\/index.php\/wp-json\/wp\/v2\/media\/23054"}],"wp:attachment":[{"href":"https:\/\/elfederalmendoza.com.ar\/index.php\/wp-json\/wp\/v2\/media?parent=23052"}],"wp:term":[{"taxonomy":"category","embeddable":true,"href":"https:\/\/elfederalmendoza.com.ar\/index.php\/wp-json\/wp\/v2\/categories?post=23052"},{"taxonomy":"post_tag","embeddable":true,"href":"https:\/\/elfederalmendoza.com.ar\/index.php\/wp-json\/wp\/v2\/tags?post=23052"}],"curies":[{"name":"wp","href":"https:\/\/api.w.org\/{rel}","templated":true}]}}