{"id":23058,"date":"2023-05-23T08:29:35","date_gmt":"2023-05-23T11:29:35","guid":{"rendered":"https:\/\/elfederalmendoza.com\/?p=23058"},"modified":"2023-05-23T09:11:19","modified_gmt":"2023-05-23T12:11:19","slug":"un-joven-con-problemas-de-adicciones-tuvo-una-crisis-y-tomo-de-rehen-a-su-hermana-en-guaymallen","status":"publish","type":"post","link":"https:\/\/elfederalmendoza.com.ar\/index.php\/2023\/05\/23\/un-joven-con-problemas-de-adicciones-tuvo-una-crisis-y-tomo-de-rehen-a-su-hermana-en-guaymallen\/","title":{"rendered":"Un joven adicto tuvo un episodio de delirio y tom\u00f3 de reh\u00e9n a su hermana en Guaymall\u00e9n"},"content":{"rendered":"\n<p>Durante la tarde hoy un joven con\u00a0<strong>problemas de\u00a0adicciones\u00a0<\/strong>sufri\u00f3 una crisis y tom\u00f3 de\u00a0<strong>reh\u00e9n\u00a0<\/strong>a su propia hermana dentro del domicilio de ambos en\u00a0<strong>Guaymall\u00e9n<\/strong>. Seg\u00fan la informaci\u00f3n policial, se trata de un joven de 23 a\u00f1os, que luego de haber consumido diferentes sustancias, habr\u00eda ca\u00eddo en un episodio de delirio y producto de esa condici\u00f3n se desencaden\u00f3 una discusi\u00f3n familiar que termin\u00f3 con el agresor tomando de reh\u00e9n a su hermana.\u00a0<\/p>\n\n\n\n<p>El resto del grupo familiar logr\u00f3 salir del interior de la vivienda sin problemas. Ante esta situaci\u00f3n se dio aviso a las autoridades policiales que acudieron al lugar del hecho y montaron un operativo cerrojo en esa zona de Guaymall\u00e9n hasta que intervinieron el\u00a0Grupo Especial de Seguridad\u00a0(GES) y el\u00a0<strong>Grupo de Resoluci\u00f3n de Incidentes y Secuestros<\/strong>\u00a0(GRIS).<\/p>\n\n\n\n<p>Una vez en el lugar, un negociador del GRIS habl\u00f3 con el muchacho, quien luego de unos minutos de negociaci\u00f3n dej\u00f3 salir de la casa a su hermana y posteriormente se entreg\u00f3. Ya en poder de las autoridades fue revisado por el Servicio Emergencias Coordinado y se lo traslad\u00f3 con custodia policial al Hospital El Sauce de Guaymall\u00e9n.<\/p>\n\n\n\n<p>Adem\u00e1s de personal policial de la Subcomisaria Puente Hierro, el GES y el GRIS, trabaj\u00f3\u00a0en este hecho la Fiscal de Instrucci\u00f3n de la Unidad Especial de Homicidios y Violencia Institucional, Andrea Lazo.<\/p>\n\n\n\n<p><em>Fuente: Diario Mendoza<\/em><\/p>\n","protected":false},"excerpt":{"rendered":"<p>Durante la tarde hoy un joven con\u00a0problemas de\u00a0adicciones\u00a0sufri\u00f3 una crisis y tom\u00f3 de\u00a0reh\u00e9n\u00a0a su propia hermana dentro del domicilio de ambos en\u00a0Guaymall\u00e9n. Seg\u00fan la informaci\u00f3n policial, se trata de un joven de 23 a\u00f1os, que luego de haber consumido diferentes sustancias, habr\u00eda ca\u00eddo en un episodio de delirio y producto de esa condici\u00f3n se desencaden\u00f3<a class=\"read-more\" href=\"https:\/\/elfederalmendoza.com.ar\/index.php\/2023\/05\/23\/un-joven-con-problemas-de-adicciones-tuvo-una-crisis-y-tomo-de-rehen-a-su-hermana-en-guaymallen\/\"> [&hellip;]<\/a><\/p>\n","protected":false},"author":2,"featured_media":23060,"comment_status":"open","ping_status":"open","sticky":false,"template":"","format":"standard","meta":{"footnotes":""},"categories":[1],"tags":[],"class_list":["post-23058","post","type-post","status-publish","format-standard","has-post-thumbnail","hentry","category-mza"],"rttpg_featured_image_url":{"full":["https:\/\/elfederalmendoza.com.ar\/wp-content\/uploads\/2023\/05\/646be19435ebf__780x780.webp",780,439,false],"landscape":["https:\/\/elfederalmendoza.com.ar\/wp-content\/uploads\/2023\/05\/646be19435ebf__780x780.webp",780,439,false],"portraits":["https:\/\/elfederalmendoza.com.ar\/wp-content\/uploads\/2023\/05\/646be19435ebf__780x780.webp",780,439,false],"thumbnail":["https:\/\/elfederalmendoza.com.ar\/wp-content\/uploads\/2023\/05\/646be19435ebf__780x780-150x150.webp",150,150,true],"medium":["https:\/\/elfederalmendoza.com.ar\/wp-content\/uploads\/2023\/05\/646be19435ebf__780x780-300x169.webp",300,169,true],"large":["https:\/\/elfederalmendoza.com.ar\/wp-content\/uploads\/2023\/05\/646be19435ebf__780x780.webp",640,360,false],"1536x1536":["https:\/\/elfederalmendoza.com.ar\/wp-content\/uploads\/2023\/05\/646be19435ebf__780x780.webp",780,439,false],"2048x2048":["https:\/\/elfederalmendoza.com.ar\/wp-content\/uploads\/2023\/05\/646be19435ebf__780x780.webp",780,439,false],"ultp_layout_landscape_large":["https:\/\/elfederalmendoza.com.ar\/wp-content\/uploads\/2023\/05\/646be19435ebf__780x780.webp",780,439,false],"ultp_layout_landscape":["https:\/\/elfederalmendoza.com.ar\/wp-content\/uploads\/2023\/05\/646be19435ebf__780x780.webp",780,439,false],"ultp_layout_portrait":["https:\/\/elfederalmendoza.com.ar\/wp-content\/uploads\/2023\/05\/646be19435ebf__780x780-600x439.webp",600,439,true],"ultp_layout_square":["https:\/\/elfederalmendoza.com.ar\/wp-content\/uploads\/2023\/05\/646be19435ebf__780x780-600x439.webp",600,439,true],"rpwe-thumbnail":["https:\/\/elfederalmendoza.com.ar\/wp-content\/uploads\/2023\/05\/646be19435ebf__780x780-45x45.webp",45,45,true],"advps-thumb-one":["https:\/\/elfederalmendoza.com.ar\/wp-content\/uploads\/2023\/05\/646be19435ebf__780x780-780x420.webp",780,420,true]},"rttpg_author":{"display_name":"Redacci\u00f3n El Federal","author_link":"https:\/\/elfederalmendoza.com.ar\/index.php\/author\/angelflores\/"},"rttpg_comment":0,"rttpg_category":"<a href=\"https:\/\/elfederalmendoza.com.ar\/index.php\/category\/mza\/\" rel=\"category tag\">Mendoza<\/a>","rttpg_excerpt":"Durante la tarde hoy un joven con\u00a0problemas de\u00a0adicciones\u00a0sufri\u00f3 una crisis y tom\u00f3 de\u00a0reh\u00e9n\u00a0a su propia hermana dentro del domicilio de ambos en\u00a0Guaymall\u00e9n. Seg\u00fan la informaci\u00f3n policial, se trata de un joven de 23 a\u00f1os, que luego de haber consumido diferentes sustancias, habr\u00eda ca\u00eddo en un episodio de delirio y producto de esa condici\u00f3n se desencaden\u00f3&hellip;","_links":{"self":[{"href":"https:\/\/elfederalmendoza.com.ar\/index.php\/wp-json\/wp\/v2\/posts\/23058","targetHints":{"allow":["GET"]}}],"collection":[{"href":"https:\/\/elfederalmendoza.com.ar\/index.php\/wp-json\/wp\/v2\/posts"}],"about":[{"href":"https:\/\/elfederalmendoza.com.ar\/index.php\/wp-json\/wp\/v2\/types\/post"}],"author":[{"embeddable":true,"href":"https:\/\/elfederalmendoza.com.ar\/index.php\/wp-json\/wp\/v2\/users\/2"}],"replies":[{"embeddable":true,"href":"https:\/\/elfederalmendoza.com.ar\/index.php\/wp-json\/wp\/v2\/comments?post=23058"}],"version-history":[{"count":4,"href":"https:\/\/elfederalmendoza.com.ar\/index.php\/wp-json\/wp\/v2\/posts\/23058\/revisions"}],"predecessor-version":[{"id":23066,"href":"https:\/\/elfederalmendoza.com.ar\/index.php\/wp-json\/wp\/v2\/posts\/23058\/revisions\/23066"}],"wp:featuredmedia":[{"embeddable":true,"href":"https:\/\/elfederalmendoza.com.ar\/index.php\/wp-json\/wp\/v2\/media\/23060"}],"wp:attachment":[{"href":"https:\/\/elfederalmendoza.com.ar\/index.php\/wp-json\/wp\/v2\/media?parent=23058"}],"wp:term":[{"taxonomy":"category","embeddable":true,"href":"https:\/\/elfederalmendoza.com.ar\/index.php\/wp-json\/wp\/v2\/categories?post=23058"},{"taxonomy":"post_tag","embeddable":true,"href":"https:\/\/elfederalmendoza.com.ar\/index.php\/wp-json\/wp\/v2\/tags?post=23058"}],"curies":[{"name":"wp","href":"https:\/\/api.w.org\/{rel}","templated":true}]}}