{"id":23072,"date":"2023-05-23T09:25:21","date_gmt":"2023-05-23T12:25:21","guid":{"rendered":"https:\/\/elfederalmendoza.com\/?p=23072"},"modified":"2023-05-23T09:25:21","modified_gmt":"2023-05-23T12:25:21","slug":"piden-una-cadena-de-oracion-por-el-policia-baleado-durante-un-robo-en-maipu","status":"publish","type":"post","link":"https:\/\/elfederalmendoza.com.ar\/index.php\/2023\/05\/23\/piden-una-cadena-de-oracion-por-el-policia-baleado-durante-un-robo-en-maipu\/","title":{"rendered":"Piden una cadena de oraci\u00f3n por el polic\u00eda baleado durante un robo en Maip\u00fa"},"content":{"rendered":"\n<p>El cuadro de salud del polic\u00eda que fue baleado la ma\u00f1ana del s\u00e1bado durante un asalto en&nbsp;<strong>Maip\u00fa<\/strong>, se agrav\u00f3 en las \u00faltimas horas. Se trata del auxiliar&nbsp;<strong>Roberto Maman\u00ed<\/strong>, quien se encuentra internado en el&nbsp;<strong>Hospital Central&nbsp;<\/strong>y no ha presentado mejor\u00edas. Su familia pidi\u00f3 a colegas y amigos que realicen una cadena de oraci\u00f3n para pedir por su vida.<\/p>\n\n\n\n<p><mark>El funcionario recibi\u00f3 dos disparos durante el hecho de inseguridad: uno en la pierna izquierda y otro en el t\u00f3rax.<\/mark>\u00a0Esa \u00faltima lesi\u00f3n le provoc\u00f3 una perforaci\u00f3n en el pulm\u00f3n. De acuerdo con la informaci\u00f3n hospitalaria, los m\u00e9dicos decidieron colocarle un cat\u00e9ter de di\u00e1lisis, ya que su ri\u00f1\u00f3n no est\u00e1 funcionando.<\/p>\n\n\n\n<p>Fuentes policiales consultadas se\u00f1alaron que, en el transcurso del lunes, m\u00e1s de 40 colegas y civiles se presentaron para donarle sangre (familiares hab\u00edan solicitado dadores de sangre 0 RH positivo).<\/p>\n\n\n\n<p>El hecho donde Maman\u00ed result\u00f3 gravemente herido tuvo lugar a las 7.30 del s\u00e1bado en la ruta 50, cerca del cruce con callej\u00f3n Montevideo (en el l\u00edmite con&nbsp;<strong>Guaymall\u00e9n<\/strong>). El polic\u00eda transitaba por all\u00ed con su autom\u00f3vil, camino a cumplir con su turno de servicio a la&nbsp;<strong>Comisar\u00eda 49\u00aa<\/strong>, cuando fue abordado por dos ladrones.<\/p>\n\n\n\n<p><mark>Los maleantes intentaron robarle sus pertenencias, pero el efectivo ofreci\u00f3 resistencia y le propinaron dos disparos<\/mark>, que lo lesionaron de gravedad pese a que ten\u00eda colocado el chaleco antibalas.<\/p>\n\n\n\n<p>Hasta la escena arribaron colegas de la v\u00edctima que lo asistieron y lo trasladaron en una movilidad hasta el citado centro asistencia de Ciudad, donde permanece alojado y luchando por su vida.<\/p>\n","protected":false},"excerpt":{"rendered":"<p>El cuadro de salud del polic\u00eda que fue baleado la ma\u00f1ana del s\u00e1bado durante un asalto en&nbsp;Maip\u00fa, se agrav\u00f3 en las \u00faltimas horas. Se trata del auxiliar&nbsp;Roberto Maman\u00ed, quien se encuentra internado en el&nbsp;Hospital Central&nbsp;y no ha presentado mejor\u00edas. Su familia pidi\u00f3 a colegas y amigos que realicen una cadena de oraci\u00f3n para pedir por<a class=\"read-more\" href=\"https:\/\/elfederalmendoza.com.ar\/index.php\/2023\/05\/23\/piden-una-cadena-de-oracion-por-el-policia-baleado-durante-un-robo-en-maipu\/\"> [&hellip;]<\/a><\/p>\n","protected":false},"author":2,"featured_media":23079,"comment_status":"open","ping_status":"open","sticky":false,"template":"","format":"standard","meta":{"footnotes":""},"categories":[1],"tags":[],"class_list":["post-23072","post","type-post","status-publish","format-standard","has-post-thumbnail","hentry","category-mza"],"rttpg_featured_image_url":{"full":["https:\/\/elfederalmendoza.com.ar\/wp-content\/uploads\/2023\/05\/polili.jpg",950,713,false],"landscape":["https:\/\/elfederalmendoza.com.ar\/wp-content\/uploads\/2023\/05\/polili.jpg",950,713,false],"portraits":["https:\/\/elfederalmendoza.com.ar\/wp-content\/uploads\/2023\/05\/polili.jpg",950,713,false],"thumbnail":["https:\/\/elfederalmendoza.com.ar\/wp-content\/uploads\/2023\/05\/polili-150x150.jpg",150,150,true],"medium":["https:\/\/elfederalmendoza.com.ar\/wp-content\/uploads\/2023\/05\/polili-300x225.jpg",300,225,true],"large":["https:\/\/elfederalmendoza.com.ar\/wp-content\/uploads\/2023\/05\/polili.jpg",640,480,false],"1536x1536":["https:\/\/elfederalmendoza.com.ar\/wp-content\/uploads\/2023\/05\/polili.jpg",950,713,false],"2048x2048":["https:\/\/elfederalmendoza.com.ar\/wp-content\/uploads\/2023\/05\/polili.jpg",950,713,false],"ultp_layout_landscape_large":["https:\/\/elfederalmendoza.com.ar\/wp-content\/uploads\/2023\/05\/polili.jpg",950,713,false],"ultp_layout_landscape":["https:\/\/elfederalmendoza.com.ar\/wp-content\/uploads\/2023\/05\/polili-870x570.jpg",870,570,true],"ultp_layout_portrait":["https:\/\/elfederalmendoza.com.ar\/wp-content\/uploads\/2023\/05\/polili-600x713.jpg",600,713,true],"ultp_layout_square":["https:\/\/elfederalmendoza.com.ar\/wp-content\/uploads\/2023\/05\/polili-600x600.jpg",600,600,true],"rpwe-thumbnail":["https:\/\/elfederalmendoza.com.ar\/wp-content\/uploads\/2023\/05\/polili-45x45.jpg",45,45,true],"advps-thumb-one":["https:\/\/elfederalmendoza.com.ar\/wp-content\/uploads\/2023\/05\/polili-950x420.jpg",950,420,true]},"rttpg_author":{"display_name":"Redacci\u00f3n El Federal","author_link":"https:\/\/elfederalmendoza.com.ar\/index.php\/author\/angelflores\/"},"rttpg_comment":0,"rttpg_category":"<a href=\"https:\/\/elfederalmendoza.com.ar\/index.php\/category\/mza\/\" rel=\"category tag\">Mendoza<\/a>","rttpg_excerpt":"El cuadro de salud del polic\u00eda que fue baleado la ma\u00f1ana del s\u00e1bado durante un asalto en&nbsp;Maip\u00fa, se agrav\u00f3 en las \u00faltimas horas. Se trata del auxiliar&nbsp;Roberto Maman\u00ed, quien se encuentra internado en el&nbsp;Hospital Central&nbsp;y no ha presentado mejor\u00edas. Su familia pidi\u00f3 a colegas y amigos que realicen una cadena de oraci\u00f3n para pedir por&hellip;","_links":{"self":[{"href":"https:\/\/elfederalmendoza.com.ar\/index.php\/wp-json\/wp\/v2\/posts\/23072","targetHints":{"allow":["GET"]}}],"collection":[{"href":"https:\/\/elfederalmendoza.com.ar\/index.php\/wp-json\/wp\/v2\/posts"}],"about":[{"href":"https:\/\/elfederalmendoza.com.ar\/index.php\/wp-json\/wp\/v2\/types\/post"}],"author":[{"embeddable":true,"href":"https:\/\/elfederalmendoza.com.ar\/index.php\/wp-json\/wp\/v2\/users\/2"}],"replies":[{"embeddable":true,"href":"https:\/\/elfederalmendoza.com.ar\/index.php\/wp-json\/wp\/v2\/comments?post=23072"}],"version-history":[{"count":1,"href":"https:\/\/elfederalmendoza.com.ar\/index.php\/wp-json\/wp\/v2\/posts\/23072\/revisions"}],"predecessor-version":[{"id":23080,"href":"https:\/\/elfederalmendoza.com.ar\/index.php\/wp-json\/wp\/v2\/posts\/23072\/revisions\/23080"}],"wp:featuredmedia":[{"embeddable":true,"href":"https:\/\/elfederalmendoza.com.ar\/index.php\/wp-json\/wp\/v2\/media\/23079"}],"wp:attachment":[{"href":"https:\/\/elfederalmendoza.com.ar\/index.php\/wp-json\/wp\/v2\/media?parent=23072"}],"wp:term":[{"taxonomy":"category","embeddable":true,"href":"https:\/\/elfederalmendoza.com.ar\/index.php\/wp-json\/wp\/v2\/categories?post=23072"},{"taxonomy":"post_tag","embeddable":true,"href":"https:\/\/elfederalmendoza.com.ar\/index.php\/wp-json\/wp\/v2\/tags?post=23072"}],"curies":[{"name":"wp","href":"https:\/\/api.w.org\/{rel}","templated":true}]}}