{"id":23073,"date":"2023-05-23T08:17:00","date_gmt":"2023-05-23T11:17:00","guid":{"rendered":"https:\/\/elfederalmendoza.com\/?p=23073"},"modified":"2023-05-23T09:19:46","modified_gmt":"2023-05-23T12:19:46","slug":"rodriguez-larreta-le-contesto-a-alberto-fernandez-el-presidente-se-fue-al-carajo-con-lo-de-favaloro","status":"publish","type":"post","link":"https:\/\/elfederalmendoza.com.ar\/index.php\/2023\/05\/23\/rodriguez-larreta-le-contesto-a-alberto-fernandez-el-presidente-se-fue-al-carajo-con-lo-de-favaloro\/","title":{"rendered":"Rodr\u00edguez Larreta le contest\u00f3 a Alberto Fern\u00e1ndez: \u00abEl presidente se fue al carajo con lo de Favaloro\u00bb"},"content":{"rendered":"\n<p>Horacio Rodr\u00edguez Larreta dio que <strong>\u00abel presidente se fue al carajo\u00bb <\/strong>luego de que <strong>Alberto Fern\u00e1ndez<\/strong> lo vinculara con el suicidio del cardi\u00f3logo Ren\u00e9 Favaloro.<\/p>\n\n\n\n<p>\u00abEl presidente se fue al carajo\u00bb, dijo el jefe de gobierno porte\u00f1o en di\u00e1logo con el periodista Alejandro Fantino, horas despu\u00e9s de que<strong> Alberto\u00a0dijera en un acto\u00a0en Lomas de Zamora que el peronismo no debe \u00abentregar el poder a los que manejaban el PAMI cuando Favaloro se suicid\u00f3\u00bb.<\/strong><\/p>\n\n\n\n<p><strong>\u00abEs una canallada, hay l\u00edmites en la pol\u00edtica, en esto de buscar votos hay l\u00edmites\u00bb<\/strong>, dijo el candidato del PRO,\u00a0que asegur\u00f3 que Favaloro \u00abes un pr\u00f3cer\u00bb.\u00a0\u00a0<\/p>\n\n\n\n<p><strong>\u00abNo se puede decir cualquier mentira, cualquier calumnia, para ensuciar al otro\u00bb,<\/strong> dijo Larreta. Pareci\u00f3 tambi\u00e9n un mensaje a Patricia Bullrich, su rival en la interna de Juntos, que d\u00edas atr\u00e1s\u00a0se sac\u00f3 una foto\u00a0con una estatua de Favaloro en Tierra del Fuego.<\/p>\n\n\n\n<p><strong>MIR\u00c1 EL VIDEO:<\/strong><\/p>\n\n\n\n<figure class=\"wp-block-embed is-type-video is-provider-youtube wp-block-embed-youtube wp-embed-aspect-16-9 wp-has-aspect-ratio\"><div class=\"wp-block-embed__wrapper\">\n<iframe loading=\"lazy\" title=\"Larreta: &quot;El presidente se fue al carajo, hay l\u00edmites en la pol\u00edtica&quot;\" width=\"640\" height=\"360\" src=\"https:\/\/www.youtube.com\/embed\/7hiszfIXlt4?feature=oembed\" frameborder=\"0\" allow=\"accelerometer; autoplay; clipboard-write; encrypted-media; gyroscope; picture-in-picture; web-share\" referrerpolicy=\"strict-origin-when-cross-origin\" allowfullscreen><\/iframe>\n<\/div><\/figure>\n","protected":false},"excerpt":{"rendered":"<p>Horacio Rodr\u00edguez Larreta dio que \u00abel presidente se fue al carajo\u00bb luego de que Alberto Fern\u00e1ndez lo vinculara con el suicidio del cardi\u00f3logo Ren\u00e9 Favaloro. \u00abEl presidente se fue al carajo\u00bb, dijo el jefe de gobierno porte\u00f1o en di\u00e1logo con el periodista Alejandro Fantino, horas despu\u00e9s de que Alberto\u00a0dijera en un acto\u00a0en Lomas de Zamora<a class=\"read-more\" href=\"https:\/\/elfederalmendoza.com.ar\/index.php\/2023\/05\/23\/rodriguez-larreta-le-contesto-a-alberto-fernandez-el-presidente-se-fue-al-carajo-con-lo-de-favaloro\/\"> [&hellip;]<\/a><\/p>\n","protected":false},"author":2,"featured_media":23075,"comment_status":"open","ping_status":"open","sticky":false,"template":"","format":"standard","meta":{"footnotes":""},"categories":[5618],"tags":[],"class_list":["post-23073","post","type-post","status-publish","format-standard","has-post-thumbnail","hentry","category-arg"],"rttpg_featured_image_url":{"full":["https:\/\/elfederalmendoza.com.ar\/wp-content\/uploads\/2023\/05\/f1280x720-341525_473200_5050.webp",1280,720,false],"landscape":["https:\/\/elfederalmendoza.com.ar\/wp-content\/uploads\/2023\/05\/f1280x720-341525_473200_5050.webp",1280,720,false],"portraits":["https:\/\/elfederalmendoza.com.ar\/wp-content\/uploads\/2023\/05\/f1280x720-341525_473200_5050.webp",1280,720,false],"thumbnail":["https:\/\/elfederalmendoza.com.ar\/wp-content\/uploads\/2023\/05\/f1280x720-341525_473200_5050-150x150.webp",150,150,true],"medium":["https:\/\/elfederalmendoza.com.ar\/wp-content\/uploads\/2023\/05\/f1280x720-341525_473200_5050-300x169.webp",300,169,true],"large":["https:\/\/elfederalmendoza.com.ar\/wp-content\/uploads\/2023\/05\/f1280x720-341525_473200_5050-1024x576.webp",640,360,true],"1536x1536":["https:\/\/elfederalmendoza.com.ar\/wp-content\/uploads\/2023\/05\/f1280x720-341525_473200_5050.webp",1280,720,false],"2048x2048":["https:\/\/elfederalmendoza.com.ar\/wp-content\/uploads\/2023\/05\/f1280x720-341525_473200_5050.webp",1280,720,false],"ultp_layout_landscape_large":["https:\/\/elfederalmendoza.com.ar\/wp-content\/uploads\/2023\/05\/f1280x720-341525_473200_5050-1200x720.webp",1200,720,true],"ultp_layout_landscape":["https:\/\/elfederalmendoza.com.ar\/wp-content\/uploads\/2023\/05\/f1280x720-341525_473200_5050-870x570.webp",870,570,true],"ultp_layout_portrait":["https:\/\/elfederalmendoza.com.ar\/wp-content\/uploads\/2023\/05\/f1280x720-341525_473200_5050-600x720.webp",600,720,true],"ultp_layout_square":["https:\/\/elfederalmendoza.com.ar\/wp-content\/uploads\/2023\/05\/f1280x720-341525_473200_5050-600x600.webp",600,600,true],"rpwe-thumbnail":["https:\/\/elfederalmendoza.com.ar\/wp-content\/uploads\/2023\/05\/f1280x720-341525_473200_5050-45x45.webp",45,45,true],"advps-thumb-one":["https:\/\/elfederalmendoza.com.ar\/wp-content\/uploads\/2023\/05\/f1280x720-341525_473200_5050-1200x420.webp",1200,420,true]},"rttpg_author":{"display_name":"Redacci\u00f3n El Federal","author_link":"https:\/\/elfederalmendoza.com.ar\/index.php\/author\/angelflores\/"},"rttpg_comment":0,"rttpg_category":"<a href=\"https:\/\/elfederalmendoza.com.ar\/index.php\/category\/arg\/\" rel=\"category tag\">Argentina<\/a>","rttpg_excerpt":"Horacio Rodr\u00edguez Larreta dio que \u00abel presidente se fue al carajo\u00bb luego de que Alberto Fern\u00e1ndez lo vinculara con el suicidio del cardi\u00f3logo Ren\u00e9 Favaloro. \u00abEl presidente se fue al carajo\u00bb, dijo el jefe de gobierno porte\u00f1o en di\u00e1logo con el periodista Alejandro Fantino, horas despu\u00e9s de que Alberto\u00a0dijera en un acto\u00a0en Lomas de Zamora&hellip;","_links":{"self":[{"href":"https:\/\/elfederalmendoza.com.ar\/index.php\/wp-json\/wp\/v2\/posts\/23073","targetHints":{"allow":["GET"]}}],"collection":[{"href":"https:\/\/elfederalmendoza.com.ar\/index.php\/wp-json\/wp\/v2\/posts"}],"about":[{"href":"https:\/\/elfederalmendoza.com.ar\/index.php\/wp-json\/wp\/v2\/types\/post"}],"author":[{"embeddable":true,"href":"https:\/\/elfederalmendoza.com.ar\/index.php\/wp-json\/wp\/v2\/users\/2"}],"replies":[{"embeddable":true,"href":"https:\/\/elfederalmendoza.com.ar\/index.php\/wp-json\/wp\/v2\/comments?post=23073"}],"version-history":[{"count":1,"href":"https:\/\/elfederalmendoza.com.ar\/index.php\/wp-json\/wp\/v2\/posts\/23073\/revisions"}],"predecessor-version":[{"id":23076,"href":"https:\/\/elfederalmendoza.com.ar\/index.php\/wp-json\/wp\/v2\/posts\/23073\/revisions\/23076"}],"wp:featuredmedia":[{"embeddable":true,"href":"https:\/\/elfederalmendoza.com.ar\/index.php\/wp-json\/wp\/v2\/media\/23075"}],"wp:attachment":[{"href":"https:\/\/elfederalmendoza.com.ar\/index.php\/wp-json\/wp\/v2\/media?parent=23073"}],"wp:term":[{"taxonomy":"category","embeddable":true,"href":"https:\/\/elfederalmendoza.com.ar\/index.php\/wp-json\/wp\/v2\/categories?post=23073"},{"taxonomy":"post_tag","embeddable":true,"href":"https:\/\/elfederalmendoza.com.ar\/index.php\/wp-json\/wp\/v2\/tags?post=23073"}],"curies":[{"name":"wp","href":"https:\/\/api.w.org\/{rel}","templated":true}]}}