{"id":23083,"date":"2023-05-23T00:16:11","date_gmt":"2023-05-23T03:16:11","guid":{"rendered":"https:\/\/elfederalmendoza.com\/?p=23083"},"modified":"2023-05-24T08:48:24","modified_gmt":"2023-05-24T11:48:24","slug":"mundial-sub-20-argentina-va-por-la-clasificacion-ante-guatemala","status":"publish","type":"post","link":"https:\/\/elfederalmendoza.com.ar\/index.php\/2023\/05\/23\/mundial-sub-20-argentina-va-por-la-clasificacion-ante-guatemala\/","title":{"rendered":"Mundial Sub 20: Argentina va por la clasificaci\u00f3n ante Guatemala"},"content":{"rendered":"\n<p>El\u00a0<strong>seleccionado argentino Sub-20<\/strong>, dirigido por\u00a0<strong>Javier Mascherano<\/strong>, ir\u00e1 este martes por un nuevo triunfo que asegure su pase a octavos en el\u00a0<strong>Mundial<\/strong>\u00a0de la categor\u00eda que se desarrolla en el pa\u00eds, cuando enfrente a\u00a0<strong>Guatemala<\/strong>, por la segunda fecha del Grupo A.<\/p>\n\n\n\n<p>El encuentro se disputar\u00e1 en el estadio \u00danico Madre de Ciudades de Santiago del Estero, desde las 18.00, y ser\u00e1 controlado por el turco Halil Umut Meler y televisado por TV P\u00fablica, TyC Sports y DSports.<\/p>\n\n\n\n<p><strong>Argentina<\/strong>\u00a0empez\u00f3 el\u00a0<strong>Mundial<\/strong>\u00a0con el sufrido y ajustado \u00e9xito ante Uzbekist\u00e1n, por 2 a 1, que lo dej\u00f3 bien parado en busca del pase a los octavos de final. Un triunfo m\u00e1s implicar\u00e1 su pasaje directo a la siguiente instancia.<\/p>\n\n\n\n<p><strong>Guatemala<\/strong>&nbsp;disput\u00f3 en el Madre de Ciudades un buen partido frente a Nueva Zelanda, a pesar de la derrota por 1 a 0, con un esquema similar al de Uzbekist\u00e1n. Una desconcentraci\u00f3n en los minutos finales lo dej\u00f3 con las manos vac\u00edas.<\/p>\n\n\n\n<figure class=\"wp-block-image is-resized\"><img loading=\"lazy\" decoding=\"async\" src=\"https:\/\/www.mendozapost.com\/files\/image\/482\/482935\/646c8a2fb827f_570_375!.jpg?s=ce20933f9b7028598e3111efb5f650b7&amp;d=1684834866\" alt=\"\" width=\"837\" height=\"551\"\/><figcaption class=\"wp-element-caption\">Javier Mascherano, entrenador de Argentina&nbsp;<\/figcaption><\/figure>\n\n\n\n<p>El historial marca que Argentina y Guatemala se enfrentar\u00e1n por primera vez en un Mundial Sub-20.<\/p>\n\n\n\n<p><strong>Probables formaciones<\/strong><\/p>\n\n\n\n<p><strong>Argentina:\u00a0<\/strong>Federico Gomes Gerth; Agust\u00edn Giay, Lautaro Di Lollo, Valent\u00edn G\u00f3mez y Valent\u00edn Barco; Mateo Tanlongo, M\u00e1ximo Perrone y Valent\u00edn Carboni; Brian Aguirre o Juan Gauto, Agust\u00edn V\u00e9liz y Mat\u00edas Soul\u00e9. DT: Javier Mascherano.<\/p>\n\n\n\n<p><strong>Guatemala:\u00a0<\/strong>Jorge Moreno; Andy Dom\u00ednguez, Mathius Gait\u00e1n, Jonathan Franco, Jeshua Urizar y Figo Monta\u00f1o; Allan Ju\u00e1rez, N\u00e9stor Cabrera y Carlos Santos; Daniel Cardoza y Arqu\u00edmides Ordo\u00f1ez . DT: Rafael Loredo.<\/p>\n\n\n\n<figure class=\"wp-block-image is-resized\"><img loading=\"lazy\" decoding=\"async\" src=\"https:\/\/www.mendozapost.com\/files\/image\/482\/482939\/646c8b784abce_570_380!.jpg?s=14ba2b817dfb7fbfc40b68d41007d0b4&amp;d=1684835196\" alt=\"\" width=\"836\" height=\"557\"\/><figcaption class=\"wp-element-caption\">Argentina viene de vencer ante Uzbekist\u00e1n por 2-1&nbsp;<\/figcaption><\/figure>\n\n\n\n<p>El partido<\/p>\n\n\n\n<p><strong>\u00c1rbitro:&nbsp;<\/strong>Halil Umut Meler (Turqu\u00eda).<br><br><strong>Estadio:&nbsp;<\/strong>Madre de Ciudades (Santiago del Estero).<br><br><strong>Hora de inicio:<\/strong>&nbsp;18.00.<br><br><strong>TV<\/strong>: TV P\u00fablica, TyC Sports, DSports.<\/p>\n","protected":false},"excerpt":{"rendered":"<p>El\u00a0seleccionado argentino Sub-20, dirigido por\u00a0Javier Mascherano, ir\u00e1 este martes por un nuevo triunfo que asegure su pase a octavos en el\u00a0Mundial\u00a0de la categor\u00eda que se desarrolla en el pa\u00eds, cuando enfrente a\u00a0Guatemala, por la segunda fecha del Grupo A. El encuentro se disputar\u00e1 en el estadio \u00danico Madre de Ciudades de Santiago del Estero, desde<a class=\"read-more\" href=\"https:\/\/elfederalmendoza.com.ar\/index.php\/2023\/05\/23\/mundial-sub-20-argentina-va-por-la-clasificacion-ante-guatemala\/\"> [&hellip;]<\/a><\/p>\n","protected":false},"author":2,"featured_media":23085,"comment_status":"open","ping_status":"open","sticky":false,"template":"","format":"standard","meta":{"footnotes":""},"categories":[5620],"tags":[],"class_list":["post-23083","post","type-post","status-publish","format-standard","has-post-thumbnail","hentry","category-deportes"],"rttpg_featured_image_url":{"full":["https:\/\/elfederalmendoza.com.ar\/wp-content\/uploads\/2023\/05\/sub-20-guatemala.jpg",967,591,false],"landscape":["https:\/\/elfederalmendoza.com.ar\/wp-content\/uploads\/2023\/05\/sub-20-guatemala.jpg",967,591,false],"portraits":["https:\/\/elfederalmendoza.com.ar\/wp-content\/uploads\/2023\/05\/sub-20-guatemala.jpg",967,591,false],"thumbnail":["https:\/\/elfederalmendoza.com.ar\/wp-content\/uploads\/2023\/05\/sub-20-guatemala-150x150.jpg",150,150,true],"medium":["https:\/\/elfederalmendoza.com.ar\/wp-content\/uploads\/2023\/05\/sub-20-guatemala-300x183.jpg",300,183,true],"large":["https:\/\/elfederalmendoza.com.ar\/wp-content\/uploads\/2023\/05\/sub-20-guatemala.jpg",640,391,false],"1536x1536":["https:\/\/elfederalmendoza.com.ar\/wp-content\/uploads\/2023\/05\/sub-20-guatemala.jpg",967,591,false],"2048x2048":["https:\/\/elfederalmendoza.com.ar\/wp-content\/uploads\/2023\/05\/sub-20-guatemala.jpg",967,591,false],"ultp_layout_landscape_large":["https:\/\/elfederalmendoza.com.ar\/wp-content\/uploads\/2023\/05\/sub-20-guatemala.jpg",967,591,false],"ultp_layout_landscape":["https:\/\/elfederalmendoza.com.ar\/wp-content\/uploads\/2023\/05\/sub-20-guatemala-870x570.jpg",870,570,true],"ultp_layout_portrait":["https:\/\/elfederalmendoza.com.ar\/wp-content\/uploads\/2023\/05\/sub-20-guatemala-600x591.jpg",600,591,true],"ultp_layout_square":["https:\/\/elfederalmendoza.com.ar\/wp-content\/uploads\/2023\/05\/sub-20-guatemala-600x591.jpg",600,591,true],"rpwe-thumbnail":["https:\/\/elfederalmendoza.com.ar\/wp-content\/uploads\/2023\/05\/sub-20-guatemala-45x45.jpg",45,45,true],"advps-thumb-one":["https:\/\/elfederalmendoza.com.ar\/wp-content\/uploads\/2023\/05\/sub-20-guatemala-967x420.jpg",967,420,true]},"rttpg_author":{"display_name":"Redacci\u00f3n El Federal","author_link":"https:\/\/elfederalmendoza.com.ar\/index.php\/author\/angelflores\/"},"rttpg_comment":0,"rttpg_category":"<a href=\"https:\/\/elfederalmendoza.com.ar\/index.php\/category\/deportes\/\" rel=\"category tag\">Deportes<\/a>","rttpg_excerpt":"El\u00a0seleccionado argentino Sub-20, dirigido por\u00a0Javier Mascherano, ir\u00e1 este martes por un nuevo triunfo que asegure su pase a octavos en el\u00a0Mundial\u00a0de la categor\u00eda que se desarrolla en el pa\u00eds, cuando enfrente a\u00a0Guatemala, por la segunda fecha del Grupo A. El encuentro se disputar\u00e1 en el estadio \u00danico Madre de Ciudades de Santiago del Estero, desde&hellip;","_links":{"self":[{"href":"https:\/\/elfederalmendoza.com.ar\/index.php\/wp-json\/wp\/v2\/posts\/23083","targetHints":{"allow":["GET"]}}],"collection":[{"href":"https:\/\/elfederalmendoza.com.ar\/index.php\/wp-json\/wp\/v2\/posts"}],"about":[{"href":"https:\/\/elfederalmendoza.com.ar\/index.php\/wp-json\/wp\/v2\/types\/post"}],"author":[{"embeddable":true,"href":"https:\/\/elfederalmendoza.com.ar\/index.php\/wp-json\/wp\/v2\/users\/2"}],"replies":[{"embeddable":true,"href":"https:\/\/elfederalmendoza.com.ar\/index.php\/wp-json\/wp\/v2\/comments?post=23083"}],"version-history":[{"count":1,"href":"https:\/\/elfederalmendoza.com.ar\/index.php\/wp-json\/wp\/v2\/posts\/23083\/revisions"}],"predecessor-version":[{"id":23086,"href":"https:\/\/elfederalmendoza.com.ar\/index.php\/wp-json\/wp\/v2\/posts\/23083\/revisions\/23086"}],"wp:featuredmedia":[{"embeddable":true,"href":"https:\/\/elfederalmendoza.com.ar\/index.php\/wp-json\/wp\/v2\/media\/23085"}],"wp:attachment":[{"href":"https:\/\/elfederalmendoza.com.ar\/index.php\/wp-json\/wp\/v2\/media?parent=23083"}],"wp:term":[{"taxonomy":"category","embeddable":true,"href":"https:\/\/elfederalmendoza.com.ar\/index.php\/wp-json\/wp\/v2\/categories?post=23083"},{"taxonomy":"post_tag","embeddable":true,"href":"https:\/\/elfederalmendoza.com.ar\/index.php\/wp-json\/wp\/v2\/tags?post=23083"}],"curies":[{"name":"wp","href":"https:\/\/api.w.org\/{rel}","templated":true}]}}