{"id":23089,"date":"2023-05-23T11:29:48","date_gmt":"2023-05-23T14:29:48","guid":{"rendered":"https:\/\/elfederalmendoza.com\/?p=23089"},"modified":"2023-05-23T11:29:49","modified_gmt":"2023-05-23T14:29:49","slug":"apunalaron-a-un-joven-de-19-anos-en-la-plaza-san-martin-para-robarle-el-celular","status":"publish","type":"post","link":"https:\/\/elfederalmendoza.com.ar\/index.php\/2023\/05\/23\/apunalaron-a-un-joven-de-19-anos-en-la-plaza-san-martin-para-robarle-el-celular\/","title":{"rendered":"Apu\u00f1alaron a un joven de 19 a\u00f1os en la plaza San Mart\u00edn para robarle el celular"},"content":{"rendered":"\n<p>Malvivientes apu\u00f1alaron la madrugada de este martes a un joven de 19 a\u00f1os para robarle el celular en la plaza&nbsp;<strong>San Mart\u00edn&nbsp;<\/strong>de&nbsp;<strong>Ciudad<\/strong>. El chico, identificado como&nbsp;<strong>Alexander Agust\u00edn Vel\u00e1zquez<\/strong>, qued\u00f3 internado en el&nbsp;<strong>Hospital Central<\/strong>.<\/p>\n\n\n\n<p>En tanto, uno de los presuntos autores fue detenido y un c\u00f3mplice consigui\u00f3 darse a la fuga. Creen que este \u00faltimo se llev\u00f3 el tel\u00e9fono de la v\u00edctima.<\/p>\n\n\n\n<figure class=\"wp-block-image size-full is-resized\"><img loading=\"lazy\" decoding=\"async\" src=\"https:\/\/elfederalmendoza.com\/wp-content\/uploads\/2023\/05\/plaza-san-martin3.jpg\" alt=\"\" class=\"wp-image-23092\" width=\"835\" height=\"749\" srcset=\"https:\/\/elfederalmendoza.com.ar\/wp-content\/uploads\/2023\/05\/plaza-san-martin3.jpg 574w, https:\/\/elfederalmendoza.com.ar\/wp-content\/uploads\/2023\/05\/plaza-san-martin3-300x269.jpg 300w\" sizes=\"auto, (max-width: 835px) 100vw, 835px\" \/><figcaption class=\"wp-element-caption\">Momento de la detenci\u00f3n del agresor<\/figcaption><\/figure>\n\n\n\n<p>El episodio tuvo lugar a las 5.30 cuando personal de&nbsp;<strong>Preventores&nbsp;<\/strong>tom\u00f3 conocimiento sobre un sujeto caminando con un arma blanca en su poder por la avenida San Mart\u00edn, en pleno centro mendocino.<\/p>\n\n\n\n<p>Al mismo tiempo, los efectivos municipales fueron informados sobre&nbsp;<mark>el robo de un celular a un joven en la zona de calles Necochea y 9 de Julio<\/mark>.<\/p>\n\n\n\n<p>Cuando se desplazaron hasta ese sector, dieron con la v\u00edctima, quien presentaba lesiones cortantes en diferentes partes del cuerpo. Por eso, tambi\u00e9n arribaron al lugar efectivos de la&nbsp;<strong>Comisar\u00eda Tercera&nbsp;<\/strong>y una ambulancia del&nbsp;<strong>Servicio de Emergencias Coordinado<\/strong>&nbsp;(<strong>SEC<\/strong>).<\/p>\n\n\n\n<p>El muchacho, oriundo del&nbsp;<strong>barrio Villa Graciela<\/strong>&nbsp;de&nbsp;<strong>Guaymall\u00e9n<\/strong>, fue llevado hasta el mencionado efector p\u00fablico de calle Alem, donde los m\u00e9dicos constataron que&nbsp;<mark>presentaba heridas cortopunzante en el lado izquierdo del cuello y en el cuero cabelludo<\/mark>.<\/p>\n\n\n\n<p>Al mismo tiempo, los preventores y un polic\u00eda de servicios extraordinarios<mark>&nbsp;lograron la detenci\u00f3n en el cruce de San Mart\u00edn y Espejo del principal sospechoso, individualizado como&nbsp;<strong>Ram\u00f3n Ignacio Perea Herrera<\/strong>, de 32 a\u00f1os<\/mark>. De acuerdo con fuentes policiales, el sujeto se encontraba en situaci\u00f3n de calle.<\/p>\n\n\n\n<p>Al requisarlo,&nbsp;<mark>le hallaron un cuchillo de mesa de acero inoxidable y un bistur\u00ed sin la cuchilla<\/mark>. Aparentemente, el presunto agresor actu\u00f3 junto a un c\u00f3mplice, quien se habr\u00eda dado a la fuga con el celular de la v\u00edctima.<\/p>\n\n\n\n<p>Lo cierto es que Perea Herrera fue trasladado a la citada dependencia de calle Rioja, donde qued\u00f3 alojado a disposici\u00f3n de la&nbsp;<strong>Oficina Fiscal N\u00ba 1<\/strong>.<\/p>\n\n\n\n<p>En la escena trabaj\u00f3 personal de la&nbsp;<strong>Unidad Investigativa Departamental Capital&nbsp;<\/strong>(<strong>UID<\/strong>) y la&nbsp;<strong>Polic\u00eda Cient\u00edfica<\/strong>.<\/p>\n","protected":false},"excerpt":{"rendered":"<p>Malvivientes apu\u00f1alaron la madrugada de este martes a un joven de 19 a\u00f1os para robarle el celular en la plaza&nbsp;San Mart\u00edn&nbsp;de&nbsp;Ciudad. El chico, identificado como&nbsp;Alexander Agust\u00edn Vel\u00e1zquez, qued\u00f3 internado en el&nbsp;Hospital Central. En tanto, uno de los presuntos autores fue detenido y un c\u00f3mplice consigui\u00f3 darse a la fuga. Creen que este \u00faltimo se llev\u00f3<a class=\"read-more\" href=\"https:\/\/elfederalmendoza.com.ar\/index.php\/2023\/05\/23\/apunalaron-a-un-joven-de-19-anos-en-la-plaza-san-martin-para-robarle-el-celular\/\"> [&hellip;]<\/a><\/p>\n","protected":false},"author":2,"featured_media":23091,"comment_status":"open","ping_status":"open","sticky":false,"template":"","format":"standard","meta":{"footnotes":""},"categories":[1],"tags":[],"class_list":["post-23089","post","type-post","status-publish","format-standard","has-post-thumbnail","hentry","category-mza"],"rttpg_featured_image_url":{"full":["https:\/\/elfederalmendoza.com.ar\/wp-content\/uploads\/2023\/05\/plaza-san-martin2.jpg",977,634,false],"landscape":["https:\/\/elfederalmendoza.com.ar\/wp-content\/uploads\/2023\/05\/plaza-san-martin2.jpg",977,634,false],"portraits":["https:\/\/elfederalmendoza.com.ar\/wp-content\/uploads\/2023\/05\/plaza-san-martin2.jpg",977,634,false],"thumbnail":["https:\/\/elfederalmendoza.com.ar\/wp-content\/uploads\/2023\/05\/plaza-san-martin2-150x150.jpg",150,150,true],"medium":["https:\/\/elfederalmendoza.com.ar\/wp-content\/uploads\/2023\/05\/plaza-san-martin2-300x195.jpg",300,195,true],"large":["https:\/\/elfederalmendoza.com.ar\/wp-content\/uploads\/2023\/05\/plaza-san-martin2.jpg",640,415,false],"1536x1536":["https:\/\/elfederalmendoza.com.ar\/wp-content\/uploads\/2023\/05\/plaza-san-martin2.jpg",977,634,false],"2048x2048":["https:\/\/elfederalmendoza.com.ar\/wp-content\/uploads\/2023\/05\/plaza-san-martin2.jpg",977,634,false],"ultp_layout_landscape_large":["https:\/\/elfederalmendoza.com.ar\/wp-content\/uploads\/2023\/05\/plaza-san-martin2.jpg",977,634,false],"ultp_layout_landscape":["https:\/\/elfederalmendoza.com.ar\/wp-content\/uploads\/2023\/05\/plaza-san-martin2-870x570.jpg",870,570,true],"ultp_layout_portrait":["https:\/\/elfederalmendoza.com.ar\/wp-content\/uploads\/2023\/05\/plaza-san-martin2-600x634.jpg",600,634,true],"ultp_layout_square":["https:\/\/elfederalmendoza.com.ar\/wp-content\/uploads\/2023\/05\/plaza-san-martin2-600x600.jpg",600,600,true],"rpwe-thumbnail":["https:\/\/elfederalmendoza.com.ar\/wp-content\/uploads\/2023\/05\/plaza-san-martin2-45x45.jpg",45,45,true],"advps-thumb-one":["https:\/\/elfederalmendoza.com.ar\/wp-content\/uploads\/2023\/05\/plaza-san-martin2-977x420.jpg",977,420,true]},"rttpg_author":{"display_name":"Redacci\u00f3n El Federal","author_link":"https:\/\/elfederalmendoza.com.ar\/index.php\/author\/angelflores\/"},"rttpg_comment":0,"rttpg_category":"<a href=\"https:\/\/elfederalmendoza.com.ar\/index.php\/category\/mza\/\" rel=\"category tag\">Mendoza<\/a>","rttpg_excerpt":"Malvivientes apu\u00f1alaron la madrugada de este martes a un joven de 19 a\u00f1os para robarle el celular en la plaza&nbsp;San Mart\u00edn&nbsp;de&nbsp;Ciudad. El chico, identificado como&nbsp;Alexander Agust\u00edn Vel\u00e1zquez, qued\u00f3 internado en el&nbsp;Hospital Central. En tanto, uno de los presuntos autores fue detenido y un c\u00f3mplice consigui\u00f3 darse a la fuga. Creen que este \u00faltimo se llev\u00f3&hellip;","_links":{"self":[{"href":"https:\/\/elfederalmendoza.com.ar\/index.php\/wp-json\/wp\/v2\/posts\/23089","targetHints":{"allow":["GET"]}}],"collection":[{"href":"https:\/\/elfederalmendoza.com.ar\/index.php\/wp-json\/wp\/v2\/posts"}],"about":[{"href":"https:\/\/elfederalmendoza.com.ar\/index.php\/wp-json\/wp\/v2\/types\/post"}],"author":[{"embeddable":true,"href":"https:\/\/elfederalmendoza.com.ar\/index.php\/wp-json\/wp\/v2\/users\/2"}],"replies":[{"embeddable":true,"href":"https:\/\/elfederalmendoza.com.ar\/index.php\/wp-json\/wp\/v2\/comments?post=23089"}],"version-history":[{"count":1,"href":"https:\/\/elfederalmendoza.com.ar\/index.php\/wp-json\/wp\/v2\/posts\/23089\/revisions"}],"predecessor-version":[{"id":23093,"href":"https:\/\/elfederalmendoza.com.ar\/index.php\/wp-json\/wp\/v2\/posts\/23089\/revisions\/23093"}],"wp:featuredmedia":[{"embeddable":true,"href":"https:\/\/elfederalmendoza.com.ar\/index.php\/wp-json\/wp\/v2\/media\/23091"}],"wp:attachment":[{"href":"https:\/\/elfederalmendoza.com.ar\/index.php\/wp-json\/wp\/v2\/media?parent=23089"}],"wp:term":[{"taxonomy":"category","embeddable":true,"href":"https:\/\/elfederalmendoza.com.ar\/index.php\/wp-json\/wp\/v2\/categories?post=23089"},{"taxonomy":"post_tag","embeddable":true,"href":"https:\/\/elfederalmendoza.com.ar\/index.php\/wp-json\/wp\/v2\/tags?post=23089"}],"curies":[{"name":"wp","href":"https:\/\/api.w.org\/{rel}","templated":true}]}}