{"id":23096,"date":"2023-05-23T06:40:00","date_gmt":"2023-05-23T09:40:00","guid":{"rendered":"https:\/\/elfederalmendoza.com\/?p=23096"},"modified":"2023-05-23T11:52:38","modified_gmt":"2023-05-23T14:52:38","slug":"benjamin-vicuna-lidera-el-ranking-de-netflix-con-una-cinta-filmada-en-mendoza","status":"publish","type":"post","link":"https:\/\/elfederalmendoza.com.ar\/index.php\/2023\/05\/23\/benjamin-vicuna-lidera-el-ranking-de-netflix-con-una-cinta-filmada-en-mendoza\/","title":{"rendered":"Benjam\u00edn Vicu\u00f1a lidera el ranking de Netflix con una cinta filmada en Mendoza"},"content":{"rendered":"\n<p><strong><a href=\"https:\/\/www.diariouno.com.ar\/tags\/netflix\" target=\"_blank\" rel=\"noreferrer noopener\">Netflix&nbsp;<\/a>estren\u00f3 recientemente un film protagonizado por Benjam\u00edn Vicu\u00f1a y filmada en Mendoza.&nbsp;<\/strong>La cinta es una de las m\u00e1s vista y est\u00e1 en el top ten.<\/p>\n\n\n\n<figure class=\"wp-block-image is-resized\"><img loading=\"lazy\" decoding=\"async\" src=\"https:\/\/media.diariouno.com.ar\/p\/fe0fa9c9ec37bc9422b985b833ad0f38\/adjuntos\/298\/imagenes\/009\/161\/0009161114\/1200x0\/smart\/papaaljpg.jpg\" alt=\"Streaming. Benjam\u00edn Vicu\u00f1a lidera el ranking de Netflix con una cinta filmada en Mendoza.\" width=\"838\" height=\"440\"\/><\/figure>\n\n\n\n<p>Streaming. Benjam\u00edn Vicu\u00f1a lidera el ranking de Netflix con una cinta filmada en Mendoza.<\/p>\n\n\n\n<p><strong>\u00abPap\u00e1 al Rescate\u00bb<\/strong>&nbsp;protagonizada por&nbsp;<strong>Benjam\u00edn Vicu\u00f1a<\/strong>. Se trata de una producci\u00f3n argentina y chilena, dirigida por el reconocido&nbsp;<strong>Marcos Carnevale<\/strong>.<\/p>\n\n\n\n<p>Guionada por Sebasti\u00e1n Freund y Rodrigo Mu\u00f1oz,&nbsp;<strong>esta pel\u00edcula es una mezcla de drama, comedia y ciencia ficci\u00f3n que est\u00e1 destinada a toda la familia.<\/strong><\/p>\n\n\n\n<p><strong>La plataforma de streaming Netflix estren\u00f3 el 19 de mayo la pel\u00edcula \u00abPap\u00e1 al rescate\u00bb<\/strong>, la cual fue filmada en distintos puntos de la provincia de Mendoza.<\/p>\n\n\n\n<p>La pel\u00edcula&nbsp;<strong>cuenta la historia de un padre chileno y sus amigos que viven una aventura acelerada, llena de percances, para atravesar la cordillera de Los Andes y obtener la custodia de una hija a la que no conoce<\/strong>. Adem\u00e1s de Benjam\u00edn Vicu\u00f1a, el elenco est\u00e1 conformado por grandes artistas nacionales y chilenos.<\/p>\n\n\n\n<figure class=\"wp-block-image\"><img decoding=\"async\" src=\"https:\/\/media.diariouno.com.ar\/p\/d1cdb8dea6b9c20ea0b17a7b23d19994\/adjuntos\/298\/imagenes\/009\/161\/0009161115\/1200x0\/smart\/papaalresjpg.jpg\" alt=\"Streaming. Benjam\u00edn Vicu\u00f1a lidera el ranking de Netflix con una cinta filmada en Mendoza.\"\/><\/figure>\n\n\n\n<p>Streaming. Benjam\u00edn Vicu\u00f1a lidera el ranking de Netflix con una cinta filmada en Mendoza.<\/p>\n\n\n\n<p><strong>\u00abPapa al rescate\u00bb promete ser una obra cinematogr\u00e1fica de gran calidad t\u00e9cnica y art\u00edstica<\/strong>, que combina una aventura emocionante con una reflexi\u00f3n profunda sobre los lazos humanos.<\/p>\n\n\n\n<h2 class=\"wp-block-heading\">De qu\u00e9 se trata \u00abPap\u00e1 al rescate\u00bb<\/h2>\n\n\n\n<p>Cuatro amigos son compa\u00f1eros de vida que se quieren y se acompa\u00f1an en las buenas y en las malas, dispuestos a todo por lograr su objetivo; u<strong>na historia que combina tanto el humor como la emoci\u00f3n.<\/strong><\/p>\n\n\n\n<p><strong>Eso hace que el p\u00fablico se r\u00eda, pero que tambi\u00e9n conecte con los personajes<\/strong>, que empatice, pero que a la vez pueda pasar un rato divertido, tan necesario en las pel\u00edculas actuales.<\/p>\n\n\n\n<figure class=\"wp-block-image\"><img decoding=\"async\" src=\"https:\/\/media.diariouno.com.ar\/p\/4de9a555be86a100c4ea007bc45c1121\/adjuntos\/298\/imagenes\/009\/161\/0009161116\/1200x0\/smart\/papaalljpg.jpg\" alt=\"Streaming. Benjam\u00edn Vicu\u00f1a lidera el ranking de Netflix con una cinta filmada en Mendoza.\"\/><\/figure>\n\n\n\n<p>Streaming. Benjam\u00edn Vicu\u00f1a lidera el ranking de Netflix con una cinta filmada en Mendoza.<\/p>\n\n\n\n<h2 class=\"wp-block-heading\">Protagonistas de \u00abPap\u00e1 al rescate\u00bb<\/h2>\n\n\n\n<ul class=\"wp-block-list\">\n<li>Benjam\u00edn Vincu\u00f1a<\/li>\n\n\n\n<li>Laurita Fern\u00e1ndez.<\/li>\n\n\n\n<li>Jorge Zabaleta.<\/li>\n\n\n\n<li>Fernando Larra\u00edn.<\/li>\n\n\n\n<li>Rodrigo Mu\u00f1oz.<\/li>\n\n\n\n<li>Nayaraq Guevara.<\/li>\n\n\n\n<li>Silvina Quintanilla.<\/li>\n<\/ul>\n\n\n\n<h2 class=\"wp-block-heading\">Trailer de \u00abPap\u00e1 al rescate\u00bb<\/h2>\n\n\n\n<figure class=\"wp-block-embed is-type-video is-provider-youtube wp-block-embed-youtube wp-embed-aspect-16-9 wp-has-aspect-ratio\"><div class=\"wp-block-embed__wrapper\">\n<iframe loading=\"lazy\" title=\"Trailer Final Oficial - Pap\u00e1 al rescate\" width=\"640\" height=\"360\" src=\"https:\/\/www.youtube.com\/embed\/svPcqtLD1W4?feature=oembed\" frameborder=\"0\" allow=\"accelerometer; autoplay; clipboard-write; encrypted-media; gyroscope; picture-in-picture; web-share\" referrerpolicy=\"strict-origin-when-cross-origin\" allowfullscreen><\/iframe>\n<\/div><\/figure>\n","protected":false},"excerpt":{"rendered":"<p>Netflix&nbsp;estren\u00f3 recientemente un film protagonizado por Benjam\u00edn Vicu\u00f1a y filmada en Mendoza.&nbsp;La cinta es una de las m\u00e1s vista y est\u00e1 en el top ten. Streaming. Benjam\u00edn Vicu\u00f1a lidera el ranking de Netflix con una cinta filmada en Mendoza. \u00abPap\u00e1 al Rescate\u00bb&nbsp;protagonizada por&nbsp;Benjam\u00edn Vicu\u00f1a. Se trata de una producci\u00f3n argentina y chilena, dirigida por el<a class=\"read-more\" href=\"https:\/\/elfederalmendoza.com.ar\/index.php\/2023\/05\/23\/benjamin-vicuna-lidera-el-ranking-de-netflix-con-una-cinta-filmada-en-mendoza\/\"> [&hellip;]<\/a><\/p>\n","protected":false},"author":2,"featured_media":23099,"comment_status":"open","ping_status":"open","sticky":false,"template":"","format":"standard","meta":{"footnotes":""},"categories":[5618],"tags":[],"class_list":["post-23096","post","type-post","status-publish","format-standard","has-post-thumbnail","hentry","category-arg"],"rttpg_featured_image_url":{"full":["https:\/\/elfederalmendoza.com.ar\/wp-content\/uploads\/2023\/05\/VICUNA.jpg",1011,580,false],"landscape":["https:\/\/elfederalmendoza.com.ar\/wp-content\/uploads\/2023\/05\/VICUNA.jpg",1011,580,false],"portraits":["https:\/\/elfederalmendoza.com.ar\/wp-content\/uploads\/2023\/05\/VICUNA.jpg",1011,580,false],"thumbnail":["https:\/\/elfederalmendoza.com.ar\/wp-content\/uploads\/2023\/05\/VICUNA-150x150.jpg",150,150,true],"medium":["https:\/\/elfederalmendoza.com.ar\/wp-content\/uploads\/2023\/05\/VICUNA-300x172.jpg",300,172,true],"large":["https:\/\/elfederalmendoza.com.ar\/wp-content\/uploads\/2023\/05\/VICUNA.jpg",640,367,false],"1536x1536":["https:\/\/elfederalmendoza.com.ar\/wp-content\/uploads\/2023\/05\/VICUNA.jpg",1011,580,false],"2048x2048":["https:\/\/elfederalmendoza.com.ar\/wp-content\/uploads\/2023\/05\/VICUNA.jpg",1011,580,false],"ultp_layout_landscape_large":["https:\/\/elfederalmendoza.com.ar\/wp-content\/uploads\/2023\/05\/VICUNA.jpg",1011,580,false],"ultp_layout_landscape":["https:\/\/elfederalmendoza.com.ar\/wp-content\/uploads\/2023\/05\/VICUNA-870x570.jpg",870,570,true],"ultp_layout_portrait":["https:\/\/elfederalmendoza.com.ar\/wp-content\/uploads\/2023\/05\/VICUNA-600x580.jpg",600,580,true],"ultp_layout_square":["https:\/\/elfederalmendoza.com.ar\/wp-content\/uploads\/2023\/05\/VICUNA-600x580.jpg",600,580,true],"rpwe-thumbnail":["https:\/\/elfederalmendoza.com.ar\/wp-content\/uploads\/2023\/05\/VICUNA-45x45.jpg",45,45,true],"advps-thumb-one":["https:\/\/elfederalmendoza.com.ar\/wp-content\/uploads\/2023\/05\/VICUNA-1011x420.jpg",1011,420,true]},"rttpg_author":{"display_name":"Redacci\u00f3n El Federal","author_link":"https:\/\/elfederalmendoza.com.ar\/index.php\/author\/angelflores\/"},"rttpg_comment":0,"rttpg_category":"<a href=\"https:\/\/elfederalmendoza.com.ar\/index.php\/category\/arg\/\" rel=\"category tag\">Argentina<\/a>","rttpg_excerpt":"Netflix&nbsp;estren\u00f3 recientemente un film protagonizado por Benjam\u00edn Vicu\u00f1a y filmada en Mendoza.&nbsp;La cinta es una de las m\u00e1s vista y est\u00e1 en el top ten. Streaming. Benjam\u00edn Vicu\u00f1a lidera el ranking de Netflix con una cinta filmada en Mendoza. \u00abPap\u00e1 al Rescate\u00bb&nbsp;protagonizada por&nbsp;Benjam\u00edn Vicu\u00f1a. Se trata de una producci\u00f3n argentina y chilena, dirigida por el&hellip;","_links":{"self":[{"href":"https:\/\/elfederalmendoza.com.ar\/index.php\/wp-json\/wp\/v2\/posts\/23096","targetHints":{"allow":["GET"]}}],"collection":[{"href":"https:\/\/elfederalmendoza.com.ar\/index.php\/wp-json\/wp\/v2\/posts"}],"about":[{"href":"https:\/\/elfederalmendoza.com.ar\/index.php\/wp-json\/wp\/v2\/types\/post"}],"author":[{"embeddable":true,"href":"https:\/\/elfederalmendoza.com.ar\/index.php\/wp-json\/wp\/v2\/users\/2"}],"replies":[{"embeddable":true,"href":"https:\/\/elfederalmendoza.com.ar\/index.php\/wp-json\/wp\/v2\/comments?post=23096"}],"version-history":[{"count":2,"href":"https:\/\/elfederalmendoza.com.ar\/index.php\/wp-json\/wp\/v2\/posts\/23096\/revisions"}],"predecessor-version":[{"id":23102,"href":"https:\/\/elfederalmendoza.com.ar\/index.php\/wp-json\/wp\/v2\/posts\/23096\/revisions\/23102"}],"wp:featuredmedia":[{"embeddable":true,"href":"https:\/\/elfederalmendoza.com.ar\/index.php\/wp-json\/wp\/v2\/media\/23099"}],"wp:attachment":[{"href":"https:\/\/elfederalmendoza.com.ar\/index.php\/wp-json\/wp\/v2\/media?parent=23096"}],"wp:term":[{"taxonomy":"category","embeddable":true,"href":"https:\/\/elfederalmendoza.com.ar\/index.php\/wp-json\/wp\/v2\/categories?post=23096"},{"taxonomy":"post_tag","embeddable":true,"href":"https:\/\/elfederalmendoza.com.ar\/index.php\/wp-json\/wp\/v2\/tags?post=23096"}],"curies":[{"name":"wp","href":"https:\/\/api.w.org\/{rel}","templated":true}]}}