{"id":23103,"date":"2023-05-23T12:46:20","date_gmt":"2023-05-23T15:46:20","guid":{"rendered":"https:\/\/elfederalmendoza.com\/?p=23103"},"modified":"2023-05-23T12:47:41","modified_gmt":"2023-05-23T15:47:41","slug":"video-el-momento-en-el-que-un-policia-de-civil-mato-a-tiros-a-un-ladron-luego-de-que-lo-asaltara","status":"publish","type":"post","link":"https:\/\/elfederalmendoza.com.ar\/index.php\/2023\/05\/23\/video-el-momento-en-el-que-un-policia-de-civil-mato-a-tiros-a-un-ladron-luego-de-que-lo-asaltara\/","title":{"rendered":"-VIDEO- El momento en el que un polic\u00eda de civil mat\u00f3 a tiros a un ladr\u00f3n luego de que lo asaltara"},"content":{"rendered":"\n<p>El efectivo de la fuerza fue amenazado y abordado por dos motochorros cuando circulaba por las calles de la localidad de Moreno, provincia de Buenos Aires<strong>. Ahora el hombre enfrenta el delito de homicidio agravado por el uso de arma de fuego y ser efectivo de una fuerza de seguridad.<\/strong><\/p>\n\n\n\n<p>En un nuevo cap\u00edtulo de inseguridad, un<strong>&nbsp;polic\u00eda de la provincia de Buenos Aires&nbsp;<\/strong>mat\u00f3 a tiros a un&nbsp;<strong>ladr\u00f3n&nbsp;<\/strong>luego de que este intentara robarle su moto mientras viajaba con su pareja. Ahora, el agente, que estaba vestido de civil, enfrenta el delito de \u201chomicidio agravado por el uso de arma de fuego y ser efectivo de una&nbsp;<strong>fuerza de seguridad<\/strong>\u201d.<\/p>\n\n\n\n<p>El hecho qued\u00f3 grabado en una c\u00e1mara de seguridad que estaba instalada en una parada de colectivos, la cual registr\u00f3 el intento de robo que se produjo alrededor de las 20.33 de la noche en las calles Lugones y Payro, de la localidad de La Reja, partido de&nbsp;<strong>Moreno<\/strong>, en el oeste del&nbsp;<strong>conurbano<\/strong>.<\/p>\n\n\n\n<figure class=\"wp-block-video\"><video controls src=\"https:\/\/elfederalmendoza.com\/wp-content\/uploads\/2023\/05\/347906720_160622100118995_6956504618106163490_n.mp4\"><\/video><\/figure>\n\n\n\n<p>En las im\u00e1genes puede verse c\u00f3mo el efectivo viajaba junto a su novia cuando fueron abordados por dos motochorros, los cuales usaban capucha y gorras. Mientras avanzaban por la calle, quien iba de acompa\u00f1ante en la moto azul le apunt\u00f3 con una supuesta arma de fuego, por lo que, a los pocos metros, el polic\u00eda detuvo la marcha.<\/p>\n\n\n\n<p><img loading=\"lazy\" decoding=\"async\" height=\"360\" width=\"640\" srcset=\"https:\/\/www.infobae.com\/new-resizer\/voERq6MsBaQcDuPxegMvYCcLauo=\/420x236\/filters:format(webp):quality(85)\/cloudfront-us-east-1.images.arcpublishing.com\/infobae\/L7UO5H6L3FBBTJLTPQB77YWVFU.jpg 420w,https:\/\/www.infobae.com\/new-resizer\/EfoG2R2PLEKT2RJj-U43xV1WIfU=\/768x432\/filters:format(webp):quality(85)\/cloudfront-us-east-1.images.arcpublishing.com\/infobae\/L7UO5H6L3FBBTJLTPQB77YWVFU.jpg 768w,https:\/\/www.infobae.com\/new-resizer\/JAt0YFD8Dz3W60MyhbWc5eQNZO0=\/992x558\/filters:format(webp):quality(85)\/cloudfront-us-east-1.images.arcpublishing.com\/infobae\/L7UO5H6L3FBBTJLTPQB77YWVFU.jpg 992w,https:\/\/www.infobae.com\/new-resizer\/vCztucQ4IUGzt5lBdxVETmcWNVA=\/1200x675\/filters:format(webp):quality(85)\/cloudfront-us-east-1.images.arcpublishing.com\/infobae\/L7UO5H6L3FBBTJLTPQB77YWVFU.jpg 1200w,https:\/\/www.infobae.com\/new-resizer\/v1t16v8Yu-57Rle04P8rUhGdWyg=\/1440x810\/filters:format(webp):quality(85)\/cloudfront-us-east-1.images.arcpublishing.com\/infobae\/L7UO5H6L3FBBTJLTPQB77YWVFU.jpg 1440w\" class=\"\" src=\"https:\/\/cloudfront-us-east-1.images.arcpublishing.com\/infobae\/L7UO5H6L3FBBTJLTPQB77YWVFU.jpg\" alt=\"Fuentes judiciales informaron que luego del hecho, el polic\u00eda, que presta servicios en Ituzaing\u00f3, llam\u00f3 al 911, y cuando personal de la comisar\u00eda local arrib\u00f3 a la escena denunci\u00f3 lo ocurrido\n\"><\/p>\n\n\n\n<p>Fuentes judiciales informaron que luego del hecho, el polic\u00eda, que presta servicios en Ituzaing\u00f3, llam\u00f3 al 911, y cuando personal de la comisar\u00eda local arrib\u00f3 a la escena denunci\u00f3 lo ocurrido<\/p>\n\n\n\n<p>Uno de los ladrones, que viajaba en un veh\u00edculo azul, se baj\u00f3 para&nbsp;<strong>amenazar&nbsp;<\/strong>a la pareja. Acto seguido guard\u00f3 la supuesta&nbsp;<strong>arma&nbsp;<\/strong>y puso ambas manos en el manubrio de la moto.<\/p>\n\n\n\n<p>Ese fue el instante cuando, luego de bajarse de la moto roja y que su pareja se alejara de la dar un par de pasos para atr\u00e1s para alejarse de los delincuentes, el polic\u00eda desenfund\u00f3 y realiz\u00f3 cuatro disparos contra el ladr\u00f3n.<\/p>\n\n\n\n<p>En un acto reflejo, el delincuente lleg\u00f3 a bajarse del veh\u00edculo a pesar de los disparos e intent\u00f3 escapar de la situaci\u00f3n. Sin embargo, corri\u00f3 unos metros hasta que cay\u00f3 muerto en la v\u00eda p\u00fablica, aunque fuera del alcance de la c\u00e1mara de seguridad; mientras que su c\u00f3mplice lo abandon\u00f3 y escap\u00f3 en la moto azul.<\/p>\n\n\n\n<p>Fuentes judiciales informaron que luego del hecho, el polic\u00eda, que presta servicios en la localidad de Ituzaing\u00f3, llam\u00f3 al 911, y cuando personal de la comisar\u00eda local arrib\u00f3 a la escena denunci\u00f3 lo sucedido. En ese lugar, los efectivos de La Reja encontraron al delincuente muerto, a quien se le secuestr\u00f3 una falsa arma de fuego compuesta por dos ca\u00f1os retorcidos con los que apunt\u00f3 a la pareja durante el intento de robo.<\/p>\n\n\n\n<p><img loading=\"lazy\" decoding=\"async\" alt=\"El polic\u00eda regres\u00f3 r\u00e1pidamente sobre sus pasos, extrajo un arma de fuego de entre sus ropas y dispar\u00f3 cinco veces contra el &quot;motochorro&quot;(Gustavo Luis Gavotti)\" height=\"1080\" width=\"1920\" class=\"\" src=\"https:\/\/cloudfront-us-east-1.images.arcpublishing.com\/infobae\/4HK54LFMXZAITCQQU5MKHJRH2I.jpg\" srcset=\"https:\/\/www.infobae.com\/new-resizer\/okPb29-XwL-z8XorwJtUyuFSRww=\/420x236\/filters:format(webp):quality(85)\/cloudfront-us-east-1.images.arcpublishing.com\/infobae\/4HK54LFMXZAITCQQU5MKHJRH2I.jpg 420w,https:\/\/www.infobae.com\/new-resizer\/QFr3RaKE3_C9ZtO2On9M44OLrmw=\/768x432\/filters:format(webp):quality(85)\/cloudfront-us-east-1.images.arcpublishing.com\/infobae\/4HK54LFMXZAITCQQU5MKHJRH2I.jpg 768w,https:\/\/www.infobae.com\/new-resizer\/LXKfSRzUdfC6k2DJPMNKl8d4cnk=\/992x558\/filters:format(webp):quality(85)\/cloudfront-us-east-1.images.arcpublishing.com\/infobae\/4HK54LFMXZAITCQQU5MKHJRH2I.jpg 992w,https:\/\/www.infobae.com\/new-resizer\/OruadzMqAHxBBVVintz1AVhbTTA=\/1200x675\/filters:format(webp):quality(85)\/cloudfront-us-east-1.images.arcpublishing.com\/infobae\/4HK54LFMXZAITCQQU5MKHJRH2I.jpg 1200w,https:\/\/www.infobae.com\/new-resizer\/FMyPhL2LLzmRnGSU7_NtVN3b4LQ=\/1440x810\/filters:format(webp):quality(85)\/cloudfront-us-east-1.images.arcpublishing.com\/infobae\/4HK54LFMXZAITCQQU5MKHJRH2I.jpg 1440w\">El polic\u00eda regres\u00f3 r\u00e1pidamente sobre sus pasos, extrajo un arma de fuego de entre sus ropas y dispar\u00f3 cinco veces contra el \u00abmotochorro\u00bb(Gustavo Luis Gavotti)<\/p>\n\n\n\n<p>Al mismo tiempo, los peritos secuestraron la pistola 9 mil\u00edmetros que utiliz\u00f3 el polic\u00eda de civil, quien hoy mismo ser\u00e1 indagado por el fiscal Gabriel L\u00f3pez, de la Unidad Funcional de Instrucci\u00f3n (UFI) 8 de Moreno-General Rodr\u00edguez, quien dispuso que la autopsia al cuerpo del fallecido se lleve a cabo en la morgue de Lomas de Zamora.<\/p>\n\n\n\n<p>Adem\u00e1s, el fiscal aguardaba que all\u00ed se confirmara la identidad del muerto, que tendr\u00eda unos 28 a\u00f1os.<\/p>\n\n\n\n<h2 class=\"wp-block-heading\">La inseguridad de cada d\u00eda<\/h2>\n\n\n\n<p>En un acto similar, meses atr\u00e1s, un efectivo de la polic\u00eda tambi\u00e9n mat\u00f3 a un ladr\u00f3n, e hiri\u00f3 a otro, cuando una banda de motochorros intent\u00f3 asaltarlo en el partido de Tres de Febrero, Provincia de Buenos Aires.<\/p>\n\n\n\n<p>El hecho sucedi\u00f3 sobre la calle Nuestra Se\u00f1ora de la Merced al 3900 en la localidad de Villa Pineral cuando un efectivo de la Polic\u00eda de la Ciudad, que circulaba de civil, fue interceptado por al menos cuatro delincuentes distribuidos en tres motos.<\/p>\n\n\n\n<p>Los ladrones acorralaron al hombre, quien dej\u00f3 su rodado y comenz\u00f3 a huir. Sin embargo, los asaltantes respondieron realizando disparos con armas de fuego contra su personas.<\/p>\n\n\n\n<p>Tras correr algunos metros, el polic\u00eda tom\u00f3 su arma reglamentaria y mantuvo un tiroteo con los delincuentes, tal como informaron fuentes judiciales y policiales del caso. El enfrentamiento termin\u00f3 con un ladr\u00f3n muerto que fue identificado como Ricardo Alexis Valdez de 18 a\u00f1os que viv\u00eda en el barrio Carlos Gardel. El fallecido ya contaba con antecedentes penales y un pedido de detenci\u00f3n vigente por reiterados robos, emitido por el Juzgado de Garant\u00edas N\u00b05 de Mor\u00f3n.<\/p>\n\n\n\n<p>Si bien el efectivo de la fuerza porte\u00f1a fue imputado por homicidio agravado por uso de arma de fuego, qued\u00f3 en libertad al considerarse que se trat\u00f3 de un acto en defensa propia.<\/p>\n\n\n\n<p><em>Con informaci\u00f3n de Telam<\/em><\/p>\n","protected":false},"excerpt":{"rendered":"<p>El efectivo de la fuerza fue amenazado y abordado por dos motochorros cuando circulaba por las calles de la localidad de Moreno, provincia de Buenos Aires. Ahora el hombre enfrenta el delito de homicidio agravado por el uso de arma de fuego y ser efectivo de una fuerza de seguridad. En un nuevo cap\u00edtulo de<a class=\"read-more\" href=\"https:\/\/elfederalmendoza.com.ar\/index.php\/2023\/05\/23\/video-el-momento-en-el-que-un-policia-de-civil-mato-a-tiros-a-un-ladron-luego-de-que-lo-asaltara\/\"> [&hellip;]<\/a><\/p>\n","protected":false},"author":2,"featured_media":23106,"comment_status":"open","ping_status":"open","sticky":false,"template":"","format":"standard","meta":{"footnotes":""},"categories":[5618],"tags":[],"class_list":["post-23103","post","type-post","status-publish","format-standard","has-post-thumbnail","hentry","category-arg"],"rttpg_featured_image_url":{"full":["https:\/\/elfederalmendoza.com.ar\/wp-content\/uploads\/2023\/05\/tirador.jpg",1112,597,false],"landscape":["https:\/\/elfederalmendoza.com.ar\/wp-content\/uploads\/2023\/05\/tirador.jpg",1112,597,false],"portraits":["https:\/\/elfederalmendoza.com.ar\/wp-content\/uploads\/2023\/05\/tirador.jpg",1112,597,false],"thumbnail":["https:\/\/elfederalmendoza.com.ar\/wp-content\/uploads\/2023\/05\/tirador-150x150.jpg",150,150,true],"medium":["https:\/\/elfederalmendoza.com.ar\/wp-content\/uploads\/2023\/05\/tirador-300x161.jpg",300,161,true],"large":["https:\/\/elfederalmendoza.com.ar\/wp-content\/uploads\/2023\/05\/tirador-1024x550.jpg",640,344,true],"1536x1536":["https:\/\/elfederalmendoza.com.ar\/wp-content\/uploads\/2023\/05\/tirador.jpg",1112,597,false],"2048x2048":["https:\/\/elfederalmendoza.com.ar\/wp-content\/uploads\/2023\/05\/tirador.jpg",1112,597,false],"ultp_layout_landscape_large":["https:\/\/elfederalmendoza.com.ar\/wp-content\/uploads\/2023\/05\/tirador.jpg",1112,597,false],"ultp_layout_landscape":["https:\/\/elfederalmendoza.com.ar\/wp-content\/uploads\/2023\/05\/tirador-870x570.jpg",870,570,true],"ultp_layout_portrait":["https:\/\/elfederalmendoza.com.ar\/wp-content\/uploads\/2023\/05\/tirador-600x597.jpg",600,597,true],"ultp_layout_square":["https:\/\/elfederalmendoza.com.ar\/wp-content\/uploads\/2023\/05\/tirador-600x597.jpg",600,597,true],"rpwe-thumbnail":["https:\/\/elfederalmendoza.com.ar\/wp-content\/uploads\/2023\/05\/tirador-45x45.jpg",45,45,true],"advps-thumb-one":["https:\/\/elfederalmendoza.com.ar\/wp-content\/uploads\/2023\/05\/tirador-1112x420.jpg",1112,420,true]},"rttpg_author":{"display_name":"Redacci\u00f3n El Federal","author_link":"https:\/\/elfederalmendoza.com.ar\/index.php\/author\/angelflores\/"},"rttpg_comment":0,"rttpg_category":"<a href=\"https:\/\/elfederalmendoza.com.ar\/index.php\/category\/arg\/\" rel=\"category tag\">Argentina<\/a>","rttpg_excerpt":"El efectivo de la fuerza fue amenazado y abordado por dos motochorros cuando circulaba por las calles de la localidad de Moreno, provincia de Buenos Aires. Ahora el hombre enfrenta el delito de homicidio agravado por el uso de arma de fuego y ser efectivo de una fuerza de seguridad. En un nuevo cap\u00edtulo de&hellip;","_links":{"self":[{"href":"https:\/\/elfederalmendoza.com.ar\/index.php\/wp-json\/wp\/v2\/posts\/23103","targetHints":{"allow":["GET"]}}],"collection":[{"href":"https:\/\/elfederalmendoza.com.ar\/index.php\/wp-json\/wp\/v2\/posts"}],"about":[{"href":"https:\/\/elfederalmendoza.com.ar\/index.php\/wp-json\/wp\/v2\/types\/post"}],"author":[{"embeddable":true,"href":"https:\/\/elfederalmendoza.com.ar\/index.php\/wp-json\/wp\/v2\/users\/2"}],"replies":[{"embeddable":true,"href":"https:\/\/elfederalmendoza.com.ar\/index.php\/wp-json\/wp\/v2\/comments?post=23103"}],"version-history":[{"count":2,"href":"https:\/\/elfederalmendoza.com.ar\/index.php\/wp-json\/wp\/v2\/posts\/23103\/revisions"}],"predecessor-version":[{"id":23110,"href":"https:\/\/elfederalmendoza.com.ar\/index.php\/wp-json\/wp\/v2\/posts\/23103\/revisions\/23110"}],"wp:featuredmedia":[{"embeddable":true,"href":"https:\/\/elfederalmendoza.com.ar\/index.php\/wp-json\/wp\/v2\/media\/23106"}],"wp:attachment":[{"href":"https:\/\/elfederalmendoza.com.ar\/index.php\/wp-json\/wp\/v2\/media?parent=23103"}],"wp:term":[{"taxonomy":"category","embeddable":true,"href":"https:\/\/elfederalmendoza.com.ar\/index.php\/wp-json\/wp\/v2\/categories?post=23103"},{"taxonomy":"post_tag","embeddable":true,"href":"https:\/\/elfederalmendoza.com.ar\/index.php\/wp-json\/wp\/v2\/tags?post=23103"}],"curies":[{"name":"wp","href":"https:\/\/api.w.org\/{rel}","templated":true}]}}