{"id":23111,"date":"2023-05-24T08:28:56","date_gmt":"2023-05-24T11:28:56","guid":{"rendered":"https:\/\/elfederalmendoza.com\/?p=23111"},"modified":"2023-05-24T08:31:49","modified_gmt":"2023-05-24T11:31:49","slug":"embargaron-por-30-millones-al-acusado-de-matar-al-amigo-de-su-expareja-en-guaymallen","status":"publish","type":"post","link":"https:\/\/elfederalmendoza.com.ar\/index.php\/2023\/05\/24\/embargaron-por-30-millones-al-acusado-de-matar-al-amigo-de-su-expareja-en-guaymallen\/","title":{"rendered":"Embargaron por 30 millones al acusado de matar al amigo de su expareja en Guaymall\u00e9n"},"content":{"rendered":"\n<p>Este martes durante una audiencia, la&nbsp;<strong>Justicia<\/strong>&nbsp;dict\u00f3 la&nbsp;<strong>prision<\/strong>&nbsp;preventiva y un embargo para el acusado de&nbsp;<strong>matar<\/strong>&nbsp;<strong>a<\/strong>&nbsp;<strong>Sergio \u00abKeko\u00bb Morales<\/strong>, un amigo de su expareja en&nbsp;<strong>Guaymall\u00e9n<\/strong>, la noche del 14 de abril de 2023.<\/p>\n\n\n\n<p><strong>V\u00edctor \u00abMono\u00bb S\u00e1nchez\u00a0<\/strong>permanecer\u00e1 en prisi\u00f3n debido a que la Justicia entiende que existe riesgo de fuga, teniendo en cuenta que se mantuvo en la clandestinidad casi un mes desde el hecho, hasta que se entreg\u00f3 ante las autoridades del Polo Judicial, el viernes 5 de mayo.<\/p>\n\n\n\n<figure class=\"wp-block-image size-large\"><img loading=\"lazy\" decoding=\"async\" width=\"1024\" height=\"613\" src=\"https:\/\/elfederalmendoza.com\/wp-content\/uploads\/2023\/05\/morales6-1024x613.jpg\" alt=\"\" class=\"wp-image-23117\" srcset=\"https:\/\/elfederalmendoza.com.ar\/wp-content\/uploads\/2023\/05\/morales6-1024x613.jpg 1024w, https:\/\/elfederalmendoza.com.ar\/wp-content\/uploads\/2023\/05\/morales6-300x180.jpg 300w, https:\/\/elfederalmendoza.com.ar\/wp-content\/uploads\/2023\/05\/morales6-768x460.jpg 768w, https:\/\/elfederalmendoza.com.ar\/wp-content\/uploads\/2023\/05\/morales6.jpg 1062w\" sizes=\"auto, (max-width: 1024px) 100vw, 1024px\" \/><figcaption class=\"wp-element-caption\"><strong>V\u00edctor \u00abMono\u00bb S\u00e1nchez\u00a0<\/strong>permanecer\u00e1 en prisi\u00f3n debido a que la Justicia entiende que existe riesgo de fuga<\/figcaption><\/figure>\n\n\n\n<p>Por disposici\u00f3n del juez&nbsp;<strong>Federico Mart\u00ednez del&nbsp;Juzgado Penal Colegiado N\u00ba 1,&nbsp;<\/strong>tambi\u00e9n le&nbsp;<strong>embargaron<\/strong>&nbsp;los bienes por un valor de 30 millones de pesos. El hombre est\u00e1 imputado por el delito de&nbsp;<em>Homicidio simple agravado por el uso de arma de fuego y Amenazas Agravadas por el uso de arma de fuego en contexto de violencia de g\u00e9nero<\/em>, respecto a las agresiones hacia su expareja,&nbsp;<strong>Anal\u00eda Escobar<\/strong>. En este escenario, \u00abel Mono\u00bb S\u00e1nchez aguardar\u00e1 el proceso de instrucci\u00f3n tras las rejas, hasta que se establezca la fecha del inicio del debate.<\/p>\n\n\n\n<h2 class=\"wp-block-heading\"><strong>El caso<\/strong><\/h2>\n\n\n\n<p><strong>\u00abKeko\u00bb Morales<\/strong> se encontraba en la casa de <strong>Anal\u00eda Escobar<\/strong>, ubicada en Julio Le\u00f3nidas Aguirre al 1.500 de Guaymall\u00e9n, haciendo un asado para compartir con otros amigos, en la noche del 14 de abril. La mujer estaba separada de S\u00e1nchez y era v\u00edctima de constantes amenazas. El ahora acusado la agobiaba con sus celos y fue por este motivo que la situaci\u00f3n tuvo una escalada de violencia en la que asesin\u00f3 a Morales.<\/p>\n\n\n\n<figure class=\"wp-block-image is-resized\"><img loading=\"lazy\" decoding=\"async\" src=\"https:\/\/www.mendozapost.com\/files\/image\/478\/478809\/6455917089f97_570_313!.jpg?s=1f5b5b7a0dce4ac1a879a6121693244d&amp;d=1684880099\" alt=\"\" width=\"835\" height=\"459\"\/><figcaption class=\"wp-element-caption\">La v\u00edctima, Sergio \u00abKeko\u00bb Morales.<\/figcaption><\/figure>\n\n\n\n<p>Seg\u00fan la reconstrucci\u00f3n de los hechos y testimonios, <strong>S\u00e1nchez trep\u00f3 a la medianera de su ex y, al ver a Morales haciendo el asado, crey\u00f3 que era la pareja de la mujer y le dispar\u00f3<\/strong>. El hombre herido fue trasladado al hospital y nueve d\u00edas despu\u00e9s falleci\u00f3. En cu\u00e1nto al acusado, escap\u00f3 esa noche por los techos y se mantuvo pr\u00f3fugo hasta que, acorralado, se entreg\u00f3 a la Justicia.<\/p>\n","protected":false},"excerpt":{"rendered":"<p>Este martes durante una audiencia, la&nbsp;Justicia&nbsp;dict\u00f3 la&nbsp;prision&nbsp;preventiva y un embargo para el acusado de&nbsp;matar&nbsp;a&nbsp;Sergio \u00abKeko\u00bb Morales, un amigo de su expareja en&nbsp;Guaymall\u00e9n, la noche del 14 de abril de 2023. V\u00edctor \u00abMono\u00bb S\u00e1nchez\u00a0permanecer\u00e1 en prisi\u00f3n debido a que la Justicia entiende que existe riesgo de fuga, teniendo en cuenta que se mantuvo en la clandestinidad<a class=\"read-more\" href=\"https:\/\/elfederalmendoza.com.ar\/index.php\/2023\/05\/24\/embargaron-por-30-millones-al-acusado-de-matar-al-amigo-de-su-expareja-en-guaymallen\/\"> [&hellip;]<\/a><\/p>\n","protected":false},"author":2,"featured_media":23113,"comment_status":"open","ping_status":"open","sticky":false,"template":"","format":"standard","meta":{"footnotes":""},"categories":[1],"tags":[],"class_list":["post-23111","post","type-post","status-publish","format-standard","has-post-thumbnail","hentry","category-mza"],"rttpg_featured_image_url":{"full":["https:\/\/elfederalmendoza.com.ar\/wp-content\/uploads\/2023\/05\/morales5.jpg",883,619,false],"landscape":["https:\/\/elfederalmendoza.com.ar\/wp-content\/uploads\/2023\/05\/morales5.jpg",883,619,false],"portraits":["https:\/\/elfederalmendoza.com.ar\/wp-content\/uploads\/2023\/05\/morales5.jpg",883,619,false],"thumbnail":["https:\/\/elfederalmendoza.com.ar\/wp-content\/uploads\/2023\/05\/morales5-150x150.jpg",150,150,true],"medium":["https:\/\/elfederalmendoza.com.ar\/wp-content\/uploads\/2023\/05\/morales5-300x210.jpg",300,210,true],"large":["https:\/\/elfederalmendoza.com.ar\/wp-content\/uploads\/2023\/05\/morales5.jpg",640,449,false],"1536x1536":["https:\/\/elfederalmendoza.com.ar\/wp-content\/uploads\/2023\/05\/morales5.jpg",883,619,false],"2048x2048":["https:\/\/elfederalmendoza.com.ar\/wp-content\/uploads\/2023\/05\/morales5.jpg",883,619,false],"ultp_layout_landscape_large":["https:\/\/elfederalmendoza.com.ar\/wp-content\/uploads\/2023\/05\/morales5.jpg",883,619,false],"ultp_layout_landscape":["https:\/\/elfederalmendoza.com.ar\/wp-content\/uploads\/2023\/05\/morales5-870x570.jpg",870,570,true],"ultp_layout_portrait":["https:\/\/elfederalmendoza.com.ar\/wp-content\/uploads\/2023\/05\/morales5-600x619.jpg",600,619,true],"ultp_layout_square":["https:\/\/elfederalmendoza.com.ar\/wp-content\/uploads\/2023\/05\/morales5-600x600.jpg",600,600,true],"rpwe-thumbnail":["https:\/\/elfederalmendoza.com.ar\/wp-content\/uploads\/2023\/05\/morales5-45x45.jpg",45,45,true],"advps-thumb-one":["https:\/\/elfederalmendoza.com.ar\/wp-content\/uploads\/2023\/05\/morales5-883x420.jpg",883,420,true]},"rttpg_author":{"display_name":"Redacci\u00f3n El Federal","author_link":"https:\/\/elfederalmendoza.com.ar\/index.php\/author\/angelflores\/"},"rttpg_comment":0,"rttpg_category":"<a href=\"https:\/\/elfederalmendoza.com.ar\/index.php\/category\/mza\/\" rel=\"category tag\">Mendoza<\/a>","rttpg_excerpt":"Este martes durante una audiencia, la&nbsp;Justicia&nbsp;dict\u00f3 la&nbsp;prision&nbsp;preventiva y un embargo para el acusado de&nbsp;matar&nbsp;a&nbsp;Sergio \u00abKeko\u00bb Morales, un amigo de su expareja en&nbsp;Guaymall\u00e9n, la noche del 14 de abril de 2023. V\u00edctor \u00abMono\u00bb S\u00e1nchez\u00a0permanecer\u00e1 en prisi\u00f3n debido a que la Justicia entiende que existe riesgo de fuga, teniendo en cuenta que se mantuvo en la clandestinidad&hellip;","_links":{"self":[{"href":"https:\/\/elfederalmendoza.com.ar\/index.php\/wp-json\/wp\/v2\/posts\/23111","targetHints":{"allow":["GET"]}}],"collection":[{"href":"https:\/\/elfederalmendoza.com.ar\/index.php\/wp-json\/wp\/v2\/posts"}],"about":[{"href":"https:\/\/elfederalmendoza.com.ar\/index.php\/wp-json\/wp\/v2\/types\/post"}],"author":[{"embeddable":true,"href":"https:\/\/elfederalmendoza.com.ar\/index.php\/wp-json\/wp\/v2\/users\/2"}],"replies":[{"embeddable":true,"href":"https:\/\/elfederalmendoza.com.ar\/index.php\/wp-json\/wp\/v2\/comments?post=23111"}],"version-history":[{"count":2,"href":"https:\/\/elfederalmendoza.com.ar\/index.php\/wp-json\/wp\/v2\/posts\/23111\/revisions"}],"predecessor-version":[{"id":23118,"href":"https:\/\/elfederalmendoza.com.ar\/index.php\/wp-json\/wp\/v2\/posts\/23111\/revisions\/23118"}],"wp:featuredmedia":[{"embeddable":true,"href":"https:\/\/elfederalmendoza.com.ar\/index.php\/wp-json\/wp\/v2\/media\/23113"}],"wp:attachment":[{"href":"https:\/\/elfederalmendoza.com.ar\/index.php\/wp-json\/wp\/v2\/media?parent=23111"}],"wp:term":[{"taxonomy":"category","embeddable":true,"href":"https:\/\/elfederalmendoza.com.ar\/index.php\/wp-json\/wp\/v2\/categories?post=23111"},{"taxonomy":"post_tag","embeddable":true,"href":"https:\/\/elfederalmendoza.com.ar\/index.php\/wp-json\/wp\/v2\/tags?post=23111"}],"curies":[{"name":"wp","href":"https:\/\/api.w.org\/{rel}","templated":true}]}}