{"id":23119,"date":"2023-05-24T08:55:58","date_gmt":"2023-05-24T11:55:58","guid":{"rendered":"https:\/\/elfederalmendoza.com\/?p=23119"},"modified":"2023-05-24T08:55:58","modified_gmt":"2023-05-24T11:55:58","slug":"polemica-taparon-las-islas-malvinas-y-la-bandera-argentina-en-la-pantalla-del-estadio-en-los-partidos-del-mundial-sub-20","status":"publish","type":"post","link":"https:\/\/elfederalmendoza.com.ar\/index.php\/2023\/05\/24\/polemica-taparon-las-islas-malvinas-y-la-bandera-argentina-en-la-pantalla-del-estadio-en-los-partidos-del-mundial-sub-20\/","title":{"rendered":"Pol\u00e9mica: taparon las Islas Malvinas y la bandera argentina en la pantalla del estadio en los partidos del Mundial Sub 20"},"content":{"rendered":"\n<p>Lo que en un primer momento pas\u00f3 casi desapercibido se convirti\u00f3 ahora en una fuerte pol\u00e9mica pol\u00edtica. Es que luego de que disputaran en Mendoza cuatro partidos del\u00a0<strong>Mundial Sub 20\u00a0<\/strong>de f\u00fatbol alguien advirti\u00f3 que en el remodelado cartel electr\u00f3nico ubicado en lo alto de la tribuna sur, no est\u00e1n ni el mapa de Malvinas, que identifica el nombre del estadio, ni la bandera argentina.<\/p>\n\n\n\n<p>Anoticiado de lo sucedido, uno de los primeros en reaccionar y denunciar p\u00fablicamente esta situaci\u00f3n fue precisamente el secretario nacional de Malvinas, el mendocino&nbsp;<strong>Guillermo Carmona,<\/strong>&nbsp;quien adem\u00e1s es precandidato a gobernador para las PASO del 11 de junio por una de las listas del peronismo que a estas elecciones llega bajo el nombre de Frente Eleg\u00ed.<\/p>\n\n\n\n<p>El funcionario nacional hizo una publicaci\u00f3n en sus redes sociales en la que aludi\u00f3 a que cuando se desat\u00f3 la pol\u00e9mica por un supuesto cambio de nombre del Malvinas Argentinas durante el desarrollo del torneo juvenil en nuestro pa\u00eds,&nbsp;<strong>el gobernador Rodolfo Suarez descart\u00f3 esa discusi\u00f3n, asegur\u00f3 que no se modificar\u00eda la denominaci\u00f3n del escenario deportivo mayor de la provincia y calific\u00f3 esa versi\u00f3n como un bolazo.<\/strong><\/p>\n\n\n\n<figure class=\"wp-block-image\"><img decoding=\"async\" src=\"https:\/\/media.diariouno.com.ar\/p\/52ca6e0aa467275f43c524351d1b5744\/adjuntos\/298\/imagenes\/009\/161\/0009161717\/1200x0\/smart\/cartel-estado-malvinas-argentinasjpg.jpg\" alt=\"As\u00ed estaba el cartel electr\u00f3nico del Malvinas la semana pasada, d\u00edas antes del inicio del Mundial Sub 20, con la bandera argentina en el lado derecho y el mapa de las islas en el costado izquierdo.\"\/><\/figure>\n\n\n\n<p>As\u00ed estaba el cartel electr\u00f3nico del Malvinas la semana pasada, d\u00edas antes del inicio del Mundial Sub 20, con la bandera argentina en el lado derecho y el mapa de las islas en el costado izquierdo.<\/p>\n\n\n\n<h2 class=\"wp-block-heading\">Guillermo Carmona contra Rodolfo Suarez<\/h2>\n\n\n\n<p><strong>\u00abAl final no era un bolazo, como dijo el gobernador Rodolfo Suarez lo del estadio Malvinas Argentinas durante el Mundial Juvenil Sub 20. Y no solo taparon a nuestras islas, tambi\u00e9n lo hicieron con la bandera argentina\u00bb,<\/strong>&nbsp;poste\u00f3 Carmona y acompa\u00f1\u00f3 su publicaci\u00f3n con una imagen compuesta en la que se observa c\u00f3mo estaba el cartel antes del Mundial Sub 20, con la bandera nacional y el mapa de las islas y c\u00f3mo est\u00e1 ahora, con el logo de la FIFA y el hastag del campeonato.<\/p>\n\n\n\n<p>Tambi\u00e9n se\u00f1al\u00f3 Carmona: \u00abNunca dieron una explicaci\u00f3n satisfactoria de lo que negociaron y acordaron con la FIFA. Nunca consultaron con la Canciller\u00eda.&nbsp;<strong>Lo que evidencia el tablero electr\u00f3nico lo dice todo\u00bb.<\/strong><\/p>\n\n\n\n<p>Y cerr\u00f3: \u00abA falta de explicaci\u00f3n satisfactoria \u00bfhabr\u00e1 al menos un pedido de disculpas p\u00fablicas de parte del gobernador?\u00bb.<\/p>\n\n\n\n<figure class=\"wp-block-image\"><img decoding=\"async\" src=\"https:\/\/media.diariouno.com.ar\/p\/4fdac2e9f348feb0e4656c8d14cf4bf4\/adjuntos\/298\/imagenes\/009\/161\/0009161720\/1200x0\/smart\/tuit-carmonajpg.jpg\" alt=\"\"\/><\/figure>\n\n\n\n<p>Enseguida se prendi\u00f3 en la cr\u00edtica<strong>&nbsp;Lucas Ilardo,<\/strong>&nbsp;senador provincial y precandidato a vicegobernador por otra lista del peronismo, la que encabeza Omar Parisi. El legislador atac\u00f3 al subsecretario de Deportes, Federico Chiapetta. Dijo el legislador kirchnerista:&nbsp;<strong>\u00abChiapetta sigue en el cargo de Deportes y todav\u00eda nadie entiende por qu\u00e9. Suarez nos dijo que era un bolazo, otra vez minti\u00f3 pero la impunidad lo cubre. Esta vez, minti\u00f3 para deshonrar a nuestros h\u00e9roes de Malvinas tap\u00e1ndolos en el estadio de Mendoza. Vergonzoso\u00bb.<\/strong><\/p>\n\n\n\n<p>Tambi\u00e9n se expres\u00f3 la diputada nacional Marisa Uceda: \u00abLo dijimos en su momento y Suarez nos trat\u00f3 de mentirosos. En el Estadio Malvinas Argentinas nuestras Islas fueron cubiertas por un cartel promocional de FIFA y hacia el mundo entero es llamado Estadio Mendoza.&nbsp;<strong>Ni lo propio defienden\u00bb.<\/strong><\/p>\n\n\n\n<h2 class=\"wp-block-heading\"><strong>Chiapetta descart\u00f3 entrar en la pol\u00e9mica<\/strong><\/h2>\n\n\n\n<p>El aludido <strong>Federico Chiapetta<\/strong> prefiri\u00f3 no entrar en la pol\u00e9mica y, consultado por Diario UNO, evit\u00f3 contestar los agravios.<\/p>\n\n\n\n<p>De todos modos, fuentes ligadas al Gobierno subrayaron que no se cambi\u00f3 ni se quit\u00f3 el nombre del Malvinas Argentinas y que la carteler\u00eda que identifica al estadio con esa denominaci\u00f3n no ha sido retirada ni tapada, tanto en los ingresos como en la zona por donde pasan los planteles, en la que incluso est\u00e1 el banner del Mundial Sub 20 colocado por los organizadores. S\u00ed admitieron que en el cartel electr\u00f3nico fueron tapadas o quitadas la bandera y el mapa de Malvinas, pero eso es potestad de la FIFA, \u00abdue\u00f1a del evento\u00bb.<\/p>\n\n\n\n<figure class=\"wp-block-image\"><img decoding=\"async\" src=\"https:\/\/media.diariouno.com.ar\/p\/17e55db42ac2fd7227982ba0cbca6ee9\/adjuntos\/298\/imagenes\/009\/161\/0009161721\/1200x0\/smart\/estadio-malvinasjpg.jpg\" alt=\"El cartel de uno de los ingresos al Malvinas Argentina permanece all\u00ed, como siempre. Arriba, un banner del Mundial Sub 20.\"\/><\/figure>\n\n\n\n<p>El cartel de uno de los ingresos al Malvinas Argentina permanece all\u00ed, como siempre. Arriba, un banner del Mundial Sub 20.<\/p>\n\n\n\n<h2 class=\"wp-block-heading\">\u00abSede Mendoza\u00bb en lugar de Malvinas Argentinas<\/h2>\n\n\n\n<p>Todo surgi\u00f3 a partir de las exigencias del due\u00f1o del evento, que es la FIFA (Federaci\u00f3n Internacional de F\u00fatbol Asociado) organizadora de los campeonatos mundiales. En la pr\u00e1ctica, en la programaci\u00f3n oficial del certamen juvenil, esta entidad denomina al estadio de nuestra provincia como&nbsp;<strong>\u00absede Mendoza\u00bb&nbsp;<\/strong>e ignora el nombre real, Malvinas Argentinas.<\/p>\n\n\n\n<p>Lo mismo ha sucedido con las otras sedes del Mundial Sub 20 en las que los escenarios utilizados son denominados por el ente rector del f\u00fatbol mundial con los nombres de las ciudades y no por su verdadera denominaci\u00f3n. Es una decisi\u00f3n pol\u00e9mica, por cierto, y mucho m\u00e1s en Mendoza porque el nombre Malvinas Argentinas sensibiliza a la poblaci\u00f3n. Por eso es que en poco tiempo se gener\u00f3 un importante revuelo en redes sociales.<\/p>\n\n\n\n<p><a rel=\"noreferrer noopener\" href=\"https:\/\/www.facebook.com\/dialog\/feed?app_id=161316767303985&amp;link=https%3A%2F%2Fwww.diariouno.com.ar%2Fpolitica%2Fcarmona-critico-suarez-porque-el-malvinas-taparon-el-mapa-las-islas-y-la-bandera-argentina-n1105068&amp;name=Carmona+critic%C3%B3+a+Suarez+porque+en+el+Malvinas+taparon+el+mapa+de+las+islas+y+la+bandera+argentina&amp;caption=Mundial+Sub+20&amp;description=Guillermo+Carmona%2C+precandidato+a+gobernador+por+el+peronismo+y+secretario+nacional+de+Malvinas+le+reclam%C3%B3+al+Gobierno+por+la+decisi%C3%B3n+de+la+FIFA+de+tapar+el+mapa+de+Malvinas+y+la+bandera+argentina+en+el+cartel+electr%C3%B3nico+del+estadio+mundialista+durante+el+Mundial+Sub+20.+Lucas+Ilardo+y+Marisa+Uceda+se+sumaron+a+las+cr%C3%ADticas&amp;redirect_uri=https%3A%2F%2Fwww.diariouno.com.ar%2Fpolitica%2Fcarmona-critico-suarez-porque-el-malvinas-taparon-el-mapa-las-islas-y-la-bandera-argentina-n1105068\" target=\"_blank\"><\/a><\/p>\n","protected":false},"excerpt":{"rendered":"<p>Lo que en un primer momento pas\u00f3 casi desapercibido se convirti\u00f3 ahora en una fuerte pol\u00e9mica pol\u00edtica. Es que luego de que disputaran en Mendoza cuatro partidos del\u00a0Mundial Sub 20\u00a0de f\u00fatbol alguien advirti\u00f3 que en el remodelado cartel electr\u00f3nico ubicado en lo alto de la tribuna sur, no est\u00e1n ni el mapa de Malvinas, que<a class=\"read-more\" href=\"https:\/\/elfederalmendoza.com.ar\/index.php\/2023\/05\/24\/polemica-taparon-las-islas-malvinas-y-la-bandera-argentina-en-la-pantalla-del-estadio-en-los-partidos-del-mundial-sub-20\/\"> [&hellip;]<\/a><\/p>\n","protected":false},"author":2,"featured_media":23121,"comment_status":"open","ping_status":"open","sticky":false,"template":"","format":"standard","meta":{"footnotes":""},"categories":[5620],"tags":[],"class_list":["post-23119","post","type-post","status-publish","format-standard","has-post-thumbnail","hentry","category-deportes"],"rttpg_featured_image_url":{"full":["https:\/\/elfederalmendoza.com.ar\/wp-content\/uploads\/2023\/05\/pantalla-estadio1.jpg",835,617,false],"landscape":["https:\/\/elfederalmendoza.com.ar\/wp-content\/uploads\/2023\/05\/pantalla-estadio1.jpg",835,617,false],"portraits":["https:\/\/elfederalmendoza.com.ar\/wp-content\/uploads\/2023\/05\/pantalla-estadio1.jpg",835,617,false],"thumbnail":["https:\/\/elfederalmendoza.com.ar\/wp-content\/uploads\/2023\/05\/pantalla-estadio1-150x150.jpg",150,150,true],"medium":["https:\/\/elfederalmendoza.com.ar\/wp-content\/uploads\/2023\/05\/pantalla-estadio1-300x222.jpg",300,222,true],"large":["https:\/\/elfederalmendoza.com.ar\/wp-content\/uploads\/2023\/05\/pantalla-estadio1.jpg",640,473,false],"1536x1536":["https:\/\/elfederalmendoza.com.ar\/wp-content\/uploads\/2023\/05\/pantalla-estadio1.jpg",835,617,false],"2048x2048":["https:\/\/elfederalmendoza.com.ar\/wp-content\/uploads\/2023\/05\/pantalla-estadio1.jpg",835,617,false],"ultp_layout_landscape_large":["https:\/\/elfederalmendoza.com.ar\/wp-content\/uploads\/2023\/05\/pantalla-estadio1.jpg",835,617,false],"ultp_layout_landscape":["https:\/\/elfederalmendoza.com.ar\/wp-content\/uploads\/2023\/05\/pantalla-estadio1-835x570.jpg",835,570,true],"ultp_layout_portrait":["https:\/\/elfederalmendoza.com.ar\/wp-content\/uploads\/2023\/05\/pantalla-estadio1-600x617.jpg",600,617,true],"ultp_layout_square":["https:\/\/elfederalmendoza.com.ar\/wp-content\/uploads\/2023\/05\/pantalla-estadio1-600x600.jpg",600,600,true],"rpwe-thumbnail":["https:\/\/elfederalmendoza.com.ar\/wp-content\/uploads\/2023\/05\/pantalla-estadio1-45x45.jpg",45,45,true],"advps-thumb-one":["https:\/\/elfederalmendoza.com.ar\/wp-content\/uploads\/2023\/05\/pantalla-estadio1-835x420.jpg",835,420,true]},"rttpg_author":{"display_name":"Redacci\u00f3n El Federal","author_link":"https:\/\/elfederalmendoza.com.ar\/index.php\/author\/angelflores\/"},"rttpg_comment":0,"rttpg_category":"<a href=\"https:\/\/elfederalmendoza.com.ar\/index.php\/category\/deportes\/\" rel=\"category tag\">Deportes<\/a>","rttpg_excerpt":"Lo que en un primer momento pas\u00f3 casi desapercibido se convirti\u00f3 ahora en una fuerte pol\u00e9mica pol\u00edtica. Es que luego de que disputaran en Mendoza cuatro partidos del\u00a0Mundial Sub 20\u00a0de f\u00fatbol alguien advirti\u00f3 que en el remodelado cartel electr\u00f3nico ubicado en lo alto de la tribuna sur, no est\u00e1n ni el mapa de Malvinas, que&hellip;","_links":{"self":[{"href":"https:\/\/elfederalmendoza.com.ar\/index.php\/wp-json\/wp\/v2\/posts\/23119","targetHints":{"allow":["GET"]}}],"collection":[{"href":"https:\/\/elfederalmendoza.com.ar\/index.php\/wp-json\/wp\/v2\/posts"}],"about":[{"href":"https:\/\/elfederalmendoza.com.ar\/index.php\/wp-json\/wp\/v2\/types\/post"}],"author":[{"embeddable":true,"href":"https:\/\/elfederalmendoza.com.ar\/index.php\/wp-json\/wp\/v2\/users\/2"}],"replies":[{"embeddable":true,"href":"https:\/\/elfederalmendoza.com.ar\/index.php\/wp-json\/wp\/v2\/comments?post=23119"}],"version-history":[{"count":1,"href":"https:\/\/elfederalmendoza.com.ar\/index.php\/wp-json\/wp\/v2\/posts\/23119\/revisions"}],"predecessor-version":[{"id":23122,"href":"https:\/\/elfederalmendoza.com.ar\/index.php\/wp-json\/wp\/v2\/posts\/23119\/revisions\/23122"}],"wp:featuredmedia":[{"embeddable":true,"href":"https:\/\/elfederalmendoza.com.ar\/index.php\/wp-json\/wp\/v2\/media\/23121"}],"wp:attachment":[{"href":"https:\/\/elfederalmendoza.com.ar\/index.php\/wp-json\/wp\/v2\/media?parent=23119"}],"wp:term":[{"taxonomy":"category","embeddable":true,"href":"https:\/\/elfederalmendoza.com.ar\/index.php\/wp-json\/wp\/v2\/categories?post=23119"},{"taxonomy":"post_tag","embeddable":true,"href":"https:\/\/elfederalmendoza.com.ar\/index.php\/wp-json\/wp\/v2\/tags?post=23119"}],"curies":[{"name":"wp","href":"https:\/\/api.w.org\/{rel}","templated":true}]}}