{"id":23124,"date":"2023-05-24T06:44:00","date_gmt":"2023-05-24T09:44:00","guid":{"rendered":"https:\/\/elfederalmendoza.com\/?p=23124"},"modified":"2023-05-24T09:55:35","modified_gmt":"2023-05-24T12:55:35","slug":"hoy-juega-boca-toda-la-agenda-super-deportiva-para-este-miercoles","status":"publish","type":"post","link":"https:\/\/elfederalmendoza.com.ar\/index.php\/2023\/05\/24\/hoy-juega-boca-toda-la-agenda-super-deportiva-para-este-miercoles\/","title":{"rendered":"Hoy juega Boca: toda la agenda super deportiva para este mi\u00e9rcoles"},"content":{"rendered":"\n<p>El <strong>Club Atl\u00e9tico Boca Juniors<\/strong> visita al <strong>Pereira de Colombia<\/strong> con la meta de sellar la clasificaci\u00f3n a los octavos de final de la Copa Libertadores.<\/p>\n\n\n\n<p>El&nbsp;<strong>Club Atl\u00e9tico Boca Juniors<\/strong>&nbsp;visitar\u00e1 hoy a Deportivo Pereira de&nbsp;<strong>Colombia<\/strong>&nbsp;con el objetivo de sellar la clasificaci\u00f3n a los octavos de final de la&nbsp;<strong>Copa Conmebol Libertadores<\/strong>, aunque tambi\u00e9n depender\u00e1 del otro resultado de la cuarta fecha del Grupo F del certamen continental para lograrlo.<\/p>\n\n\n\n<p>El encuentro se jugar\u00e1 en el estadio Hern\u00e1n Ram\u00edrez Villegas a las 21, con el brasile\u00f1o Wagner Magalhaes como juez principal y con su compatriota Pablo Goncalvez en el VAR, mientras que la televisaci\u00f3n ser\u00e1 por Fox Sports y Telefe.<\/p>\n\n\n\n<h2 class=\"wp-block-heading\"><strong>ESTA ES TODA LA AGENDA DEPORTIVA<\/strong> <strong>MI\u00c9RCOLES 24 DE MAYO<\/strong><\/h2>\n\n\n\n<p><strong>COPA CONMEBOL LIBERTADORES<\/strong><\/p>\n\n\n\n<figure class=\"wp-block-table\"><table><tbody><tr><td>19:00<\/td><td>Cerro Porte\u00f1o vs. Palmeiras<\/td><td>STAR +<\/td><\/tr><tr><td>19:00<\/td><td>Liverpool (U) vs. Independiente del Valle<\/td><td>STAR +<\/td><\/tr><tr><td>19:00<\/td><td>Patronato vs. Olimpia<\/td><td>FOX SPORTS 2STAR +<\/td><\/tr><tr><td>21:00<\/td><td>Deportivo Pereira vs. Boca Juniors<\/td><td>FOX SPORTSPluto TVSTAR +TELEFE<\/td><\/tr><tr><td>21:30<\/td><td>\u00d1ublense vs. Flamengo<\/td><td>FOX SPORTS 3STAR +<\/td><\/tr><tr><td>21:30<\/td><td>Argentinos vs. Corinthians<\/td><td>FOX SPORTS 2STAR +<\/td><\/tr><tr><td>23:00<\/td><td>Melgar vs. Atl\u00e9tico Nacional<\/td><td>STAR +<\/td><\/tr><\/tbody><\/table><\/figure>\n\n\n\n<p><strong>COPA CONMEBOL SUDAMERICANA<\/strong><\/p>\n\n\n\n<figure class=\"wp-block-table\"><table><tbody><tr><td>19:00<\/td><td>Fortaleza vs. San Lorenzo<\/td><td>STAR + \/ ESPN<\/td><\/tr><tr><td>21:00<\/td><td>Tigre vs. Deportes Tolima<\/td><td>DIRECTV SPORTS \/ 1610<\/td><\/tr><tr><td>21:00<\/td><td>Audax Italiano vs. Santos<\/td><td>DIRECTV SPORTS \/ 1615<\/td><\/tr><tr><td>23:00<\/td><td>Blooming vs. Newell\u00b4s<\/td><td>DIRECTV SPORTS \/ 1610<\/td><\/tr><\/tbody><\/table><\/figure>\n\n\n\n<p><strong>LIGA DE ESPA\u00d1A<\/strong><\/p>\n\n\n\n<figure class=\"wp-block-table\"><table><tbody><tr><td>14:30<\/td><td>Elche vs. Sevilla<\/td><td>ESPN 3<\/td><\/tr><tr><td>14:30<\/td><td>Villarreal vs. Cadiz<\/td><td>DIRECTV SPORTS 2 \/ 1612<\/td><\/tr><tr><td>17:00<\/td><td>Espanyol vs. Atl\u00e9tico Madrid<\/td><td>ESPN 3STAR +<\/td><\/tr><tr><td>17:00<\/td><td>Betis vs. Getafe<\/td><td>DIRECTV SPORTS 2 \/ 1612<\/td><\/tr><\/tbody><\/table><\/figure>\n\n\n\n<p><strong>PREMIER LEAGUE<\/strong><\/p>\n\n\n\n<figure class=\"wp-block-table\"><table><tbody><tr><td>16:00<\/td><td>Brighton And Hove vs. Manchester City<\/td><td>ESPN 2STAR +<\/td><\/tr><\/tbody><\/table><\/figure>\n\n\n\n<p><strong>NBA<\/strong><\/p>\n\n\n\n<figure class=\"wp-block-table\"><table><tbody><tr><td>21:30<\/td><td>Denver Nuggets vs. LA Lakers<\/td><td>ESPN 2STAR +<\/td><\/tr><\/tbody><\/table><\/figure>\n\n\n\n<p><strong>LIGA NACIONAL<\/strong><\/p>\n\n\n\n<figure class=\"wp-block-table\"><table><tbody><tr><td>22:10<\/td><td>Instituto vs. Boca<\/td><td>BASQUET PASS TVTYC SPORTSTYC SPORTS PLAY<\/td><\/tr><\/tbody><\/table><\/figure>\n\n\n\n<p><strong>CICLISMO<\/strong><\/p>\n\n\n\n<figure class=\"wp-block-table\"><table><tbody><tr><td>10:00<\/td><td>Giro d&#8217; Italia &#8211; Etapa 17<\/td><td>DIRECTV SPORTS 2 \/ 1612<\/td><\/tr><\/tbody><\/table><\/figure>\n\n\n\n<p><strong>RESERVA<\/strong><\/p>\n\n\n\n<figure class=\"wp-block-table\"><table><tbody><tr><td>11:00<\/td><td>Central Cba (SdE) vs. Col\u00f3n<\/td><td>YOUTUBE LPF AFA<\/td><\/tr><tr><td>11:00<\/td><td>Estudiantes (LP) vs. Instituto<\/td><td>YOUTUBE LPF AFA<\/td><\/tr><tr><td>11:00<\/td><td>Belgrano vs. Platense<\/td><td>YOUTUBE LPF AFA<\/td><\/tr><tr><td>11:00<\/td><td>Arsenal vs. Atl\u00e9tico Tucum\u00e1n<\/td><td>YOUTUBE LPF AFA<\/td><\/tr><tr><td>11:00<\/td><td>Godoy Cruz vs. Newell\u00b4s<\/td><td>YOUTUBE LPF AFA<\/td><\/tr><tr><td>11:00<\/td><td>Uni\u00f3n vs. Hurac\u00e1n<\/td><td>YOUTUBE LPF AFA<\/td><\/tr><\/tbody><\/table><\/figure>\n\n\n\n<p><strong>MUNDIAL SUB 20<\/strong><\/p>\n\n\n\n<figure class=\"wp-block-table\"><table><tbody><tr><td>15:00<\/td><td>Senegal vs. Israel<\/td><td>DIRECTV SPORTS + \/ 1613TYC SPORTS PLAY<\/td><\/tr><tr><td>15:00<\/td><td>Italia vs. Nigeria<\/td><td>DIRECTV SPORTS \/ 1611TYC SPORTS PLAY<\/td><\/tr><tr><td>18:00<\/td><td>Jap\u00f3n vs. Colombia<\/td><td>DIRECTV SPORTS \/ 1610TYC SPORTS PLAY<\/td><\/tr><tr><td>18:00<\/td><td>Brasil vs. Rep\u00fablica Dominicana<\/td><td>DIRECTV SPORTS + \/ 1613TYC SPORTS PLAY<\/td><\/tr><\/tbody><\/table><\/figure>\n\n\n\n<p><strong>LIGA ACB<\/strong><\/p>\n\n\n\n<figure class=\"wp-block-table\"><table><tbody><tr><td>15:30<\/td><td>Real Madrid vs. Betis<\/td><td>FOX SPORTS 2<\/td><\/tr><\/tbody><\/table><\/figure>\n\n\n\n<p><strong>COPA DE ITALIA<\/strong><\/p>\n\n\n\n<figure class=\"wp-block-table\"><table><tbody><tr><td>16:00<\/td><td>Inter vs. Fiorentina<\/td><td>STAR + \/ ESPN<\/td><\/tr><\/tbody><\/table><\/figure>\n","protected":false},"excerpt":{"rendered":"<p>El Club Atl\u00e9tico Boca Juniors visita al Pereira de Colombia con la meta de sellar la clasificaci\u00f3n a los octavos de final de la Copa Libertadores. El&nbsp;Club Atl\u00e9tico Boca Juniors&nbsp;visitar\u00e1 hoy a Deportivo Pereira de&nbsp;Colombia&nbsp;con el objetivo de sellar la clasificaci\u00f3n a los octavos de final de la&nbsp;Copa Conmebol Libertadores, aunque tambi\u00e9n depender\u00e1 del otro<a class=\"read-more\" href=\"https:\/\/elfederalmendoza.com.ar\/index.php\/2023\/05\/24\/hoy-juega-boca-toda-la-agenda-super-deportiva-para-este-miercoles\/\"> [&hellip;]<\/a><\/p>\n","protected":false},"author":2,"featured_media":23133,"comment_status":"open","ping_status":"open","sticky":false,"template":"","format":"standard","meta":{"footnotes":""},"categories":[5620],"tags":[],"class_list":["post-23124","post","type-post","status-publish","format-standard","has-post-thumbnail","hentry","category-deportes"],"rttpg_featured_image_url":{"full":["https:\/\/elfederalmendoza.com.ar\/wp-content\/uploads\/2023\/05\/boca-pereira.jpg",940,580,false],"landscape":["https:\/\/elfederalmendoza.com.ar\/wp-content\/uploads\/2023\/05\/boca-pereira.jpg",940,580,false],"portraits":["https:\/\/elfederalmendoza.com.ar\/wp-content\/uploads\/2023\/05\/boca-pereira.jpg",940,580,false],"thumbnail":["https:\/\/elfederalmendoza.com.ar\/wp-content\/uploads\/2023\/05\/boca-pereira-150x150.jpg",150,150,true],"medium":["https:\/\/elfederalmendoza.com.ar\/wp-content\/uploads\/2023\/05\/boca-pereira-300x185.jpg",300,185,true],"large":["https:\/\/elfederalmendoza.com.ar\/wp-content\/uploads\/2023\/05\/boca-pereira.jpg",640,395,false],"1536x1536":["https:\/\/elfederalmendoza.com.ar\/wp-content\/uploads\/2023\/05\/boca-pereira.jpg",940,580,false],"2048x2048":["https:\/\/elfederalmendoza.com.ar\/wp-content\/uploads\/2023\/05\/boca-pereira.jpg",940,580,false],"ultp_layout_landscape_large":["https:\/\/elfederalmendoza.com.ar\/wp-content\/uploads\/2023\/05\/boca-pereira.jpg",940,580,false],"ultp_layout_landscape":["https:\/\/elfederalmendoza.com.ar\/wp-content\/uploads\/2023\/05\/boca-pereira-870x570.jpg",870,570,true],"ultp_layout_portrait":["https:\/\/elfederalmendoza.com.ar\/wp-content\/uploads\/2023\/05\/boca-pereira-600x580.jpg",600,580,true],"ultp_layout_square":["https:\/\/elfederalmendoza.com.ar\/wp-content\/uploads\/2023\/05\/boca-pereira-600x580.jpg",600,580,true],"rpwe-thumbnail":["https:\/\/elfederalmendoza.com.ar\/wp-content\/uploads\/2023\/05\/boca-pereira-45x45.jpg",45,45,true],"advps-thumb-one":["https:\/\/elfederalmendoza.com.ar\/wp-content\/uploads\/2023\/05\/boca-pereira-940x420.jpg",940,420,true]},"rttpg_author":{"display_name":"Redacci\u00f3n El Federal","author_link":"https:\/\/elfederalmendoza.com.ar\/index.php\/author\/angelflores\/"},"rttpg_comment":0,"rttpg_category":"<a href=\"https:\/\/elfederalmendoza.com.ar\/index.php\/category\/deportes\/\" rel=\"category tag\">Deportes<\/a>","rttpg_excerpt":"El Club Atl\u00e9tico Boca Juniors visita al Pereira de Colombia con la meta de sellar la clasificaci\u00f3n a los octavos de final de la Copa Libertadores. El&nbsp;Club Atl\u00e9tico Boca Juniors&nbsp;visitar\u00e1 hoy a Deportivo Pereira de&nbsp;Colombia&nbsp;con el objetivo de sellar la clasificaci\u00f3n a los octavos de final de la&nbsp;Copa Conmebol Libertadores, aunque tambi\u00e9n depender\u00e1 del otro&hellip;","_links":{"self":[{"href":"https:\/\/elfederalmendoza.com.ar\/index.php\/wp-json\/wp\/v2\/posts\/23124","targetHints":{"allow":["GET"]}}],"collection":[{"href":"https:\/\/elfederalmendoza.com.ar\/index.php\/wp-json\/wp\/v2\/posts"}],"about":[{"href":"https:\/\/elfederalmendoza.com.ar\/index.php\/wp-json\/wp\/v2\/types\/post"}],"author":[{"embeddable":true,"href":"https:\/\/elfederalmendoza.com.ar\/index.php\/wp-json\/wp\/v2\/users\/2"}],"replies":[{"embeddable":true,"href":"https:\/\/elfederalmendoza.com.ar\/index.php\/wp-json\/wp\/v2\/comments?post=23124"}],"version-history":[{"count":2,"href":"https:\/\/elfederalmendoza.com.ar\/index.php\/wp-json\/wp\/v2\/posts\/23124\/revisions"}],"predecessor-version":[{"id":23139,"href":"https:\/\/elfederalmendoza.com.ar\/index.php\/wp-json\/wp\/v2\/posts\/23124\/revisions\/23139"}],"wp:featuredmedia":[{"embeddable":true,"href":"https:\/\/elfederalmendoza.com.ar\/index.php\/wp-json\/wp\/v2\/media\/23133"}],"wp:attachment":[{"href":"https:\/\/elfederalmendoza.com.ar\/index.php\/wp-json\/wp\/v2\/media?parent=23124"}],"wp:term":[{"taxonomy":"category","embeddable":true,"href":"https:\/\/elfederalmendoza.com.ar\/index.php\/wp-json\/wp\/v2\/categories?post=23124"},{"taxonomy":"post_tag","embeddable":true,"href":"https:\/\/elfederalmendoza.com.ar\/index.php\/wp-json\/wp\/v2\/tags?post=23124"}],"curies":[{"name":"wp","href":"https:\/\/api.w.org\/{rel}","templated":true}]}}