{"id":23126,"date":"2023-05-24T09:43:16","date_gmt":"2023-05-24T12:43:16","guid":{"rendered":"https:\/\/elfederalmendoza.com\/?p=23126"},"modified":"2023-05-24T09:44:55","modified_gmt":"2023-05-24T12:44:55","slug":"tras-el-salvataje-de-mendoza-y-nacion-impsa-inicia-su-camino-hacia-una-nueva-privatizacion","status":"publish","type":"post","link":"https:\/\/elfederalmendoza.com.ar\/index.php\/2023\/05\/24\/tras-el-salvataje-de-mendoza-y-nacion-impsa-inicia-su-camino-hacia-una-nueva-privatizacion\/","title":{"rendered":"Tras el salvataje de Mendoza y Naci\u00f3n, IMPSA ofrece acciones a sus acreedores y buscar\u00e1 socios privados"},"content":{"rendered":"\n<p>No antes de mediados del 2024,&nbsp;<strong>Impsa&nbsp;<\/strong>puede volver a ser 100% privada. La multinacional mendocina se prepara para cumplir 2 a\u00f1os desde el salvataje financiero que convirti\u00f3 al Estado argentino y la provincia de&nbsp;<strong>Mendoza<\/strong>&nbsp;como principales accionistas y controlantes, con la cercana posibilidad de que el Estado deje la empresa m\u00e1s temprano que tarde.<\/p>\n\n\n\n<p>\u00abA fines de abril la empresa sali\u00f3 a buscar socios con una presentaci\u00f3n ante la Bolsa y el Mercado de Valores. Como toda empresa con deudas tiene un primer paso para dar: que los acreedores privados puedan capitalizarla. Cuando se cierra esa etapa deben salir a atraer inversores privados\u00bb, rese\u00f1\u00f3 el ministro de Econom\u00eda de Mendoza,\u00a0<strong>Enrique Vaqui\u00e9<\/strong>.<\/p>\n\n\n\n<p>La presentaci\u00f3n ante la CNV (Comisi\u00f3n Nacional de Valores) el\u00a0<strong>28 de abril fue la largada de la carrera hacia la nueva \u00abprivatizaci\u00f3n\u00bb<\/strong>. Un sendero que llevar\u00e1, seg\u00fan estiman desde el seno del directorio,\u00a0<strong>\u00abalrededor de un a\u00f1o o a\u00f1o y medio\u00bb<\/strong>, entre ambas fases (luego de ofrecer acciones a los acreedores, hacer lo propio con el resto del mercado), al cabo de 23 meses desde su estatizaci\u00f3n.<\/p>\n\n\n\n<p>Para el CEO de Impsa,&nbsp;<strong>Gabriel Vienni<\/strong>&nbsp;\u00aben este tiempo&nbsp;la colaboraci\u00f3n entre Naci\u00f3n y provincia de Mendoza permiti\u00f3 ordenar la compa\u00f1\u00eda, con un manejo muy austero&nbsp;tambi\u00e9n.&nbsp;<strong>Pese a la presencia del Estado, la empresa sigue trabajando con la misma cantidad de gente<\/strong>, que tiene mucha capacidad t\u00e9cnica y la conoce bien\u00bb.<\/p>\n\n\n\n<h2 class=\"wp-block-heading\">\u00abAlcanzamos el equilibrio operativo\u00bb<\/h2>\n\n\n\n<p>La novedad empieza a tomar cuerpo tras la firma de un contrato por el cual Impsa proveer\u00e1 a la bioplanta del Iscamen (Instituto de Sanidad y Calidad Agropecuaria Mendoza) un nuevo equipo de irradiaci\u00f3n para esterilizar insectos, principal t\u00e9cnica de combate de plagas como Mosca del Mediterr\u00e1neo, con una inversi\u00f3n total de u$s 11 millones hasta fines de 2026 (ver aparte).<\/p>\n\n\n\n<p>Para el presidente de Impsa, para hacer posible la nueva reestructuraci\u00f3n de la compa\u00f1\u00eda mendocina&nbsp;<strong>el principal logro se dar\u00e1 este a\u00f1o<\/strong>.<\/p>\n\n\n\n<p>El 2 de junio del 2021, el presidente Alberto Fern\u00e1ndez y el gobernador Rodolfo Suarez hab\u00edan firmado en una visita a la planta de Godoy Cruz el acuerdo. As\u00ed, la\u00a0<strong>Naci\u00f3n pas\u00f3 a poseer 63,7% del paquete accionario de Impsa mientras que Mendoza se qued\u00f3 con 21,2%.<\/strong><\/p>\n\n\n\n<p>\u00abEl balance es muy positivo: visit\u00e9 por primera vez la planta a mediados del 2022, y recorrerla hoy es ver las tres naves a full de trabajo, con proyectos de oil &amp; gas, energ\u00edas renovables y ahora el Iscamen. Eso ayuda a que&nbsp;<strong>por primera vez en 12 a\u00f1os Impsa pueda alcanzar el equilibrio operativo, gracias a contratos por un valor que supera&nbsp;<\/strong>lo logrado en este tiempo\u00bb, asegur\u00f3 Vienni.<\/p>\n\n\n\n<p>Hacia adelante, para el ejecutivo el conseguir nuevos socios en los plazos previstos \u00abdepender\u00e1 de que sigamos por la buena senda, y&nbsp;<strong>del apetito que tenga el mercado de volver a sumarse a Impsa<\/strong>.&nbsp;Estamos dando los pasos necesarios para eso\u00bb.<\/p>\n\n\n\n<h2 class=\"wp-block-heading\">Balance oficial<\/h2>\n\n\n\n<p>Por su parte, Vaqui\u00e9 valor\u00f3 que, desde que la provincia de Mendoza posee el 21,2% del paquete accionario \u00abel principal indicador de que ha ido bien y no mal es que&nbsp;nunca m\u00e1s pusimos plata.&nbsp;De seguir teniendo problemas la empresa deber\u00edamos haber ido nuevamente a la Legislatura a pedir m\u00e1s dinero, algo que no se hizo\u00bb.<\/p>\n\n\n\n<p>Adem\u00e1s, para el ministro \u00abuna empresa que funciona paga impuestos provinciales y nacionales, que vuelven en parte a Mendoza a trav\u00e9s de la Coparticipaci\u00f3n Federal. As\u00ed, en poco tiempo m\u00e1s la provincia habr\u00e1 recuperado el capital invertido en Impsa\u00bb.<\/p>\n\n\n\n<p>Por \u00faltimo, el balance oficial tambi\u00e9n incluye al plantel de 700 trabajadores que siguen activos. Y la posibilidad de sostener al entramado de pymes contratistas de Impsa.<\/p>\n\n\n\n<p>\u00abDe no haber intervenido en ese momento, cuando no estaban cobrando sus sueldos, probablemente Impsa hubiera quebrado. Del mismo modo, todas las empresas que trabajan para la firma no tendr\u00edan m\u00e1s actividad.&nbsp;\u00bfFaltan cosas para hacer? Sin duda, pero Impsa est\u00e1 funcionando sin el aporte de la Naci\u00f3n ni de la Provincia\u00bb, resumi\u00f3 Vaqui\u00e9.<\/p>\n\n\n\n<h2 class=\"wp-block-heading\">Plagas y salud p\u00fablica: el proyecto de u$s 11 millones<\/h2>\n\n\n\n<p>Sin embargo, antes de negociar las acciones que la Provincia tiene como socia de la actual&nbsp;Impsa, quiere dejar en marcha al menos 2 proyectos.<\/p>\n\n\n\n<p>Uno de ellos, tal vez el principal,\u00a0<strong>es\u00a0la construcci\u00f3n de la represa hidroel\u00e9ctrica El Baqueano, tras el fracaso de la mega apuesta a Portezuelo del Viento<\/strong>. Y con la firma de un segundo contrato desde ayer con el Iscamen, va por el segundo: proveer de energ\u00eda y equipos de esterilizaci\u00f3n la bioplanta que produce material para el combate de plagas.<\/p>\n\n\n\n<p>El proyecto incluye\u00a0<strong>adaptar las instalaciones de la planta y constru\u00edr el nuevo irradiador\u00a0<\/strong>en 40 meses. El presupuesto suma unos u$s 3,2 millones, entre el dise\u00f1o y puesta en marcha de un irradiador de cobalto m\u00e1s moderno (u$s 1,9 millones aprox) y las refacciones edilicias necesarias (otros u$s 1,3 millones).<\/p>\n\n\n\n<p>Todo eso es parte de un plan global que terminar\u00e1 en un desembolso total de u$s 11 millones, incluida la construcci\u00f3n de un parque solar de 5 mil paneles para abastecer de energ\u00eda a la renovada bioplanta.<\/p>\n\n\n\n<p>\u00abEs muy importante, porque&nbsp;el nuevo irradiador nos va a permitir duplicar la producci\u00f3n, con 500 millones de insectos est\u00e9riles y algo in\u00e9dito:&nbsp;<strong>por primera vez en 25 a\u00f1os de vida, Iscamen pondr\u00e1 un pie en la salud p\u00fablica<\/strong>.&nbsp;Actualmente exportamos material biol\u00f3gico a Chile y Bolivia, y avanzamos con 7 pa\u00edses incluido Colombia\u00bb, detall\u00f3 el presidente de Iscamen,&nbsp;<strong>Alejandro Molero<\/strong>.<\/p>\n\n\n\n<p>Para tener una referencia de la escala alcanzada, un 7% de la producci\u00f3n de la bioplanta cubre la demanda de Chile. Desde el complejo tambi\u00e9n salen env\u00edos para el tratamiento de plagas en el Alto Valle de R\u00edo Negro, entre otras zonas productivas de la Patagonia.<\/p>\n\n\n\n<p><em>Fuente: Sitio Andino<\/em><\/p>\n","protected":false},"excerpt":{"rendered":"<p>No antes de mediados del 2024,&nbsp;Impsa&nbsp;puede volver a ser 100% privada. La multinacional mendocina se prepara para cumplir 2 a\u00f1os desde el salvataje financiero que convirti\u00f3 al Estado argentino y la provincia de&nbsp;Mendoza&nbsp;como principales accionistas y controlantes, con la cercana posibilidad de que el Estado deje la empresa m\u00e1s temprano que tarde. \u00abA fines de<a class=\"read-more\" href=\"https:\/\/elfederalmendoza.com.ar\/index.php\/2023\/05\/24\/tras-el-salvataje-de-mendoza-y-nacion-impsa-inicia-su-camino-hacia-una-nueva-privatizacion\/\"> [&hellip;]<\/a><\/p>\n","protected":false},"author":2,"featured_media":23129,"comment_status":"open","ping_status":"open","sticky":false,"template":"","format":"standard","meta":{"footnotes":""},"categories":[1],"tags":[],"class_list":["post-23126","post","type-post","status-publish","format-standard","has-post-thumbnail","hentry","category-mza"],"rttpg_featured_image_url":{"full":["https:\/\/elfederalmendoza.com.ar\/wp-content\/uploads\/2023\/05\/6033972c98186.jpg",945,532,false],"landscape":["https:\/\/elfederalmendoza.com.ar\/wp-content\/uploads\/2023\/05\/6033972c98186.jpg",945,532,false],"portraits":["https:\/\/elfederalmendoza.com.ar\/wp-content\/uploads\/2023\/05\/6033972c98186.jpg",945,532,false],"thumbnail":["https:\/\/elfederalmendoza.com.ar\/wp-content\/uploads\/2023\/05\/6033972c98186-150x150.jpg",150,150,true],"medium":["https:\/\/elfederalmendoza.com.ar\/wp-content\/uploads\/2023\/05\/6033972c98186-300x169.jpg",300,169,true],"large":["https:\/\/elfederalmendoza.com.ar\/wp-content\/uploads\/2023\/05\/6033972c98186.jpg",640,360,false],"1536x1536":["https:\/\/elfederalmendoza.com.ar\/wp-content\/uploads\/2023\/05\/6033972c98186.jpg",945,532,false],"2048x2048":["https:\/\/elfederalmendoza.com.ar\/wp-content\/uploads\/2023\/05\/6033972c98186.jpg",945,532,false],"ultp_layout_landscape_large":["https:\/\/elfederalmendoza.com.ar\/wp-content\/uploads\/2023\/05\/6033972c98186.jpg",945,532,false],"ultp_layout_landscape":["https:\/\/elfederalmendoza.com.ar\/wp-content\/uploads\/2023\/05\/6033972c98186-870x532.jpg",870,532,true],"ultp_layout_portrait":["https:\/\/elfederalmendoza.com.ar\/wp-content\/uploads\/2023\/05\/6033972c98186-600x532.jpg",600,532,true],"ultp_layout_square":["https:\/\/elfederalmendoza.com.ar\/wp-content\/uploads\/2023\/05\/6033972c98186-600x532.jpg",600,532,true],"rpwe-thumbnail":["https:\/\/elfederalmendoza.com.ar\/wp-content\/uploads\/2023\/05\/6033972c98186-45x45.jpg",45,45,true],"advps-thumb-one":["https:\/\/elfederalmendoza.com.ar\/wp-content\/uploads\/2023\/05\/6033972c98186-945x420.jpg",945,420,true]},"rttpg_author":{"display_name":"Redacci\u00f3n El Federal","author_link":"https:\/\/elfederalmendoza.com.ar\/index.php\/author\/angelflores\/"},"rttpg_comment":0,"rttpg_category":"<a href=\"https:\/\/elfederalmendoza.com.ar\/index.php\/category\/mza\/\" rel=\"category tag\">Mendoza<\/a>","rttpg_excerpt":"No antes de mediados del 2024,&nbsp;Impsa&nbsp;puede volver a ser 100% privada. La multinacional mendocina se prepara para cumplir 2 a\u00f1os desde el salvataje financiero que convirti\u00f3 al Estado argentino y la provincia de&nbsp;Mendoza&nbsp;como principales accionistas y controlantes, con la cercana posibilidad de que el Estado deje la empresa m\u00e1s temprano que tarde. \u00abA fines de&hellip;","_links":{"self":[{"href":"https:\/\/elfederalmendoza.com.ar\/index.php\/wp-json\/wp\/v2\/posts\/23126","targetHints":{"allow":["GET"]}}],"collection":[{"href":"https:\/\/elfederalmendoza.com.ar\/index.php\/wp-json\/wp\/v2\/posts"}],"about":[{"href":"https:\/\/elfederalmendoza.com.ar\/index.php\/wp-json\/wp\/v2\/types\/post"}],"author":[{"embeddable":true,"href":"https:\/\/elfederalmendoza.com.ar\/index.php\/wp-json\/wp\/v2\/users\/2"}],"replies":[{"embeddable":true,"href":"https:\/\/elfederalmendoza.com.ar\/index.php\/wp-json\/wp\/v2\/comments?post=23126"}],"version-history":[{"count":2,"href":"https:\/\/elfederalmendoza.com.ar\/index.php\/wp-json\/wp\/v2\/posts\/23126\/revisions"}],"predecessor-version":[{"id":23137,"href":"https:\/\/elfederalmendoza.com.ar\/index.php\/wp-json\/wp\/v2\/posts\/23126\/revisions\/23137"}],"wp:featuredmedia":[{"embeddable":true,"href":"https:\/\/elfederalmendoza.com.ar\/index.php\/wp-json\/wp\/v2\/media\/23129"}],"wp:attachment":[{"href":"https:\/\/elfederalmendoza.com.ar\/index.php\/wp-json\/wp\/v2\/media?parent=23126"}],"wp:term":[{"taxonomy":"category","embeddable":true,"href":"https:\/\/elfederalmendoza.com.ar\/index.php\/wp-json\/wp\/v2\/categories?post=23126"},{"taxonomy":"post_tag","embeddable":true,"href":"https:\/\/elfederalmendoza.com.ar\/index.php\/wp-json\/wp\/v2\/tags?post=23126"}],"curies":[{"name":"wp","href":"https:\/\/api.w.org\/{rel}","templated":true}]}}