{"id":23138,"date":"2023-05-24T10:01:29","date_gmt":"2023-05-24T13:01:29","guid":{"rendered":"https:\/\/elfederalmendoza.com\/?p=23138"},"modified":"2023-05-24T10:01:40","modified_gmt":"2023-05-24T13:01:40","slug":"arrestaron-a-tres-sospechoso-de-asesinar-a-golpes-a-un-chacarero-en-maipu-durante-un-robo","status":"publish","type":"post","link":"https:\/\/elfederalmendoza.com.ar\/index.php\/2023\/05\/24\/arrestaron-a-tres-sospechoso-de-asesinar-a-golpes-a-un-chacarero-en-maipu-durante-un-robo\/","title":{"rendered":"Arrestaron a tres sospechosos de asesinar a golpes a un chacarero en Maip\u00fa durante un robo"},"content":{"rendered":"\n<p>Polic\u00edas de Investigaciones capturaron la tarde de este martes a tres sospechosos del asesinato durante un asalto del&nbsp;<strong>Felipe Villca Condor\u00ed<\/strong>&nbsp;(52), ocurrido a fines del abril en una finca de&nbsp;<strong>Colonia Bombal<\/strong>,&nbsp;<strong>Maip\u00fa<\/strong>.<\/p>\n\n\n\n<p>En los \u00faltimos d\u00edas, la fiscal de Homicidios<strong>\u00a0Andrea Lazo<\/strong>\u00a0y su equipo de trabajo lograron identificar a tres presuntos autores del hecho de sangre.<\/p>\n\n\n\n<p>Eso permiti\u00f3 que los detectives pudieran rastrearlos y los ubicaron en algunos domicilios del citado departamento y tambi\u00e9n en el Este provincial.<\/p>\n\n\n\n<p><mark>La descripci\u00f3n de las caracter\u00edsticas f\u00edsicas aportadas por algunos testigos, coincidieron con la que hab\u00edan brindado la esposa y los hijos del trabajador rural ultimado<\/mark>, quienes tambi\u00e9n sufrieron el ataque, explicaron fuentes judiciales.<\/p>\n\n\n\n<p>Con esa y otras pruebas, se solicit\u00f3 la captura de los cuatro individuos y este martes se desarrollaron una serie de allanamientos con el objetivo de atraparlos.<\/p>\n\n\n\n<p>En una de las medidas practicadas en el distrito de\u00a0<strong>San Roque<\/strong>, los sabuesos de la\u00a0<strong>Divisi\u00f3n Homicidios\u00a0<\/strong><mark>detuvieron a\u00a0<strong>Facundo Sep\u00falveda<\/strong>, de 18 a\u00f1os; mientras que en otros dos registros domiciliarios desarrollados en la zona de El Divisadero,\u00a0<strong>San Mart\u00edn<\/strong>, cay\u00f3 su padre,\u00a0<strong>Bautista Florindo Sep\u00falveda<\/strong>, alias\u00a0<em>Beto<\/em>, y\u00a0<strong>Luis Alberto\u00a0<em>Chamu\u00a0<\/em>o\u00a0<em>Chamo\u00a0<\/em>D\u00edaz<\/strong><\/mark>.<\/p>\n\n\n\n<p>Los tres quedaron a disposici\u00f3n de la fiscal Lazo, quien los imputar\u00e1 en las pr\u00f3ximas horas por&nbsp;<strong>homicidio criminis causa<\/strong>&nbsp;-matar para alcanzar la impunidad o consumar otro hecho-, delito que prev\u00e9 como \u00fanica la&nbsp;<strong>prisi\u00f3n perpetua<\/strong>.<\/p>\n\n\n\n<p>En tanto, las fuentes consultadas agregaron que contin\u00faa la b\u00fasqueda del cuarto sospechoso, quien se encontraba pr\u00f3fugo hasta la tarde de este martes.<\/p>\n\n\n\n<h2 class=\"wp-block-heading\" id=\"h-violento-robo\">Violento robo<\/h2>\n\n\n\n<p>Eran cerca de las 22 del viernes 28 de abril y&nbsp;<strong>Felipe Villca<\/strong>&nbsp;acababa de terminar de trabajar en la chacra de la ruta 20, cerca del carril Los \u00c1lamos, donde ten\u00eda plantaciones de lechuga, pimientos y tomates, entre otras hortalizas.<\/p>\n\n\n\n<p>Su esposa, Esperanza, y sus cinco hijos lo esperaban para cenar en la vivienda ubicada dentro de la misma finca, pero, cuando el matrimonio estaba en el patio, fue sorprendido por malvivientes encapuchados que los abordaron con armas de fuego.<\/p>\n\n\n\n<p>Seguidamente, los introdujeron por la fuerza a la casa, donde se encontraban sus hijos y\u00a0<mark>agredieron f\u00edsicamente a Villca y su pareja para que les entregaran unos d\u00f3lares que hab\u00edan cambiado d\u00edas atr\u00e1s (para los detectives los autores contaban con el dato sobre ese dinero)<\/mark>.<\/p>\n\n\n\n<p>Pero las v\u00edctimas ofrecieron resistencia y se negaron a entregar sus ahorros, sufriendo el hombre y la mujer terribles golpizas por parte de los asaltantes, quienes hasta llegaron a amenazar con matar a sus hijos y efectuaron un disparo dentro del domicilio.<\/p>\n\n\n\n<p>Debido a que no pudieron encontrar la plata, los sospechosos&nbsp;<mark>tomaron pertenencias de valor: ropa, zapatillas, mantas, colchones y celulares, entre otros elementos. Incluso, se comieron la cena que hab\u00eda preparado Esperanza para su familia<\/mark>&nbsp;y tambi\u00e9n vaciaron toda la mercader\u00eda que ten\u00edan en la heladera.<\/p>\n\n\n\n<p>Luego, cargaron el bot\u00edn en la\u00a0<strong>Mercedes Benz Sprinter<\/strong>\u00a0y subieron al rodado a\u00a0<strong>Villca<\/strong>, con la intenci\u00f3n de continuar amedrent\u00e1ndolo para que les entregara el dinero. Al parecer, el hombre nunca cedi\u00f3 y lo mataron a golpes con un pico dentro de la finca.<\/p>\n\n\n\n<p>Cuando polic\u00edas llegaron a la escena, hicieron un recorrido por la propiedad rural y&nbsp;<mark>dieron con el cad\u00e1ver de Villca a algunos metros de su casa<\/mark>. Por su parte, la camioneta utilitaria fue encontrada abandonada en El Divisadero, San Mart\u00edn, justo donde este martes cayeron dos de los sospechosos.<\/p>\n\n\n\n<p>Del veh\u00edculo sustra\u00eddo se levantaron algunas huellas y rastros gen\u00e9ticos que ser\u00e1n cotejados pr\u00f3ximamente para determinar si pertenecen a los detenidos.<\/p>\n\n\n\n<p><em>Fuente: El Sol<\/em><\/p>\n","protected":false},"excerpt":{"rendered":"<p>Polic\u00edas de Investigaciones capturaron la tarde de este martes a tres sospechosos del asesinato durante un asalto del&nbsp;Felipe Villca Condor\u00ed&nbsp;(52), ocurrido a fines del abril en una finca de&nbsp;Colonia Bombal,&nbsp;Maip\u00fa. En los \u00faltimos d\u00edas, la fiscal de Homicidios\u00a0Andrea Lazo\u00a0y su equipo de trabajo lograron identificar a tres presuntos autores del hecho de sangre. Eso permiti\u00f3<a class=\"read-more\" href=\"https:\/\/elfederalmendoza.com.ar\/index.php\/2023\/05\/24\/arrestaron-a-tres-sospechoso-de-asesinar-a-golpes-a-un-chacarero-en-maipu-durante-un-robo\/\"> [&hellip;]<\/a><\/p>\n","protected":false},"author":2,"featured_media":23141,"comment_status":"open","ping_status":"open","sticky":false,"template":"","format":"standard","meta":{"footnotes":""},"categories":[1],"tags":[],"class_list":["post-23138","post","type-post","status-publish","format-standard","has-post-thumbnail","hentry","category-mza"],"rttpg_featured_image_url":{"full":["https:\/\/elfederalmendoza.com.ar\/wp-content\/uploads\/2023\/05\/asesinatos-mendoza-felipe-villca-maipu-familia-justicia-3jpg.webp",1200,675,false],"landscape":["https:\/\/elfederalmendoza.com.ar\/wp-content\/uploads\/2023\/05\/asesinatos-mendoza-felipe-villca-maipu-familia-justicia-3jpg.webp",1200,675,false],"portraits":["https:\/\/elfederalmendoza.com.ar\/wp-content\/uploads\/2023\/05\/asesinatos-mendoza-felipe-villca-maipu-familia-justicia-3jpg.webp",1200,675,false],"thumbnail":["https:\/\/elfederalmendoza.com.ar\/wp-content\/uploads\/2023\/05\/asesinatos-mendoza-felipe-villca-maipu-familia-justicia-3jpg-150x150.webp",150,150,true],"medium":["https:\/\/elfederalmendoza.com.ar\/wp-content\/uploads\/2023\/05\/asesinatos-mendoza-felipe-villca-maipu-familia-justicia-3jpg-300x169.webp",300,169,true],"large":["https:\/\/elfederalmendoza.com.ar\/wp-content\/uploads\/2023\/05\/asesinatos-mendoza-felipe-villca-maipu-familia-justicia-3jpg-1024x576.webp",640,360,true],"1536x1536":["https:\/\/elfederalmendoza.com.ar\/wp-content\/uploads\/2023\/05\/asesinatos-mendoza-felipe-villca-maipu-familia-justicia-3jpg.webp",1200,675,false],"2048x2048":["https:\/\/elfederalmendoza.com.ar\/wp-content\/uploads\/2023\/05\/asesinatos-mendoza-felipe-villca-maipu-familia-justicia-3jpg.webp",1200,675,false],"ultp_layout_landscape_large":["https:\/\/elfederalmendoza.com.ar\/wp-content\/uploads\/2023\/05\/asesinatos-mendoza-felipe-villca-maipu-familia-justicia-3jpg.webp",1200,675,false],"ultp_layout_landscape":["https:\/\/elfederalmendoza.com.ar\/wp-content\/uploads\/2023\/05\/asesinatos-mendoza-felipe-villca-maipu-familia-justicia-3jpg-870x570.webp",870,570,true],"ultp_layout_portrait":["https:\/\/elfederalmendoza.com.ar\/wp-content\/uploads\/2023\/05\/asesinatos-mendoza-felipe-villca-maipu-familia-justicia-3jpg-600x675.webp",600,675,true],"ultp_layout_square":["https:\/\/elfederalmendoza.com.ar\/wp-content\/uploads\/2023\/05\/asesinatos-mendoza-felipe-villca-maipu-familia-justicia-3jpg-600x600.webp",600,600,true],"rpwe-thumbnail":["https:\/\/elfederalmendoza.com.ar\/wp-content\/uploads\/2023\/05\/asesinatos-mendoza-felipe-villca-maipu-familia-justicia-3jpg-45x45.webp",45,45,true],"advps-thumb-one":["https:\/\/elfederalmendoza.com.ar\/wp-content\/uploads\/2023\/05\/asesinatos-mendoza-felipe-villca-maipu-familia-justicia-3jpg-1200x420.webp",1200,420,true]},"rttpg_author":{"display_name":"Redacci\u00f3n El Federal","author_link":"https:\/\/elfederalmendoza.com.ar\/index.php\/author\/angelflores\/"},"rttpg_comment":0,"rttpg_category":"<a href=\"https:\/\/elfederalmendoza.com.ar\/index.php\/category\/mza\/\" rel=\"category tag\">Mendoza<\/a>","rttpg_excerpt":"Polic\u00edas de Investigaciones capturaron la tarde de este martes a tres sospechosos del asesinato durante un asalto del&nbsp;Felipe Villca Condor\u00ed&nbsp;(52), ocurrido a fines del abril en una finca de&nbsp;Colonia Bombal,&nbsp;Maip\u00fa. En los \u00faltimos d\u00edas, la fiscal de Homicidios\u00a0Andrea Lazo\u00a0y su equipo de trabajo lograron identificar a tres presuntos autores del hecho de sangre. Eso permiti\u00f3&hellip;","_links":{"self":[{"href":"https:\/\/elfederalmendoza.com.ar\/index.php\/wp-json\/wp\/v2\/posts\/23138","targetHints":{"allow":["GET"]}}],"collection":[{"href":"https:\/\/elfederalmendoza.com.ar\/index.php\/wp-json\/wp\/v2\/posts"}],"about":[{"href":"https:\/\/elfederalmendoza.com.ar\/index.php\/wp-json\/wp\/v2\/types\/post"}],"author":[{"embeddable":true,"href":"https:\/\/elfederalmendoza.com.ar\/index.php\/wp-json\/wp\/v2\/users\/2"}],"replies":[{"embeddable":true,"href":"https:\/\/elfederalmendoza.com.ar\/index.php\/wp-json\/wp\/v2\/comments?post=23138"}],"version-history":[{"count":2,"href":"https:\/\/elfederalmendoza.com.ar\/index.php\/wp-json\/wp\/v2\/posts\/23138\/revisions"}],"predecessor-version":[{"id":23145,"href":"https:\/\/elfederalmendoza.com.ar\/index.php\/wp-json\/wp\/v2\/posts\/23138\/revisions\/23145"}],"wp:featuredmedia":[{"embeddable":true,"href":"https:\/\/elfederalmendoza.com.ar\/index.php\/wp-json\/wp\/v2\/media\/23141"}],"wp:attachment":[{"href":"https:\/\/elfederalmendoza.com.ar\/index.php\/wp-json\/wp\/v2\/media?parent=23138"}],"wp:term":[{"taxonomy":"category","embeddable":true,"href":"https:\/\/elfederalmendoza.com.ar\/index.php\/wp-json\/wp\/v2\/categories?post=23138"},{"taxonomy":"post_tag","embeddable":true,"href":"https:\/\/elfederalmendoza.com.ar\/index.php\/wp-json\/wp\/v2\/tags?post=23138"}],"curies":[{"name":"wp","href":"https:\/\/api.w.org\/{rel}","templated":true}]}}