{"id":23146,"date":"2023-05-24T10:17:53","date_gmt":"2023-05-24T13:17:53","guid":{"rendered":"https:\/\/elfederalmendoza.com\/?p=23146"},"modified":"2023-05-24T10:17:53","modified_gmt":"2023-05-24T13:17:53","slug":"la-emotiva-carta-de-los-padres-de-la-recien-nacida-salvada-por-dos-policias-son-excelentes-profesionales-pero-tambien-heroes","status":"publish","type":"post","link":"https:\/\/elfederalmendoza.com.ar\/index.php\/2023\/05\/24\/la-emotiva-carta-de-los-padres-de-la-recien-nacida-salvada-por-dos-policias-son-excelentes-profesionales-pero-tambien-heroes\/","title":{"rendered":"La emotiva carta de los padres de la reci\u00e9n nacida salvada por dos polic\u00edas: \u00abSon excelentes profesionales, pero tambi\u00e9n h\u00e9roes\u00bb"},"content":{"rendered":"\n<p>Hace poco m\u00e1s de una semana, un polic\u00eda le salv\u00f3 la vida a una beb\u00e9 reci\u00e9n nacida que estuvo al borde de la muerte en<strong>&nbsp;Luj\u00e1n de Cuyo<\/strong>. Los padres de la criatura le dedicaron una emotiva carta al efectivo, quien no dud\u00f3 en intervenir cuando lo necesitaron.<\/p>\n\n\n\n<p>El caso ocurri\u00f3 el jueves 11 de este mes, alrededor de 15, cuando una movilidad de la\u00a0<strong>Comisar\u00eda 48\u00aa\u00a0<\/strong>-en el que iban a bordo el oficial Lucas Galv\u00e1n y los auxiliares Dar\u00edo Arabie y Francisco Andrada- fue interceptada por un\u00a0<strong>Fiat Regatta<\/strong>\u00a0negro en calle Bomberos Cruce\u00f1os de\u00a0<strong>Agrelo<\/strong>. Del interior del veh\u00edculo, descendi\u00f3 un hombre con una beb\u00e9 de una semana de vida en sus brazos y les pidi\u00f3 auxilio desesperadamente.<\/p>\n\n\n\n<p><mark>La peque\u00f1a se hab\u00eda ahogado mientras amamantaba, estaba sin reacci\u00f3n y con la piel extremadamente p\u00e1lida<\/mark>. Ante eso, los efectivos subieron a la criatura y a su progenitor a la patrulla, para trasladarlos r\u00e1pidamente hasta el nosocomio m\u00e1s cercano.<\/p>\n\n\n\n<p>En el camino,&nbsp;<mark>el auxiliar<strong>&nbsp;<\/strong>Andrada tom\u00f3 a la ni\u00f1a entre sus brazos y le practic\u00f3 maniobras de reanimaci\u00f3n<\/mark>. Pasados algunos momentos, logr\u00f3 que reaccione, recuper\u00f3 la respiraci\u00f3n y tambi\u00e9n el color corporal.<\/p>\n\n\n\n<p>Posteriormente, la reci\u00e9n nacida arrib\u00f3 al\u00a0<strong>Centro de Salud N\u00ba 31<\/strong>, escoltada por un m\u00f3vil de la\u00a0<strong>Unidad Especial de Patrullaje Luj\u00e1n<\/strong>\u00a0(<strong>UEP<\/strong>). All\u00ed, un m\u00e9dico la revis\u00f3 y constat\u00f3 que ya estaba fuera de peligro, aunque la deriv\u00f3 al\u00a0<strong>Hospital Notti<\/strong>, para que sea analizada con mayor profundidad.<\/p>\n\n\n\n<p>Poco m\u00e1s de una semana despu\u00e9s del hecho, los padres de la peque\u00f1a enviaron una misiva al titular de la citada dependencia, donde tiene destino el polic\u00eda que protagoniz\u00f3 la heroica secuencia.<\/p>\n\n\n\n<p><em>\u201cNo puedo expresar con palabras todo el agradecimiento que siento tanto yo como toda mi familia por el accionar, la predisposici\u00f3n y la contenci\u00f3n que nos brindaron los polic\u00edas de su dependencia\u201d<\/em>, expresaron.<\/p>\n\n\n\n<p>Y agregaron: \u201c<em>Tengan en cuenta que para m\u00ed, mi familia y mi hija, sus polic\u00edas no s\u00f3lo son excelentes profesionales, para nosotros ellos son h\u00e9roes\u201d<\/em>.<\/p>\n\n\n<div class=\"wp-block-image\">\n<figure class=\"aligncenter size-full\"><img loading=\"lazy\" decoding=\"async\" width=\"765\" height=\"1024\" src=\"https:\/\/elfederalmendoza.com\/wp-content\/uploads\/2023\/05\/image-8.png\" alt=\"\" class=\"wp-image-23148\" srcset=\"https:\/\/elfederalmendoza.com.ar\/wp-content\/uploads\/2023\/05\/image-8.png 765w, https:\/\/elfederalmendoza.com.ar\/wp-content\/uploads\/2023\/05\/image-8-224x300.png 224w\" sizes=\"auto, (max-width: 765px) 100vw, 765px\" \/><\/figure><\/div>\n\n\n<p><\/p>\n","protected":false},"excerpt":{"rendered":"<p>Hace poco m\u00e1s de una semana, un polic\u00eda le salv\u00f3 la vida a una beb\u00e9 reci\u00e9n nacida que estuvo al borde de la muerte en&nbsp;Luj\u00e1n de Cuyo. Los padres de la criatura le dedicaron una emotiva carta al efectivo, quien no dud\u00f3 en intervenir cuando lo necesitaron. El caso ocurri\u00f3 el jueves 11 de este<a class=\"read-more\" href=\"https:\/\/elfederalmendoza.com.ar\/index.php\/2023\/05\/24\/la-emotiva-carta-de-los-padres-de-la-recien-nacida-salvada-por-dos-policias-son-excelentes-profesionales-pero-tambien-heroes\/\"> [&hellip;]<\/a><\/p>\n","protected":false},"author":2,"featured_media":23149,"comment_status":"open","ping_status":"open","sticky":false,"template":"","format":"standard","meta":{"footnotes":""},"categories":[1],"tags":[],"class_list":["post-23146","post","type-post","status-publish","format-standard","has-post-thumbnail","hentry","category-mza"],"rttpg_featured_image_url":{"full":["https:\/\/elfederalmendoza.com.ar\/wp-content\/uploads\/2023\/05\/WhatsApp-Image-2023-05-23-at-16.38.44.webp",1200,900,false],"landscape":["https:\/\/elfederalmendoza.com.ar\/wp-content\/uploads\/2023\/05\/WhatsApp-Image-2023-05-23-at-16.38.44.webp",1200,900,false],"portraits":["https:\/\/elfederalmendoza.com.ar\/wp-content\/uploads\/2023\/05\/WhatsApp-Image-2023-05-23-at-16.38.44.webp",1200,900,false],"thumbnail":["https:\/\/elfederalmendoza.com.ar\/wp-content\/uploads\/2023\/05\/WhatsApp-Image-2023-05-23-at-16.38.44-150x150.webp",150,150,true],"medium":["https:\/\/elfederalmendoza.com.ar\/wp-content\/uploads\/2023\/05\/WhatsApp-Image-2023-05-23-at-16.38.44-300x225.webp",300,225,true],"large":["https:\/\/elfederalmendoza.com.ar\/wp-content\/uploads\/2023\/05\/WhatsApp-Image-2023-05-23-at-16.38.44-1024x768.webp",640,480,true],"1536x1536":["https:\/\/elfederalmendoza.com.ar\/wp-content\/uploads\/2023\/05\/WhatsApp-Image-2023-05-23-at-16.38.44.webp",1200,900,false],"2048x2048":["https:\/\/elfederalmendoza.com.ar\/wp-content\/uploads\/2023\/05\/WhatsApp-Image-2023-05-23-at-16.38.44.webp",1200,900,false],"ultp_layout_landscape_large":["https:\/\/elfederalmendoza.com.ar\/wp-content\/uploads\/2023\/05\/WhatsApp-Image-2023-05-23-at-16.38.44-1200x800.webp",1200,800,true],"ultp_layout_landscape":["https:\/\/elfederalmendoza.com.ar\/wp-content\/uploads\/2023\/05\/WhatsApp-Image-2023-05-23-at-16.38.44-870x570.webp",870,570,true],"ultp_layout_portrait":["https:\/\/elfederalmendoza.com.ar\/wp-content\/uploads\/2023\/05\/WhatsApp-Image-2023-05-23-at-16.38.44-600x900.webp",600,900,true],"ultp_layout_square":["https:\/\/elfederalmendoza.com.ar\/wp-content\/uploads\/2023\/05\/WhatsApp-Image-2023-05-23-at-16.38.44-600x600.webp",600,600,true],"rpwe-thumbnail":["https:\/\/elfederalmendoza.com.ar\/wp-content\/uploads\/2023\/05\/WhatsApp-Image-2023-05-23-at-16.38.44-45x45.webp",45,45,true],"advps-thumb-one":["https:\/\/elfederalmendoza.com.ar\/wp-content\/uploads\/2023\/05\/WhatsApp-Image-2023-05-23-at-16.38.44-1200x420.webp",1200,420,true]},"rttpg_author":{"display_name":"Redacci\u00f3n El Federal","author_link":"https:\/\/elfederalmendoza.com.ar\/index.php\/author\/angelflores\/"},"rttpg_comment":0,"rttpg_category":"<a href=\"https:\/\/elfederalmendoza.com.ar\/index.php\/category\/mza\/\" rel=\"category tag\">Mendoza<\/a>","rttpg_excerpt":"Hace poco m\u00e1s de una semana, un polic\u00eda le salv\u00f3 la vida a una beb\u00e9 reci\u00e9n nacida que estuvo al borde de la muerte en&nbsp;Luj\u00e1n de Cuyo. Los padres de la criatura le dedicaron una emotiva carta al efectivo, quien no dud\u00f3 en intervenir cuando lo necesitaron. El caso ocurri\u00f3 el jueves 11 de este&hellip;","_links":{"self":[{"href":"https:\/\/elfederalmendoza.com.ar\/index.php\/wp-json\/wp\/v2\/posts\/23146","targetHints":{"allow":["GET"]}}],"collection":[{"href":"https:\/\/elfederalmendoza.com.ar\/index.php\/wp-json\/wp\/v2\/posts"}],"about":[{"href":"https:\/\/elfederalmendoza.com.ar\/index.php\/wp-json\/wp\/v2\/types\/post"}],"author":[{"embeddable":true,"href":"https:\/\/elfederalmendoza.com.ar\/index.php\/wp-json\/wp\/v2\/users\/2"}],"replies":[{"embeddable":true,"href":"https:\/\/elfederalmendoza.com.ar\/index.php\/wp-json\/wp\/v2\/comments?post=23146"}],"version-history":[{"count":1,"href":"https:\/\/elfederalmendoza.com.ar\/index.php\/wp-json\/wp\/v2\/posts\/23146\/revisions"}],"predecessor-version":[{"id":23150,"href":"https:\/\/elfederalmendoza.com.ar\/index.php\/wp-json\/wp\/v2\/posts\/23146\/revisions\/23150"}],"wp:featuredmedia":[{"embeddable":true,"href":"https:\/\/elfederalmendoza.com.ar\/index.php\/wp-json\/wp\/v2\/media\/23149"}],"wp:attachment":[{"href":"https:\/\/elfederalmendoza.com.ar\/index.php\/wp-json\/wp\/v2\/media?parent=23146"}],"wp:term":[{"taxonomy":"category","embeddable":true,"href":"https:\/\/elfederalmendoza.com.ar\/index.php\/wp-json\/wp\/v2\/categories?post=23146"},{"taxonomy":"post_tag","embeddable":true,"href":"https:\/\/elfederalmendoza.com.ar\/index.php\/wp-json\/wp\/v2\/tags?post=23146"}],"curies":[{"name":"wp","href":"https:\/\/api.w.org\/{rel}","templated":true}]}}