{"id":23153,"date":"2023-05-24T10:25:52","date_gmt":"2023-05-24T13:25:52","guid":{"rendered":"https:\/\/elfederalmendoza.com\/?p=23153"},"modified":"2023-05-24T10:25:52","modified_gmt":"2023-05-24T13:25:52","slug":"un-empresario-quiso-ingresar-a-mendoza-con-82-millones-de-pesos-sin-declarar","status":"publish","type":"post","link":"https:\/\/elfederalmendoza.com.ar\/index.php\/2023\/05\/24\/un-empresario-quiso-ingresar-a-mendoza-con-82-millones-de-pesos-sin-declarar\/","title":{"rendered":"Un empresario quiso ingresar a Mendoza con 82 millones de pesos sin declarar"},"content":{"rendered":"\n<p>Efectivos del Escuadr\u00f3n N\u00facleo \u201c<strong>San Juan<\/strong>\u201d de\u00a0<strong>Gendarmer\u00eda Nacional Argentina<\/strong>\u00a0se encontraban desplegados sobre la Ruta Nacional N\u00b0 40, a la altura del kil\u00f3metro 3.379 (Paraje \u201cSan Carlos\u201d del Departamento de Sarmiento), cuando verificaron una camioneta en la que se trasladaba un empresario que se dirig\u00eda hacia nuestra provincia.\u00a0<\/p>\n\n\n\n<p>Como resultado del control, los gendarmes observaron que en el asiento trasero hab\u00eda tres bolsas tipo arpillera, las cuales conten\u00edan en su interior billetes de moneda nacional.<\/p>\n\n\n<div class=\"wp-block-image\">\n<figure class=\"aligncenter size-full\"><img loading=\"lazy\" decoding=\"async\" width=\"780\" height=\"913\" src=\"https:\/\/elfederalmendoza.com\/wp-content\/uploads\/2023\/05\/646d24563de75__780x780.webp\" alt=\"\" class=\"wp-image-23155\" srcset=\"https:\/\/elfederalmendoza.com.ar\/wp-content\/uploads\/2023\/05\/646d24563de75__780x780.webp 780w, https:\/\/elfederalmendoza.com.ar\/wp-content\/uploads\/2023\/05\/646d24563de75__780x780-256x300.webp 256w, https:\/\/elfederalmendoza.com.ar\/wp-content\/uploads\/2023\/05\/646d24563de75__780x780-768x899.webp 768w\" sizes=\"auto, (max-width: 780px) 100vw, 780px\" \/><\/figure><\/div>\n\n\n<p>Seguidamente, los funcionarios procedieron a contabilizar un total de&nbsp;<strong>82.129.010 pesos<\/strong>&nbsp;argentinos, el conductor no contaba con la documentaci\u00f3n que avale, o sea que los ingresaba de&nbsp;<strong>contrabando.<\/strong><\/p>\n\n\n\n<p>Intervino el Juzgado Federal N\u00b0 2 de\u00a0<strong>San Juan<\/strong>, quien dispuso el secuestro del rodado, de un tel\u00e9fono celular y con respecto a la totalidad del dinero incautado qued\u00f3 depositado en el Banco de la Naci\u00f3n Argentina hasta que el ciudadano presente la documentaci\u00f3n correspondiente.<\/p>\n\n\n<div class=\"wp-block-image\">\n<figure class=\"aligncenter size-full\"><img loading=\"lazy\" decoding=\"async\" width=\"780\" height=\"886\" src=\"https:\/\/elfederalmendoza.com\/wp-content\/uploads\/2023\/05\/646d245585ed4__780x780.webp\" alt=\"\" class=\"wp-image-23156\" srcset=\"https:\/\/elfederalmendoza.com.ar\/wp-content\/uploads\/2023\/05\/646d245585ed4__780x780.webp 780w, https:\/\/elfederalmendoza.com.ar\/wp-content\/uploads\/2023\/05\/646d245585ed4__780x780-264x300.webp 264w, https:\/\/elfederalmendoza.com.ar\/wp-content\/uploads\/2023\/05\/646d245585ed4__780x780-768x872.webp 768w\" sizes=\"auto, (max-width: 780px) 100vw, 780px\" \/><\/figure><\/div>\n\n\n<p>Asimismo, el involucrado qued\u00f3 supeditado a la causa, por encontrarse en presunta infracci\u00f3n al Art. 303 del C\u00f3digo Penal de la Nacional Ley 25.246 \u00abLavado de Activos\u00bb y la Ley 27.430 \u00abR\u00e9gimen Penal Tributario\u00bb.<\/p>\n","protected":false},"excerpt":{"rendered":"<p>Efectivos del Escuadr\u00f3n N\u00facleo \u201cSan Juan\u201d de\u00a0Gendarmer\u00eda Nacional Argentina\u00a0se encontraban desplegados sobre la Ruta Nacional N\u00b0 40, a la altura del kil\u00f3metro 3.379 (Paraje \u201cSan Carlos\u201d del Departamento de Sarmiento), cuando verificaron una camioneta en la que se trasladaba un empresario que se dirig\u00eda hacia nuestra provincia.\u00a0 Como resultado del control, los gendarmes observaron que<a class=\"read-more\" href=\"https:\/\/elfederalmendoza.com.ar\/index.php\/2023\/05\/24\/un-empresario-quiso-ingresar-a-mendoza-con-82-millones-de-pesos-sin-declarar\/\"> [&hellip;]<\/a><\/p>\n","protected":false},"author":2,"featured_media":23158,"comment_status":"open","ping_status":"open","sticky":false,"template":"","format":"standard","meta":{"footnotes":""},"categories":[1],"tags":[],"class_list":["post-23153","post","type-post","status-publish","format-standard","has-post-thumbnail","hentry","category-mza"],"rttpg_featured_image_url":{"full":["https:\/\/elfederalmendoza.com.ar\/wp-content\/uploads\/2023\/05\/646d24570a862__700x430.webp",700,430,false],"landscape":["https:\/\/elfederalmendoza.com.ar\/wp-content\/uploads\/2023\/05\/646d24570a862__700x430.webp",700,430,false],"portraits":["https:\/\/elfederalmendoza.com.ar\/wp-content\/uploads\/2023\/05\/646d24570a862__700x430.webp",700,430,false],"thumbnail":["https:\/\/elfederalmendoza.com.ar\/wp-content\/uploads\/2023\/05\/646d24570a862__700x430-150x150.webp",150,150,true],"medium":["https:\/\/elfederalmendoza.com.ar\/wp-content\/uploads\/2023\/05\/646d24570a862__700x430-300x184.webp",300,184,true],"large":["https:\/\/elfederalmendoza.com.ar\/wp-content\/uploads\/2023\/05\/646d24570a862__700x430.webp",640,393,false],"1536x1536":["https:\/\/elfederalmendoza.com.ar\/wp-content\/uploads\/2023\/05\/646d24570a862__700x430.webp",700,430,false],"2048x2048":["https:\/\/elfederalmendoza.com.ar\/wp-content\/uploads\/2023\/05\/646d24570a862__700x430.webp",700,430,false],"ultp_layout_landscape_large":["https:\/\/elfederalmendoza.com.ar\/wp-content\/uploads\/2023\/05\/646d24570a862__700x430.webp",700,430,false],"ultp_layout_landscape":["https:\/\/elfederalmendoza.com.ar\/wp-content\/uploads\/2023\/05\/646d24570a862__700x430.webp",700,430,false],"ultp_layout_portrait":["https:\/\/elfederalmendoza.com.ar\/wp-content\/uploads\/2023\/05\/646d24570a862__700x430-600x430.webp",600,430,true],"ultp_layout_square":["https:\/\/elfederalmendoza.com.ar\/wp-content\/uploads\/2023\/05\/646d24570a862__700x430-600x430.webp",600,430,true],"rpwe-thumbnail":["https:\/\/elfederalmendoza.com.ar\/wp-content\/uploads\/2023\/05\/646d24570a862__700x430-45x45.webp",45,45,true],"advps-thumb-one":["https:\/\/elfederalmendoza.com.ar\/wp-content\/uploads\/2023\/05\/646d24570a862__700x430-700x420.webp",700,420,true]},"rttpg_author":{"display_name":"Redacci\u00f3n El Federal","author_link":"https:\/\/elfederalmendoza.com.ar\/index.php\/author\/angelflores\/"},"rttpg_comment":0,"rttpg_category":"<a href=\"https:\/\/elfederalmendoza.com.ar\/index.php\/category\/mza\/\" rel=\"category tag\">Mendoza<\/a>","rttpg_excerpt":"Efectivos del Escuadr\u00f3n N\u00facleo \u201cSan Juan\u201d de\u00a0Gendarmer\u00eda Nacional Argentina\u00a0se encontraban desplegados sobre la Ruta Nacional N\u00b0 40, a la altura del kil\u00f3metro 3.379 (Paraje \u201cSan Carlos\u201d del Departamento de Sarmiento), cuando verificaron una camioneta en la que se trasladaba un empresario que se dirig\u00eda hacia nuestra provincia.\u00a0 Como resultado del control, los gendarmes observaron que&hellip;","_links":{"self":[{"href":"https:\/\/elfederalmendoza.com.ar\/index.php\/wp-json\/wp\/v2\/posts\/23153","targetHints":{"allow":["GET"]}}],"collection":[{"href":"https:\/\/elfederalmendoza.com.ar\/index.php\/wp-json\/wp\/v2\/posts"}],"about":[{"href":"https:\/\/elfederalmendoza.com.ar\/index.php\/wp-json\/wp\/v2\/types\/post"}],"author":[{"embeddable":true,"href":"https:\/\/elfederalmendoza.com.ar\/index.php\/wp-json\/wp\/v2\/users\/2"}],"replies":[{"embeddable":true,"href":"https:\/\/elfederalmendoza.com.ar\/index.php\/wp-json\/wp\/v2\/comments?post=23153"}],"version-history":[{"count":1,"href":"https:\/\/elfederalmendoza.com.ar\/index.php\/wp-json\/wp\/v2\/posts\/23153\/revisions"}],"predecessor-version":[{"id":23159,"href":"https:\/\/elfederalmendoza.com.ar\/index.php\/wp-json\/wp\/v2\/posts\/23153\/revisions\/23159"}],"wp:featuredmedia":[{"embeddable":true,"href":"https:\/\/elfederalmendoza.com.ar\/index.php\/wp-json\/wp\/v2\/media\/23158"}],"wp:attachment":[{"href":"https:\/\/elfederalmendoza.com.ar\/index.php\/wp-json\/wp\/v2\/media?parent=23153"}],"wp:term":[{"taxonomy":"category","embeddable":true,"href":"https:\/\/elfederalmendoza.com.ar\/index.php\/wp-json\/wp\/v2\/categories?post=23153"},{"taxonomy":"post_tag","embeddable":true,"href":"https:\/\/elfederalmendoza.com.ar\/index.php\/wp-json\/wp\/v2\/tags?post=23153"}],"curies":[{"name":"wp","href":"https:\/\/api.w.org\/{rel}","templated":true}]}}