{"id":23172,"date":"2023-05-25T13:19:25","date_gmt":"2023-05-25T16:19:25","guid":{"rendered":"https:\/\/elfederalmendoza.com\/?p=23172"},"modified":"2023-05-25T13:19:26","modified_gmt":"2023-05-25T16:19:26","slug":"la-foto-de-la-viuda-negra-que-es-buscada-por-drogar-y-desvalijar-a-un-joven-en-las-heras","status":"publish","type":"post","link":"https:\/\/elfederalmendoza.com.ar\/index.php\/2023\/05\/25\/la-foto-de-la-viuda-negra-que-es-buscada-por-drogar-y-desvalijar-a-un-joven-en-las-heras\/","title":{"rendered":"La foto de la \u00abviuda negra\u00bb que es buscada por drogar y desvalijar a un joven en Las Heras"},"content":{"rendered":"\n<p><strong>Maxi Silva<\/strong>\u00a0tiene 28 a\u00f1os y vive en el barrio Municipal de Las Heras. El pasado 16 de mayo tuvo un encuentro con una joven de 24 a\u00f1os en su casa y denunci\u00f3 que fue\u00a0<strong>drogado<\/strong>\u00a0y que cuando despert\u00f3\u00a0<strong>hab\u00edan desvalijado su casa<\/strong>.<\/p>\n\n\n\n<p>El hecho habr\u00eda ocurrido durante la madrugada del martes 16, horas antes ambos hab\u00edan quedado en verse para \u00abver pel\u00edculas\u00bb; en su relato \u00e9l cont\u00f3 que no tom\u00f3 alcohol y si tom\u00f3 de un jugo en caja que hab\u00eda llevado ella.<\/p>\n\n\n\n<p>Luego de compartir la bebida, la noche se termin\u00f3 para Silva, despert\u00f3 al otro d\u00eda y encontr\u00f3 su casa sin algunas pertenencias: <strong>un televisor, su celular y $70.000 en efectivo, seg\u00fan constat\u00f3 luego en en la denuncia radicada en la Comisar\u00eda 16\u00b0 del departamento.<\/strong><\/p>\n\n\n\n<p>\u00abLa gravedad, m\u00e1s all\u00e1 de lo material, es que&nbsp;<strong>me empastill\u00f3<\/strong>. Anoche no sab\u00eda que me pasaba. Tengo testigos que aseguran que la vieron a ella y a otros dos hombres en mi domicilio\u00bb, asegur\u00f3 la v\u00edctima en sus redes sociales.<\/p>\n\n\n\n<figure class=\"wp-block-image is-resized\"><img loading=\"lazy\" decoding=\"async\" src=\"https:\/\/www.mendozapost.com\/files\/image\/483\/483613\/646f61bb128dc_570_713!.jpg?s=dc07603a344f301d33f8cb68b5e17b0d&amp;d=1685021117\" alt=\"\" width=\"833\" height=\"1042\"\/><figcaption class=\"wp-element-caption\">La joven que habr\u00eda robado en la casa de Silva<\/figcaption><\/figure>\n\n\n\n<p>Al d\u00eda siguiente (el mi\u00e9rcoles 17) en la tarde, Maximiliano acudi\u00f3 a la Seccional 16\u00b0, frente a la plaza departamental y denunci\u00f3 el faltante de objetos de valor en su vivienda, dando su versi\u00f3n de lo que hab\u00eda ocurrido.<\/p>\n\n\n\n<p>En di\u00e1logo con el\u00a0<strong><em>Post<\/em><\/strong>, la v\u00edctima dijo: \u00abMi indignaci\u00f3n es que al parecer ya caratularon el hecho como hurto&#8230;y esto no fue s\u00f3lo un hurto\u00bb.\u00a0\u00a0<\/p>\n\n\n\n<figure class=\"wp-block-image is-resized\"><img loading=\"lazy\" decoding=\"async\" src=\"https:\/\/www.mendozapost.com\/files\/image\/483\/483435\/646e61cbb3093_570_924!.jpg?s=d5446c9aecdbb334a2e2d26580d76f04&amp;d=1684955598\" alt=\"\" width=\"834\" height=\"1352\"\/><\/figure>\n\n\n\n<p>El hombre hab\u00eda conocido a la chica hace poco m\u00e1s de un a\u00f1o, pero dejaron de verse por algunas actitudes que no gustaron, luego reconoci\u00f3: \u00abSoy un idiota por dejarla volver a entrar en m\u00ed casa, pero bueno, no me imagin\u00e9 que iba a ocurrir esto la verdad. Nunca ni lo sospeche\u00bb.<\/p>\n\n\n\n<p>\u00abEst\u00e1 piba ha estado desde el d\u00eda del hecho hasta hoy, haciendo videos en vivo, ofreciendo mis cosas, y pase\u00e1ndose por el barrio como si nada&#8230; Entonces, \u00bfQue espera la justicia?\u00bb, sentenci\u00f3.<\/p>\n\n\n\n<p>Luego de eso, preocupado por lo que le sucedi\u00f3, record\u00f3 el caso de\u00a0Exequiel Lucero, quien fue encontrado muerto el 17 de julio de 2022 en su casa de Las Heras y la investigaci\u00f3n apunt\u00f3 a que podr\u00edan haberle puesto algo en la bebida un grupo de chicas que hab\u00eda conocido en un boliche y que pasaron la noche en su vivienda.\u00a0<\/p>\n\n\n\n<p>Maxi aguarda el avance de la investigaci\u00f3n, aunque con poca esperanza de recuperar sus pertenencias.<\/p>\n\n\n\n<p>Mendoza Post<\/p>\n","protected":false},"excerpt":{"rendered":"<p>Maxi Silva\u00a0tiene 28 a\u00f1os y vive en el barrio Municipal de Las Heras. El pasado 16 de mayo tuvo un encuentro con una joven de 24 a\u00f1os en su casa y denunci\u00f3 que fue\u00a0drogado\u00a0y que cuando despert\u00f3\u00a0hab\u00edan desvalijado su casa. El hecho habr\u00eda ocurrido durante la madrugada del martes 16, horas antes ambos hab\u00edan quedado<a class=\"read-more\" href=\"https:\/\/elfederalmendoza.com.ar\/index.php\/2023\/05\/25\/la-foto-de-la-viuda-negra-que-es-buscada-por-drogar-y-desvalijar-a-un-joven-en-las-heras\/\"> [&hellip;]<\/a><\/p>\n","protected":false},"author":2,"featured_media":23174,"comment_status":"open","ping_status":"open","sticky":false,"template":"","format":"standard","meta":{"footnotes":""},"categories":[1],"tags":[],"class_list":["post-23172","post","type-post","status-publish","format-standard","has-post-thumbnail","hentry","category-mza"],"rttpg_featured_image_url":{"full":["https:\/\/elfederalmendoza.com.ar\/wp-content\/uploads\/2023\/05\/viuda-negra.jpg",1231,618,false],"landscape":["https:\/\/elfederalmendoza.com.ar\/wp-content\/uploads\/2023\/05\/viuda-negra.jpg",1231,618,false],"portraits":["https:\/\/elfederalmendoza.com.ar\/wp-content\/uploads\/2023\/05\/viuda-negra.jpg",1231,618,false],"thumbnail":["https:\/\/elfederalmendoza.com.ar\/wp-content\/uploads\/2023\/05\/viuda-negra-150x150.jpg",150,150,true],"medium":["https:\/\/elfederalmendoza.com.ar\/wp-content\/uploads\/2023\/05\/viuda-negra-300x151.jpg",300,151,true],"large":["https:\/\/elfederalmendoza.com.ar\/wp-content\/uploads\/2023\/05\/viuda-negra-1024x514.jpg",640,321,true],"1536x1536":["https:\/\/elfederalmendoza.com.ar\/wp-content\/uploads\/2023\/05\/viuda-negra.jpg",1231,618,false],"2048x2048":["https:\/\/elfederalmendoza.com.ar\/wp-content\/uploads\/2023\/05\/viuda-negra.jpg",1231,618,false],"ultp_layout_landscape_large":["https:\/\/elfederalmendoza.com.ar\/wp-content\/uploads\/2023\/05\/viuda-negra-1200x618.jpg",1200,618,true],"ultp_layout_landscape":["https:\/\/elfederalmendoza.com.ar\/wp-content\/uploads\/2023\/05\/viuda-negra-870x570.jpg",870,570,true],"ultp_layout_portrait":["https:\/\/elfederalmendoza.com.ar\/wp-content\/uploads\/2023\/05\/viuda-negra-600x618.jpg",600,618,true],"ultp_layout_square":["https:\/\/elfederalmendoza.com.ar\/wp-content\/uploads\/2023\/05\/viuda-negra-600x600.jpg",600,600,true],"rpwe-thumbnail":["https:\/\/elfederalmendoza.com.ar\/wp-content\/uploads\/2023\/05\/viuda-negra-45x45.jpg",45,45,true],"advps-thumb-one":["https:\/\/elfederalmendoza.com.ar\/wp-content\/uploads\/2023\/05\/viuda-negra-1200x420.jpg",1200,420,true]},"rttpg_author":{"display_name":"Redacci\u00f3n El Federal","author_link":"https:\/\/elfederalmendoza.com.ar\/index.php\/author\/angelflores\/"},"rttpg_comment":0,"rttpg_category":"<a href=\"https:\/\/elfederalmendoza.com.ar\/index.php\/category\/mza\/\" rel=\"category tag\">Mendoza<\/a>","rttpg_excerpt":"Maxi Silva\u00a0tiene 28 a\u00f1os y vive en el barrio Municipal de Las Heras. El pasado 16 de mayo tuvo un encuentro con una joven de 24 a\u00f1os en su casa y denunci\u00f3 que fue\u00a0drogado\u00a0y que cuando despert\u00f3\u00a0hab\u00edan desvalijado su casa. El hecho habr\u00eda ocurrido durante la madrugada del martes 16, horas antes ambos hab\u00edan quedado&hellip;","_links":{"self":[{"href":"https:\/\/elfederalmendoza.com.ar\/index.php\/wp-json\/wp\/v2\/posts\/23172","targetHints":{"allow":["GET"]}}],"collection":[{"href":"https:\/\/elfederalmendoza.com.ar\/index.php\/wp-json\/wp\/v2\/posts"}],"about":[{"href":"https:\/\/elfederalmendoza.com.ar\/index.php\/wp-json\/wp\/v2\/types\/post"}],"author":[{"embeddable":true,"href":"https:\/\/elfederalmendoza.com.ar\/index.php\/wp-json\/wp\/v2\/users\/2"}],"replies":[{"embeddable":true,"href":"https:\/\/elfederalmendoza.com.ar\/index.php\/wp-json\/wp\/v2\/comments?post=23172"}],"version-history":[{"count":1,"href":"https:\/\/elfederalmendoza.com.ar\/index.php\/wp-json\/wp\/v2\/posts\/23172\/revisions"}],"predecessor-version":[{"id":23175,"href":"https:\/\/elfederalmendoza.com.ar\/index.php\/wp-json\/wp\/v2\/posts\/23172\/revisions\/23175"}],"wp:featuredmedia":[{"embeddable":true,"href":"https:\/\/elfederalmendoza.com.ar\/index.php\/wp-json\/wp\/v2\/media\/23174"}],"wp:attachment":[{"href":"https:\/\/elfederalmendoza.com.ar\/index.php\/wp-json\/wp\/v2\/media?parent=23172"}],"wp:term":[{"taxonomy":"category","embeddable":true,"href":"https:\/\/elfederalmendoza.com.ar\/index.php\/wp-json\/wp\/v2\/categories?post=23172"},{"taxonomy":"post_tag","embeddable":true,"href":"https:\/\/elfederalmendoza.com.ar\/index.php\/wp-json\/wp\/v2\/tags?post=23172"}],"curies":[{"name":"wp","href":"https:\/\/api.w.org\/{rel}","templated":true}]}}