{"id":23178,"date":"2023-05-25T13:35:56","date_gmt":"2023-05-25T16:35:56","guid":{"rendered":"https:\/\/elfederalmendoza.com\/?p=23178"},"modified":"2023-05-25T13:35:57","modified_gmt":"2023-05-25T16:35:57","slug":"un-motociclista-murio-al-impactar-con-una-camioneta-en-guaymallen","status":"publish","type":"post","link":"https:\/\/elfederalmendoza.com.ar\/index.php\/2023\/05\/25\/un-motociclista-murio-al-impactar-con-una-camioneta-en-guaymallen\/","title":{"rendered":"Un motociclista muri\u00f3 al impactar con una camioneta en Guaymall\u00e9n"},"content":{"rendered":"\n<p>Un\u00a0<strong>motociclista<\/strong>\u00a0muri\u00f3 este mi\u00e9rcoles por la noche en\u00a0<strong>Guaymall\u00e9n<\/strong>\u00a0al chocar contra una camioneta. La v\u00edctima se llamaba <strong>Emanuel Mat\u00edas Zambrano y ten\u00eda 41 a\u00f1os<\/strong>.<\/p>\n\n\n\n<p>El&nbsp;<strong>accidente<\/strong>&nbsp;se produjo apenas pasadas las 21. El conductor de una Fiat Fiorino blanca iba por calle Urquiza hacia el norte. El choque tuvo lugar cuando lleg\u00f3 al cruce con San Francisco del Monte e intent\u00f3 girar al oeste. Fue entonces cuando una moto que iba hacia el sur impact\u00f3 con la camioneta utilitaria.<\/p>\n\n\n\n<p>El\u00a0<strong>motociclista<\/strong>\u00a0tuvo que ser trasladado por la ambulancia al Hospital Central con graves politraumatismos. All\u00ed, ingres\u00f3 al quir\u00f3fano en estado cr\u00edtico.\u00a0<\/p>\n\n\n\n<p>A las 23, desde el nosocomio informaron que Zambrano hab\u00eda fallecido. El conductor de la Fiorino, un hombre de 47 a\u00f1os, <strong>est\u00e1 siendo investigado por homicidio culposo<\/strong>.<\/p>\n\n\n\n<p><\/p>\n","protected":false},"excerpt":{"rendered":"<p>Un\u00a0motociclista\u00a0muri\u00f3 este mi\u00e9rcoles por la noche en\u00a0Guaymall\u00e9n\u00a0al chocar contra una camioneta. La v\u00edctima se llamaba Emanuel Mat\u00edas Zambrano y ten\u00eda 41 a\u00f1os. El&nbsp;accidente&nbsp;se produjo apenas pasadas las 21. El conductor de una Fiat Fiorino blanca iba por calle Urquiza hacia el norte. El choque tuvo lugar cuando lleg\u00f3 al cruce con San Francisco del Monte<a class=\"read-more\" href=\"https:\/\/elfederalmendoza.com.ar\/index.php\/2023\/05\/25\/un-motociclista-murio-al-impactar-con-una-camioneta-en-guaymallen\/\"> [&hellip;]<\/a><\/p>\n","protected":false},"author":2,"featured_media":23180,"comment_status":"open","ping_status":"open","sticky":false,"template":"","format":"standard","meta":{"footnotes":""},"categories":[1],"tags":[],"class_list":["post-23178","post","type-post","status-publish","format-standard","has-post-thumbnail","hentry","category-mza"],"rttpg_featured_image_url":{"full":["https:\/\/elfederalmendoza.com.ar\/wp-content\/uploads\/2023\/05\/houssay.jpg",1048,570,false],"landscape":["https:\/\/elfederalmendoza.com.ar\/wp-content\/uploads\/2023\/05\/houssay.jpg",1048,570,false],"portraits":["https:\/\/elfederalmendoza.com.ar\/wp-content\/uploads\/2023\/05\/houssay.jpg",1048,570,false],"thumbnail":["https:\/\/elfederalmendoza.com.ar\/wp-content\/uploads\/2023\/05\/houssay-150x150.jpg",150,150,true],"medium":["https:\/\/elfederalmendoza.com.ar\/wp-content\/uploads\/2023\/05\/houssay-300x163.jpg",300,163,true],"large":["https:\/\/elfederalmendoza.com.ar\/wp-content\/uploads\/2023\/05\/houssay-1024x557.jpg",640,348,true],"1536x1536":["https:\/\/elfederalmendoza.com.ar\/wp-content\/uploads\/2023\/05\/houssay.jpg",1048,570,false],"2048x2048":["https:\/\/elfederalmendoza.com.ar\/wp-content\/uploads\/2023\/05\/houssay.jpg",1048,570,false],"ultp_layout_landscape_large":["https:\/\/elfederalmendoza.com.ar\/wp-content\/uploads\/2023\/05\/houssay.jpg",1048,570,false],"ultp_layout_landscape":["https:\/\/elfederalmendoza.com.ar\/wp-content\/uploads\/2023\/05\/houssay-870x570.jpg",870,570,true],"ultp_layout_portrait":["https:\/\/elfederalmendoza.com.ar\/wp-content\/uploads\/2023\/05\/houssay-600x570.jpg",600,570,true],"ultp_layout_square":["https:\/\/elfederalmendoza.com.ar\/wp-content\/uploads\/2023\/05\/houssay-600x570.jpg",600,570,true],"rpwe-thumbnail":["https:\/\/elfederalmendoza.com.ar\/wp-content\/uploads\/2023\/05\/houssay-45x45.jpg",45,45,true],"advps-thumb-one":["https:\/\/elfederalmendoza.com.ar\/wp-content\/uploads\/2023\/05\/houssay-1048x420.jpg",1048,420,true]},"rttpg_author":{"display_name":"Redacci\u00f3n El Federal","author_link":"https:\/\/elfederalmendoza.com.ar\/index.php\/author\/angelflores\/"},"rttpg_comment":0,"rttpg_category":"<a href=\"https:\/\/elfederalmendoza.com.ar\/index.php\/category\/mza\/\" rel=\"category tag\">Mendoza<\/a>","rttpg_excerpt":"Un\u00a0motociclista\u00a0muri\u00f3 este mi\u00e9rcoles por la noche en\u00a0Guaymall\u00e9n\u00a0al chocar contra una camioneta. La v\u00edctima se llamaba Emanuel Mat\u00edas Zambrano y ten\u00eda 41 a\u00f1os. El&nbsp;accidente&nbsp;se produjo apenas pasadas las 21. El conductor de una Fiat Fiorino blanca iba por calle Urquiza hacia el norte. El choque tuvo lugar cuando lleg\u00f3 al cruce con San Francisco del Monte&hellip;","_links":{"self":[{"href":"https:\/\/elfederalmendoza.com.ar\/index.php\/wp-json\/wp\/v2\/posts\/23178","targetHints":{"allow":["GET"]}}],"collection":[{"href":"https:\/\/elfederalmendoza.com.ar\/index.php\/wp-json\/wp\/v2\/posts"}],"about":[{"href":"https:\/\/elfederalmendoza.com.ar\/index.php\/wp-json\/wp\/v2\/types\/post"}],"author":[{"embeddable":true,"href":"https:\/\/elfederalmendoza.com.ar\/index.php\/wp-json\/wp\/v2\/users\/2"}],"replies":[{"embeddable":true,"href":"https:\/\/elfederalmendoza.com.ar\/index.php\/wp-json\/wp\/v2\/comments?post=23178"}],"version-history":[{"count":1,"href":"https:\/\/elfederalmendoza.com.ar\/index.php\/wp-json\/wp\/v2\/posts\/23178\/revisions"}],"predecessor-version":[{"id":23181,"href":"https:\/\/elfederalmendoza.com.ar\/index.php\/wp-json\/wp\/v2\/posts\/23178\/revisions\/23181"}],"wp:featuredmedia":[{"embeddable":true,"href":"https:\/\/elfederalmendoza.com.ar\/index.php\/wp-json\/wp\/v2\/media\/23180"}],"wp:attachment":[{"href":"https:\/\/elfederalmendoza.com.ar\/index.php\/wp-json\/wp\/v2\/media?parent=23178"}],"wp:term":[{"taxonomy":"category","embeddable":true,"href":"https:\/\/elfederalmendoza.com.ar\/index.php\/wp-json\/wp\/v2\/categories?post=23178"},{"taxonomy":"post_tag","embeddable":true,"href":"https:\/\/elfederalmendoza.com.ar\/index.php\/wp-json\/wp\/v2\/tags?post=23178"}],"curies":[{"name":"wp","href":"https:\/\/api.w.org\/{rel}","templated":true}]}}