{"id":23184,"date":"2023-05-25T13:53:27","date_gmt":"2023-05-25T16:53:27","guid":{"rendered":"https:\/\/elfederalmendoza.com\/?p=23184"},"modified":"2023-05-25T13:53:28","modified_gmt":"2023-05-25T16:53:28","slug":"suarez-ante-los-rumores-de-una-formula-cruzada-me-gustaria-ser-candidato-a-vicepresidente","status":"publish","type":"post","link":"https:\/\/elfederalmendoza.com.ar\/index.php\/2023\/05\/25\/suarez-ante-los-rumores-de-una-formula-cruzada-me-gustaria-ser-candidato-a-vicepresidente\/","title":{"rendered":"Suarez ante los rumores de una f\u00f3rmula cruzada: \u00abMe gustar\u00eda ser candidato a vicepresidente\u00bb"},"content":{"rendered":"\n<p>El gobernador\u00a0<strong>Rodolfo Suarez afirm\u00f3 que le \u00abgustar\u00eda ser candidato a vicepresidente\u00bb<\/strong>. Lo dijo durante la rueda de prensa en el acto oficial por el 25 de mayo.<\/p>\n\n\n\n<p>En la residencia oficial de La Puntilla, durante el tradicional Toque de Diana por la Revoluci\u00f3n de Mayo, el gobernador advirti\u00f3 sobre la posibilidad de ser precandidato a vicepresidente en una f\u00f3rmula conjunta con un precandidato del PRO.<\/p>\n\n\n\n<p><strong>\u00abPor supuesto que me gustar\u00eda\u00bb, dijo, aunque reconoci\u00f3 que su \u00abprioridad es la provincia de Mendoza\u00bb&nbsp;<\/strong>y que reci\u00e9n despu\u00e9s de las PASO del 11 de junio el radicalismo se enfocar\u00e1 en el cierre de listas nacional.<\/p>\n\n\n\n<p>Desde que Alfredo Cornejo se aboc\u00f3 a su carrera por la gobernaci\u00f3n,\u00a0<strong>la f\u00f3rmula Patricia Bullrich- Rodolfo Suarez comenz\u00f3 a tomar fuerza<\/strong>. Tambi\u00e9n comenzaron los rumores de un posible acompa\u00f1amiento a Horacio Rodr\u00edguez Larreta, que este viernes estar\u00e1 en Mendoza por tercera vez en el a\u00f1o.<\/p>\n\n\n\n<figure class=\"wp-block-image\"><img decoding=\"async\" src=\"https:\/\/media.diariouno.com.ar\/p\/de0cbfac9cd2002e8bf3a27fdb2a243b\/adjuntos\/298\/imagenes\/009\/162\/0009162681\/1200x0\/smart\/rodolfo-suarez-25-mayo-1jpg.jpg\" alt=\"Rodolfo Suarez durante su \u00faltimo acto oficial por el 25 de mayo como gobernador de Mendoza.\" title=\"Rodolfo Suarez durante su \u00faltimo acto oficial por el 25 de mayo como gobernador de Mendoza.\"\/><\/figure>\n\n\n\n<p>Rodolfo Suarez durante su \u00faltimo acto oficial por el 25 de mayo como gobernador de Mendoza.<\/p>\n\n\n\n<p>El lugar de Rodolfo Suarez despu\u00e9s del 10 de diciembre podr\u00eda ser el Senado de la Naci\u00f3n, como senador en reemplazo de Alfredo Cornejo si es que \u00e9ste es elegido gobernador de Mendoza; o como presidente del Senado si es que resultara ser vicepresidente.<\/p>\n\n\n\n<p>Esas especulaciones sobre el futuro de Suarez ya se hacen, y aunque \u00e9l no quiera meterse de lleno en la discusi\u00f3n, ya reconoce p\u00fablicamente que una precandidatura a vicepresidente lo seduce.<\/p>\n\n\n\n<p>\u00ab<strong>Por supuesto que me gustar\u00eda ser candidato a vicepresidente<\/strong>&nbsp;pero nuestra prioridad es la provincia de Mendoza\u00bb, dice sin perder de vista que las PASO provinciales est\u00e1n a la vuelta de la esquina.<\/p>\n\n\n\n<figure class=\"wp-block-image\"><img decoding=\"async\" src=\"https:\/\/media.diariouno.com.ar\/p\/11722aa1f4dc0725e832d2565599f51e\/adjuntos\/298\/imagenes\/009\/157\/0009157825\/1200x0\/smart\/suarez-bullrichjpg.jpg\" alt=\"\" title=\"\"\/><\/figure>\n\n\n\n<p>\u00ab<strong>Despu\u00e9s del 11 de junio, hay un per\u00edodo para el cierre de listas nacional\u00bb, agrega sobre el 24 de junio<\/strong>, que es el momento en el que los frentes deber\u00e1n presentar precandidatos para las Primarias nacionales.<\/p>\n\n\n\n<p>Lo que s\u00ed tiene claro Suarez es que desde Mendoza \u00abtenemos que influir a nivel nacional, ya lo ha dicho Alfredo Cornejo\u00bb. \u00abSi este pa\u00eds no cambia el rumbo, a Mendoza le cuesta mucho\u00bb, dijo aunque tambi\u00e9n resalt\u00f3 que su gobierno \u00abse para ante el Gobierno nacional muy fuerte y con autoridad\u00bb.<\/p>\n\n\n\n<h2 class=\"wp-block-heading\">Sobre el cierre de listas de Juntos por el Cambio<\/h2>\n\n\n\n<p>En el frente opositor habr\u00e1 PASO. En principio, los dos precandidatos definidos son Patricia Bullrich y Horacio Rodr\u00edguez Larreta, ambos del PRO. En tanto que por el radicalismo Facundo Manes ya dijo p\u00fablicamente que decidi\u00f3 postularse, y Gerardo Morales tambi\u00e9n est\u00e1 anotado.<\/p>\n\n\n\n<p>Hasta ahora est\u00e1 abierta la&nbsp;<strong>posibilidad de que se presenten f\u00f3rmulas mixtas entre el PRO y la UCR&nbsp;<\/strong>pero para que se concrete, a\u00fan falta. Por un lado, el radicalismo tiene que definir la autorizaci\u00f3n para este tipo de pasos en el congreso partidario del 12 de junio y, si efectivamente as\u00ed se resuelve, esperar para ver c\u00f3mo se desarrollan las negociaciones finales.<\/p>\n\n\n\n<p>\u00ab<strong>Ma\u00f1ana viene Horacio Rodr\u00edguez Larreta y lo vamos a recibir porque seguimos trabajando juntos con el PRO<\/strong>\u00ab, dijo a su vez Suarez sobre la nueva visita del precandidato a presidente.<\/p>\n\n\n\n<figure class=\"wp-block-image\"><img decoding=\"async\" src=\"https:\/\/media.diariouno.com.ar\/p\/e9f3e019b1a9b805d32314be3311da65\/adjuntos\/298\/imagenes\/008\/930\/0008930473\/1200x0\/smart\/horacio-rodriguez-larreta-rodolfo-suarezjpg.jpg\" alt=\"\" title=\"\"\/><\/figure>\n\n\n\n<p>\u00abEste 25 de mayo renovamos la esperanza en un a\u00f1o muy importante con elecciones que definir\u00e1n el destino del pa\u00eds\u00bb, advirti\u00f3 el gobernador.<\/p>\n\n\n\n<p>\u00abDesde hace muchos a\u00f1os la Argentina no crece econ\u00f3micamente y tenemos que revertir eso. Tenemos todos los climas, los territorios, la geograf\u00eda y el talento pero tenemos que preguntarnos qu\u00e9 nos pasa a los argentinos. Para eso estamos trabajando y nos estamos presentando con j\u00f3venes en la propuesta electoral. En ellos, los que ya estamos cumpliendo una etapa depositamos la confianza\u00bb, dijo a su vez sobre el proceso electoral que se est\u00e1 desarrollando en Mendoza.<\/p>\n","protected":false},"excerpt":{"rendered":"<p>El gobernador\u00a0Rodolfo Suarez afirm\u00f3 que le \u00abgustar\u00eda ser candidato a vicepresidente\u00bb. Lo dijo durante la rueda de prensa en el acto oficial por el 25 de mayo. En la residencia oficial de La Puntilla, durante el tradicional Toque de Diana por la Revoluci\u00f3n de Mayo, el gobernador advirti\u00f3 sobre la posibilidad de ser precandidato a<a class=\"read-more\" href=\"https:\/\/elfederalmendoza.com.ar\/index.php\/2023\/05\/25\/suarez-ante-los-rumores-de-una-formula-cruzada-me-gustaria-ser-candidato-a-vicepresidente\/\"> [&hellip;]<\/a><\/p>\n","protected":false},"author":2,"featured_media":22492,"comment_status":"open","ping_status":"open","sticky":false,"template":"","format":"standard","meta":{"footnotes":""},"categories":[1],"tags":[],"class_list":["post-23184","post","type-post","status-publish","format-standard","has-post-thumbnail","hentry","category-mza"],"rttpg_featured_image_url":{"full":["https:\/\/elfederalmendoza.com.ar\/wp-content\/uploads\/2023\/05\/suarez-vice.jpg",917,605,false],"landscape":["https:\/\/elfederalmendoza.com.ar\/wp-content\/uploads\/2023\/05\/suarez-vice.jpg",917,605,false],"portraits":["https:\/\/elfederalmendoza.com.ar\/wp-content\/uploads\/2023\/05\/suarez-vice.jpg",917,605,false],"thumbnail":["https:\/\/elfederalmendoza.com.ar\/wp-content\/uploads\/2023\/05\/suarez-vice-150x150.jpg",150,150,true],"medium":["https:\/\/elfederalmendoza.com.ar\/wp-content\/uploads\/2023\/05\/suarez-vice-300x198.jpg",300,198,true],"large":["https:\/\/elfederalmendoza.com.ar\/wp-content\/uploads\/2023\/05\/suarez-vice.jpg",640,422,false],"1536x1536":["https:\/\/elfederalmendoza.com.ar\/wp-content\/uploads\/2023\/05\/suarez-vice.jpg",917,605,false],"2048x2048":["https:\/\/elfederalmendoza.com.ar\/wp-content\/uploads\/2023\/05\/suarez-vice.jpg",917,605,false],"ultp_layout_landscape_large":["https:\/\/elfederalmendoza.com.ar\/wp-content\/uploads\/2023\/05\/suarez-vice.jpg",917,605,false],"ultp_layout_landscape":["https:\/\/elfederalmendoza.com.ar\/wp-content\/uploads\/2023\/05\/suarez-vice-870x570.jpg",870,570,true],"ultp_layout_portrait":["https:\/\/elfederalmendoza.com.ar\/wp-content\/uploads\/2023\/05\/suarez-vice-600x605.jpg",600,605,true],"ultp_layout_square":["https:\/\/elfederalmendoza.com.ar\/wp-content\/uploads\/2023\/05\/suarez-vice-600x600.jpg",600,600,true],"rpwe-thumbnail":["https:\/\/elfederalmendoza.com.ar\/wp-content\/uploads\/2023\/05\/suarez-vice-45x45.jpg",45,45,true],"advps-thumb-one":["https:\/\/elfederalmendoza.com.ar\/wp-content\/uploads\/2023\/05\/suarez-vice-917x420.jpg",917,420,true]},"rttpg_author":{"display_name":"Redacci\u00f3n El Federal","author_link":"https:\/\/elfederalmendoza.com.ar\/index.php\/author\/angelflores\/"},"rttpg_comment":0,"rttpg_category":"<a href=\"https:\/\/elfederalmendoza.com.ar\/index.php\/category\/mza\/\" rel=\"category tag\">Mendoza<\/a>","rttpg_excerpt":"El gobernador\u00a0Rodolfo Suarez afirm\u00f3 que le \u00abgustar\u00eda ser candidato a vicepresidente\u00bb. Lo dijo durante la rueda de prensa en el acto oficial por el 25 de mayo. En la residencia oficial de La Puntilla, durante el tradicional Toque de Diana por la Revoluci\u00f3n de Mayo, el gobernador advirti\u00f3 sobre la posibilidad de ser precandidato a&hellip;","_links":{"self":[{"href":"https:\/\/elfederalmendoza.com.ar\/index.php\/wp-json\/wp\/v2\/posts\/23184","targetHints":{"allow":["GET"]}}],"collection":[{"href":"https:\/\/elfederalmendoza.com.ar\/index.php\/wp-json\/wp\/v2\/posts"}],"about":[{"href":"https:\/\/elfederalmendoza.com.ar\/index.php\/wp-json\/wp\/v2\/types\/post"}],"author":[{"embeddable":true,"href":"https:\/\/elfederalmendoza.com.ar\/index.php\/wp-json\/wp\/v2\/users\/2"}],"replies":[{"embeddable":true,"href":"https:\/\/elfederalmendoza.com.ar\/index.php\/wp-json\/wp\/v2\/comments?post=23184"}],"version-history":[{"count":1,"href":"https:\/\/elfederalmendoza.com.ar\/index.php\/wp-json\/wp\/v2\/posts\/23184\/revisions"}],"predecessor-version":[{"id":23186,"href":"https:\/\/elfederalmendoza.com.ar\/index.php\/wp-json\/wp\/v2\/posts\/23184\/revisions\/23186"}],"wp:featuredmedia":[{"embeddable":true,"href":"https:\/\/elfederalmendoza.com.ar\/index.php\/wp-json\/wp\/v2\/media\/22492"}],"wp:attachment":[{"href":"https:\/\/elfederalmendoza.com.ar\/index.php\/wp-json\/wp\/v2\/media?parent=23184"}],"wp:term":[{"taxonomy":"category","embeddable":true,"href":"https:\/\/elfederalmendoza.com.ar\/index.php\/wp-json\/wp\/v2\/categories?post=23184"},{"taxonomy":"post_tag","embeddable":true,"href":"https:\/\/elfederalmendoza.com.ar\/index.php\/wp-json\/wp\/v2\/tags?post=23184"}],"curies":[{"name":"wp","href":"https:\/\/api.w.org\/{rel}","templated":true}]}}