{"id":23188,"date":"2023-05-26T09:31:39","date_gmt":"2023-05-26T12:31:39","guid":{"rendered":"https:\/\/elfederalmendoza.com\/?p=23188"},"modified":"2023-05-26T09:31:39","modified_gmt":"2023-05-26T12:31:39","slug":"corrieron-a-un-joven-por-las-calles-de-las-heras-le-dispararon-cinco-veces-y-lo-mataron-creen-que-fue-una-venganza","status":"publish","type":"post","link":"https:\/\/elfederalmendoza.com.ar\/index.php\/2023\/05\/26\/corrieron-a-un-joven-por-las-calles-de-las-heras-le-dispararon-cinco-veces-y-lo-mataron-creen-que-fue-una-venganza\/","title":{"rendered":"Corrieron a un joven por las calles de Las Heras, le dispararon cinco veces y lo mataron: creen que fue una venganza"},"content":{"rendered":"\n<p>Un joven fue&nbsp;<strong>asesinado<\/strong>&nbsp;a balazos en una vivienda de&nbsp;<strong>Las Heras<\/strong>, luego de que otro sujeto lo persiguiera durante unas cuadras en el barrio donde resid\u00eda. Se sospecha de un ajuste de cuentas, porque no hubo indicios de robo.<\/p>\n\n\n\n<p>Seg\u00fan la versi\u00f3n de algunos testigos, la v\u00edctima, de la que a\u00fan no se conoce su identidad, ingres\u00f3 corriendo desesperado a la casa A de la manzana M del&nbsp;<strong>barrio 12 de Mayo<\/strong>, ubicado en los alrededores de El Challao, y al mismo tiempo gritaba que lo quer\u00edan matar.<\/p>\n\n\n\n<p>Los mismos testigos revelaron que luego de esa escena se escucharon varias detonaciones de arma de fuego y que el agresor, del que tampoco se conoce la identidad, se fug\u00f3 del lugar y nada m\u00e1s se supo del mismo.<\/p>\n\n\n\n<p>Un llamado al 911 dio aviso que en el lugar hab\u00eda un hombre herido tirado en el piso. Al llegar personal policial encontr\u00f3 al joven en el patio de la vivienda tendido en el piso boca abajo, con bajas pulsaciones y varios disparos en su cuerpo.&nbsp;<\/p>\n\n\n\n<p>M\u00e9dicos del servicio coordinado de emergencias constataron el deceso del joven en el lugar, con dos orificios de bala de entrada en la espada y uno en la pierna izquierda.<\/p>\n\n\n\n<p>Por su parte, personal de Polic\u00eda Cient\u00edfica trabaj\u00f3 en el lugar, donde lograron el secuestro de al menos cinco vainas servidas de pistola calibre 9 mm.<\/p>\n\n\n\n<p>Personal de la Comisar\u00eda 43 de Las Heras investiga las causas del hecho, como as\u00ed tambi\u00e9n el paradero del agresor.<\/p>\n","protected":false},"excerpt":{"rendered":"<p>Un joven fue&nbsp;asesinado&nbsp;a balazos en una vivienda de&nbsp;Las Heras, luego de que otro sujeto lo persiguiera durante unas cuadras en el barrio donde resid\u00eda. Se sospecha de un ajuste de cuentas, porque no hubo indicios de robo. Seg\u00fan la versi\u00f3n de algunos testigos, la v\u00edctima, de la que a\u00fan no se conoce su identidad, ingres\u00f3<a class=\"read-more\" href=\"https:\/\/elfederalmendoza.com.ar\/index.php\/2023\/05\/26\/corrieron-a-un-joven-por-las-calles-de-las-heras-le-dispararon-cinco-veces-y-lo-mataron-creen-que-fue-una-venganza\/\"> [&hellip;]<\/a><\/p>\n","protected":false},"author":2,"featured_media":23190,"comment_status":"open","ping_status":"open","sticky":false,"template":"","format":"standard","meta":{"footnotes":""},"categories":[1],"tags":[],"class_list":["post-23188","post","type-post","status-publish","format-standard","has-post-thumbnail","hentry","category-mza"],"rttpg_featured_image_url":{"full":["https:\/\/elfederalmendoza.com.ar\/wp-content\/uploads\/2023\/05\/WhatsApp-Image-2023-05-26-at-09.31.26.jpeg",1440,806,false],"landscape":["https:\/\/elfederalmendoza.com.ar\/wp-content\/uploads\/2023\/05\/WhatsApp-Image-2023-05-26-at-09.31.26.jpeg",1440,806,false],"portraits":["https:\/\/elfederalmendoza.com.ar\/wp-content\/uploads\/2023\/05\/WhatsApp-Image-2023-05-26-at-09.31.26.jpeg",1440,806,false],"thumbnail":["https:\/\/elfederalmendoza.com.ar\/wp-content\/uploads\/2023\/05\/WhatsApp-Image-2023-05-26-at-09.31.26-150x150.jpeg",150,150,true],"medium":["https:\/\/elfederalmendoza.com.ar\/wp-content\/uploads\/2023\/05\/WhatsApp-Image-2023-05-26-at-09.31.26-300x168.jpeg",300,168,true],"large":["https:\/\/elfederalmendoza.com.ar\/wp-content\/uploads\/2023\/05\/WhatsApp-Image-2023-05-26-at-09.31.26-1024x573.jpeg",640,358,true],"1536x1536":["https:\/\/elfederalmendoza.com.ar\/wp-content\/uploads\/2023\/05\/WhatsApp-Image-2023-05-26-at-09.31.26.jpeg",1440,806,false],"2048x2048":["https:\/\/elfederalmendoza.com.ar\/wp-content\/uploads\/2023\/05\/WhatsApp-Image-2023-05-26-at-09.31.26.jpeg",1440,806,false],"ultp_layout_landscape_large":["https:\/\/elfederalmendoza.com.ar\/wp-content\/uploads\/2023\/05\/WhatsApp-Image-2023-05-26-at-09.31.26-1200x800.jpeg",1200,800,true],"ultp_layout_landscape":["https:\/\/elfederalmendoza.com.ar\/wp-content\/uploads\/2023\/05\/WhatsApp-Image-2023-05-26-at-09.31.26-870x570.jpeg",870,570,true],"ultp_layout_portrait":["https:\/\/elfederalmendoza.com.ar\/wp-content\/uploads\/2023\/05\/WhatsApp-Image-2023-05-26-at-09.31.26-600x806.jpeg",600,806,true],"ultp_layout_square":["https:\/\/elfederalmendoza.com.ar\/wp-content\/uploads\/2023\/05\/WhatsApp-Image-2023-05-26-at-09.31.26-600x600.jpeg",600,600,true],"rpwe-thumbnail":["https:\/\/elfederalmendoza.com.ar\/wp-content\/uploads\/2023\/05\/WhatsApp-Image-2023-05-26-at-09.31.26-45x45.jpeg",45,45,true],"advps-thumb-one":["https:\/\/elfederalmendoza.com.ar\/wp-content\/uploads\/2023\/05\/WhatsApp-Image-2023-05-26-at-09.31.26-1200x420.jpeg",1200,420,true]},"rttpg_author":{"display_name":"Redacci\u00f3n El Federal","author_link":"https:\/\/elfederalmendoza.com.ar\/index.php\/author\/angelflores\/"},"rttpg_comment":0,"rttpg_category":"<a href=\"https:\/\/elfederalmendoza.com.ar\/index.php\/category\/mza\/\" rel=\"category tag\">Mendoza<\/a>","rttpg_excerpt":"Un joven fue&nbsp;asesinado&nbsp;a balazos en una vivienda de&nbsp;Las Heras, luego de que otro sujeto lo persiguiera durante unas cuadras en el barrio donde resid\u00eda. Se sospecha de un ajuste de cuentas, porque no hubo indicios de robo. Seg\u00fan la versi\u00f3n de algunos testigos, la v\u00edctima, de la que a\u00fan no se conoce su identidad, ingres\u00f3&hellip;","_links":{"self":[{"href":"https:\/\/elfederalmendoza.com.ar\/index.php\/wp-json\/wp\/v2\/posts\/23188","targetHints":{"allow":["GET"]}}],"collection":[{"href":"https:\/\/elfederalmendoza.com.ar\/index.php\/wp-json\/wp\/v2\/posts"}],"about":[{"href":"https:\/\/elfederalmendoza.com.ar\/index.php\/wp-json\/wp\/v2\/types\/post"}],"author":[{"embeddable":true,"href":"https:\/\/elfederalmendoza.com.ar\/index.php\/wp-json\/wp\/v2\/users\/2"}],"replies":[{"embeddable":true,"href":"https:\/\/elfederalmendoza.com.ar\/index.php\/wp-json\/wp\/v2\/comments?post=23188"}],"version-history":[{"count":1,"href":"https:\/\/elfederalmendoza.com.ar\/index.php\/wp-json\/wp\/v2\/posts\/23188\/revisions"}],"predecessor-version":[{"id":23191,"href":"https:\/\/elfederalmendoza.com.ar\/index.php\/wp-json\/wp\/v2\/posts\/23188\/revisions\/23191"}],"wp:featuredmedia":[{"embeddable":true,"href":"https:\/\/elfederalmendoza.com.ar\/index.php\/wp-json\/wp\/v2\/media\/23190"}],"wp:attachment":[{"href":"https:\/\/elfederalmendoza.com.ar\/index.php\/wp-json\/wp\/v2\/media?parent=23188"}],"wp:term":[{"taxonomy":"category","embeddable":true,"href":"https:\/\/elfederalmendoza.com.ar\/index.php\/wp-json\/wp\/v2\/categories?post=23188"},{"taxonomy":"post_tag","embeddable":true,"href":"https:\/\/elfederalmendoza.com.ar\/index.php\/wp-json\/wp\/v2\/tags?post=23188"}],"curies":[{"name":"wp","href":"https:\/\/api.w.org\/{rel}","templated":true}]}}