{"id":23194,"date":"2023-05-26T09:36:59","date_gmt":"2023-05-26T12:36:59","guid":{"rendered":"https:\/\/elfederalmendoza.com\/?p=23194"},"modified":"2023-05-26T09:37:00","modified_gmt":"2023-05-26T12:37:00","slug":"denunciaron-en-la-justicia-al-frente-de-de-marchi-por-vandalizar-carteles-de-cambia-mendoza","status":"publish","type":"post","link":"https:\/\/elfederalmendoza.com.ar\/index.php\/2023\/05\/26\/denunciaron-en-la-justicia-al-frente-de-de-marchi-por-vandalizar-carteles-de-cambia-mendoza\/","title":{"rendered":"Denunciaron en la justicia al frente de De Marchi por vandalizar carteles de Cambia Mendoza"},"content":{"rendered":"\n<p>En las \u00faltimas horas se viralizaron im\u00e1genes en las que se ve a un grupo de militantes de\u00a0<strong>La Uni\u00f3n Mendocina<\/strong>,\u00a0el espacio liderado por\u00a0<strong>Omar De Marchi<\/strong>, descolgando carteles del precandidato a intendente de\u00a0<strong>Las Heras<\/strong>\u00a0de Cambia Mendoza\u00a0<strong>Francisco\u00a0<\/strong>Lo\u00a0<strong>Presti<\/strong>, con el fin de colocar fotos de\u00a0<strong>Daniel Orozco<\/strong>.\u00a0Ante esto, desde el radicalismo presentaron una denuncia en la Justicia.<\/p>\n\n\n\n<p>El hecho fue captado el martes por transe\u00fantes en calle Palacios, y r\u00e1pidamente viralizado a trav\u00e9s de las redes sociales, lo que motiv\u00f3 a que el apoderado legal de la UCR de la provincia, Gustavo Gil, se presentara ante la Justicia para radicar la denuncia pertinente. El expediente judicial Nro P-58150\/23, fue caratulado como Fiscal C\/NN P\/Av Da\u00f1o.<\/p>\n\n\n<div class=\"wp-block-image\">\n<figure class=\"aligncenter size-large\"><img loading=\"lazy\" decoding=\"async\" width=\"768\" height=\"1024\" src=\"https:\/\/elfederalmendoza.com\/wp-content\/uploads\/2023\/05\/646ffca987826__780x780-768x1024.webp\" alt=\"\" class=\"wp-image-23197\" srcset=\"https:\/\/elfederalmendoza.com.ar\/wp-content\/uploads\/2023\/05\/646ffca987826__780x780-768x1024.webp 768w, https:\/\/elfederalmendoza.com.ar\/wp-content\/uploads\/2023\/05\/646ffca987826__780x780-225x300.webp 225w, https:\/\/elfederalmendoza.com.ar\/wp-content\/uploads\/2023\/05\/646ffca987826__780x780.webp 780w\" sizes=\"auto, (max-width: 768px) 100vw, 768px\" \/><\/figure><\/div>\n\n\n<p>\u201cNo dejan de demostrar que su manera de actuar es destruir todo a cada paso\u201d, fueron las palabras de Lo Presti al respecto. manifest\u00f3&nbsp;que esa \u201cno es la forma de hablarle a los mendocinos\u201d.<\/p>\n\n\n\n<p><strong>Lo Presti<\/strong>, quien aspira a la intendencia de esa comuna del Gran Mendoza conducida por Daniel Orozco, se\u00f1al\u00f3 que \u201cevidentemente estas pr\u00e1cticas son propias de personajes infames que no cuentan con los principios b\u00e1sicos del respeto y la tolerancia de la vida en democracia\u201d, a lo que a\u00f1adi\u00f3&nbsp; que \u201chechos como estos son propios de la vieja y ama\u00f1ada pol\u00edtica que tanto da\u00f1o hace a quienes pretenden representar (&#8230;) Bajar un cartel para colocar otro&nbsp;es s\u00f3lo una muestra de la prepotencia con la que pretenden llegar a la gente, como si con ello pudieran hacer callar a quienes pensamos diferente y queremos competir limpiamente en las PASO\u201d.<\/p>\n","protected":false},"excerpt":{"rendered":"<p>En las \u00faltimas horas se viralizaron im\u00e1genes en las que se ve a un grupo de militantes de\u00a0La Uni\u00f3n Mendocina,\u00a0el espacio liderado por\u00a0Omar De Marchi, descolgando carteles del precandidato a intendente de\u00a0Las Heras\u00a0de Cambia Mendoza\u00a0Francisco\u00a0Lo\u00a0Presti, con el fin de colocar fotos de\u00a0Daniel Orozco.\u00a0Ante esto, desde el radicalismo presentaron una denuncia en la Justicia. El hecho<a class=\"read-more\" href=\"https:\/\/elfederalmendoza.com.ar\/index.php\/2023\/05\/26\/denunciaron-en-la-justicia-al-frente-de-de-marchi-por-vandalizar-carteles-de-cambia-mendoza\/\"> [&hellip;]<\/a><\/p>\n","protected":false},"author":2,"featured_media":23196,"comment_status":"open","ping_status":"open","sticky":false,"template":"","format":"standard","meta":{"footnotes":""},"categories":[1],"tags":[],"class_list":["post-23194","post","type-post","status-publish","format-standard","has-post-thumbnail","hentry","category-mza"],"rttpg_featured_image_url":{"full":["https:\/\/elfederalmendoza.com.ar\/wp-content\/uploads\/2023\/05\/646ffcad025bc__700x430.webp",700,430,false],"landscape":["https:\/\/elfederalmendoza.com.ar\/wp-content\/uploads\/2023\/05\/646ffcad025bc__700x430.webp",700,430,false],"portraits":["https:\/\/elfederalmendoza.com.ar\/wp-content\/uploads\/2023\/05\/646ffcad025bc__700x430.webp",700,430,false],"thumbnail":["https:\/\/elfederalmendoza.com.ar\/wp-content\/uploads\/2023\/05\/646ffcad025bc__700x430-150x150.webp",150,150,true],"medium":["https:\/\/elfederalmendoza.com.ar\/wp-content\/uploads\/2023\/05\/646ffcad025bc__700x430-300x184.webp",300,184,true],"large":["https:\/\/elfederalmendoza.com.ar\/wp-content\/uploads\/2023\/05\/646ffcad025bc__700x430.webp",640,393,false],"1536x1536":["https:\/\/elfederalmendoza.com.ar\/wp-content\/uploads\/2023\/05\/646ffcad025bc__700x430.webp",700,430,false],"2048x2048":["https:\/\/elfederalmendoza.com.ar\/wp-content\/uploads\/2023\/05\/646ffcad025bc__700x430.webp",700,430,false],"ultp_layout_landscape_large":["https:\/\/elfederalmendoza.com.ar\/wp-content\/uploads\/2023\/05\/646ffcad025bc__700x430.webp",700,430,false],"ultp_layout_landscape":["https:\/\/elfederalmendoza.com.ar\/wp-content\/uploads\/2023\/05\/646ffcad025bc__700x430.webp",700,430,false],"ultp_layout_portrait":["https:\/\/elfederalmendoza.com.ar\/wp-content\/uploads\/2023\/05\/646ffcad025bc__700x430-600x430.webp",600,430,true],"ultp_layout_square":["https:\/\/elfederalmendoza.com.ar\/wp-content\/uploads\/2023\/05\/646ffcad025bc__700x430-600x430.webp",600,430,true],"rpwe-thumbnail":["https:\/\/elfederalmendoza.com.ar\/wp-content\/uploads\/2023\/05\/646ffcad025bc__700x430-45x45.webp",45,45,true],"advps-thumb-one":["https:\/\/elfederalmendoza.com.ar\/wp-content\/uploads\/2023\/05\/646ffcad025bc__700x430-700x420.webp",700,420,true]},"rttpg_author":{"display_name":"Redacci\u00f3n El Federal","author_link":"https:\/\/elfederalmendoza.com.ar\/index.php\/author\/angelflores\/"},"rttpg_comment":0,"rttpg_category":"<a href=\"https:\/\/elfederalmendoza.com.ar\/index.php\/category\/mza\/\" rel=\"category tag\">Mendoza<\/a>","rttpg_excerpt":"En las \u00faltimas horas se viralizaron im\u00e1genes en las que se ve a un grupo de militantes de\u00a0La Uni\u00f3n Mendocina,\u00a0el espacio liderado por\u00a0Omar De Marchi, descolgando carteles del precandidato a intendente de\u00a0Las Heras\u00a0de Cambia Mendoza\u00a0Francisco\u00a0Lo\u00a0Presti, con el fin de colocar fotos de\u00a0Daniel Orozco.\u00a0Ante esto, desde el radicalismo presentaron una denuncia en la Justicia. El hecho&hellip;","_links":{"self":[{"href":"https:\/\/elfederalmendoza.com.ar\/index.php\/wp-json\/wp\/v2\/posts\/23194","targetHints":{"allow":["GET"]}}],"collection":[{"href":"https:\/\/elfederalmendoza.com.ar\/index.php\/wp-json\/wp\/v2\/posts"}],"about":[{"href":"https:\/\/elfederalmendoza.com.ar\/index.php\/wp-json\/wp\/v2\/types\/post"}],"author":[{"embeddable":true,"href":"https:\/\/elfederalmendoza.com.ar\/index.php\/wp-json\/wp\/v2\/users\/2"}],"replies":[{"embeddable":true,"href":"https:\/\/elfederalmendoza.com.ar\/index.php\/wp-json\/wp\/v2\/comments?post=23194"}],"version-history":[{"count":1,"href":"https:\/\/elfederalmendoza.com.ar\/index.php\/wp-json\/wp\/v2\/posts\/23194\/revisions"}],"predecessor-version":[{"id":23198,"href":"https:\/\/elfederalmendoza.com.ar\/index.php\/wp-json\/wp\/v2\/posts\/23194\/revisions\/23198"}],"wp:featuredmedia":[{"embeddable":true,"href":"https:\/\/elfederalmendoza.com.ar\/index.php\/wp-json\/wp\/v2\/media\/23196"}],"wp:attachment":[{"href":"https:\/\/elfederalmendoza.com.ar\/index.php\/wp-json\/wp\/v2\/media?parent=23194"}],"wp:term":[{"taxonomy":"category","embeddable":true,"href":"https:\/\/elfederalmendoza.com.ar\/index.php\/wp-json\/wp\/v2\/categories?post=23194"},{"taxonomy":"post_tag","embeddable":true,"href":"https:\/\/elfederalmendoza.com.ar\/index.php\/wp-json\/wp\/v2\/tags?post=23194"}],"curies":[{"name":"wp","href":"https:\/\/api.w.org\/{rel}","templated":true}]}}