{"id":23201,"date":"2023-05-26T06:40:00","date_gmt":"2023-05-26T09:40:00","guid":{"rendered":"https:\/\/elfederalmendoza.com\/?p=23201"},"modified":"2023-05-26T09:41:35","modified_gmt":"2023-05-26T12:41:35","slug":"cornejo-tras-el-discurso-de-cfk-hundieron-al-pais-y-ahora-los-argentinos-debemos-revertir-su-desastroso-legado","status":"publish","type":"post","link":"https:\/\/elfederalmendoza.com.ar\/index.php\/2023\/05\/26\/cornejo-tras-el-discurso-de-cfk-hundieron-al-pais-y-ahora-los-argentinos-debemos-revertir-su-desastroso-legado\/","title":{"rendered":"Cornejo, tras el discurso de CFK: \u00abHundieron al pa\u00eds y ahora los argentinos debemos revertir su desastroso legado\u201d"},"content":{"rendered":"\n<p>Tras el acto que la vicepresidente\u00a0<strong>Cristina Fern\u00e1ndez<\/strong>\u00a0encabez\u00f3 en Plaza de Mayo en homenaje a N\u00e9stor Kirchner no tardaron a surgir voces de la oposici\u00f3n a responderle o directamente cuestionarle sus dichos.\u00a0<\/p>\n\n\n\n<p>En lo que apunt\u00f3 a ser una muestra de fuerza del\u00a0<strong>kirchnerismo<\/strong>, la jefe pol\u00edtica de ese sector advirti\u00f3 que aunque hagan lo que le hagan, la quieran matar o meter presa, ella es \u00abdel pueblo\u00bb y aprovech\u00f3 el contexto para invitar a fundar un nuevo \u00abpacto democr\u00e1tico\u00bb con todos los sectores pol\u00edticos. \u00a0<\/p>\n\n\n\n<p>Uno de los que reaccion\u00f3 desde\u00a0<strong>Juntos por el Cambio<\/strong>\u00a0fue el actual senador nacional y \u00a0precandidato a la gobernaci\u00f3n de Mendoza,\u00a0<strong>Alfredo Cornejo<\/strong>, quien plante\u00f3 a trav\u00e9s de su cuenta de Twitter que\u00a0<mark>\u201cA Cristina ya no le quedan discursos que puedan ocultar la tragedia que generaron los gobiernos kirchneristas. Hay m\u00e1s pobres, m\u00e1s desigualdad y menos futuro. Hundieron al pa\u00eds. Ahora los argentinos debemos revertir su desastroso legado\u201d.<\/mark><\/p>\n\n\n\n<figure class=\"wp-block-embed is-type-rich is-provider-twitter wp-block-embed-twitter\"><div class=\"wp-block-embed__wrapper\">\n<blockquote class=\"twitter-tweet\" data-width=\"550\" data-dnt=\"true\"><p lang=\"es\" dir=\"ltr\">A <a href=\"https:\/\/twitter.com\/CFKArgentina?ref_src=twsrc%5Etfw\">@CFKArgentina<\/a> ya no le quedan discursos que puedan ocultar la tragedia que generaron los gobiernos kirchneristas. Hay m\u00e1s pobres, m\u00e1s desigualdad y menos futuro. Hundieron al pa\u00eds. Ahora los argentinos debemos revertir su desastroso legado.<\/p>&mdash; Alfredo Cornejo (@alfredocornejo) <a href=\"https:\/\/twitter.com\/alfredocornejo\/status\/1661827417290186755?ref_src=twsrc%5Etfw\">May 25, 2023<\/a><\/blockquote><script async src=\"https:\/\/platform.twitter.com\/widgets.js\" charset=\"utf-8\"><\/script>\n<\/div><\/figure>\n\n\n\n<p>Horas antes, el referente radical hab\u00eda cuestionado el uso del espacio p\u00fablico para un acto partidario. \u201cEste 25 de Mayo hay un solo gobierno para reivindicar: la Primera Junta surgida de la Revoluci\u00f3n de Mayo, promotora de la libertad y la igualdad. Tristemente, la Plaza de Mayo ser\u00e1 usada por una facci\u00f3n pol\u00edtica que est\u00e1 muy lejos de los valores que celebramos hoy los argentinos\u201d.<\/p>\n","protected":false},"excerpt":{"rendered":"<p>Tras el acto que la vicepresidente\u00a0Cristina Fern\u00e1ndez\u00a0encabez\u00f3 en Plaza de Mayo en homenaje a N\u00e9stor Kirchner no tardaron a surgir voces de la oposici\u00f3n a responderle o directamente cuestionarle sus dichos.\u00a0 En lo que apunt\u00f3 a ser una muestra de fuerza del\u00a0kirchnerismo, la jefe pol\u00edtica de ese sector advirti\u00f3 que aunque hagan lo que le<a class=\"read-more\" href=\"https:\/\/elfederalmendoza.com.ar\/index.php\/2023\/05\/26\/cornejo-tras-el-discurso-de-cfk-hundieron-al-pais-y-ahora-los-argentinos-debemos-revertir-su-desastroso-legado\/\"> [&hellip;]<\/a><\/p>\n","protected":false},"author":2,"featured_media":23202,"comment_status":"open","ping_status":"open","sticky":false,"template":"","format":"standard","meta":{"footnotes":""},"categories":[1],"tags":[],"class_list":["post-23201","post","type-post","status-publish","format-standard","has-post-thumbnail","hentry","category-mza"],"rttpg_featured_image_url":{"full":["https:\/\/elfederalmendoza.com.ar\/wp-content\/uploads\/2023\/05\/cornejo-y-cristina.jpg",1366,765,false],"landscape":["https:\/\/elfederalmendoza.com.ar\/wp-content\/uploads\/2023\/05\/cornejo-y-cristina.jpg",1366,765,false],"portraits":["https:\/\/elfederalmendoza.com.ar\/wp-content\/uploads\/2023\/05\/cornejo-y-cristina.jpg",1366,765,false],"thumbnail":["https:\/\/elfederalmendoza.com.ar\/wp-content\/uploads\/2023\/05\/cornejo-y-cristina-150x150.jpg",150,150,true],"medium":["https:\/\/elfederalmendoza.com.ar\/wp-content\/uploads\/2023\/05\/cornejo-y-cristina-300x168.jpg",300,168,true],"large":["https:\/\/elfederalmendoza.com.ar\/wp-content\/uploads\/2023\/05\/cornejo-y-cristina-1024x573.jpg",640,358,true],"1536x1536":["https:\/\/elfederalmendoza.com.ar\/wp-content\/uploads\/2023\/05\/cornejo-y-cristina.jpg",1366,765,false],"2048x2048":["https:\/\/elfederalmendoza.com.ar\/wp-content\/uploads\/2023\/05\/cornejo-y-cristina.jpg",1366,765,false],"ultp_layout_landscape_large":["https:\/\/elfederalmendoza.com.ar\/wp-content\/uploads\/2023\/05\/cornejo-y-cristina-1200x765.jpg",1200,765,true],"ultp_layout_landscape":["https:\/\/elfederalmendoza.com.ar\/wp-content\/uploads\/2023\/05\/cornejo-y-cristina-870x570.jpg",870,570,true],"ultp_layout_portrait":["https:\/\/elfederalmendoza.com.ar\/wp-content\/uploads\/2023\/05\/cornejo-y-cristina-600x765.jpg",600,765,true],"ultp_layout_square":["https:\/\/elfederalmendoza.com.ar\/wp-content\/uploads\/2023\/05\/cornejo-y-cristina-600x600.jpg",600,600,true],"rpwe-thumbnail":["https:\/\/elfederalmendoza.com.ar\/wp-content\/uploads\/2023\/05\/cornejo-y-cristina-45x45.jpg",45,45,true],"advps-thumb-one":["https:\/\/elfederalmendoza.com.ar\/wp-content\/uploads\/2023\/05\/cornejo-y-cristina-1200x420.jpg",1200,420,true]},"rttpg_author":{"display_name":"Redacci\u00f3n El Federal","author_link":"https:\/\/elfederalmendoza.com.ar\/index.php\/author\/angelflores\/"},"rttpg_comment":0,"rttpg_category":"<a href=\"https:\/\/elfederalmendoza.com.ar\/index.php\/category\/mza\/\" rel=\"category tag\">Mendoza<\/a>","rttpg_excerpt":"Tras el acto que la vicepresidente\u00a0Cristina Fern\u00e1ndez\u00a0encabez\u00f3 en Plaza de Mayo en homenaje a N\u00e9stor Kirchner no tardaron a surgir voces de la oposici\u00f3n a responderle o directamente cuestionarle sus dichos.\u00a0 En lo que apunt\u00f3 a ser una muestra de fuerza del\u00a0kirchnerismo, la jefe pol\u00edtica de ese sector advirti\u00f3 que aunque hagan lo que le&hellip;","_links":{"self":[{"href":"https:\/\/elfederalmendoza.com.ar\/index.php\/wp-json\/wp\/v2\/posts\/23201","targetHints":{"allow":["GET"]}}],"collection":[{"href":"https:\/\/elfederalmendoza.com.ar\/index.php\/wp-json\/wp\/v2\/posts"}],"about":[{"href":"https:\/\/elfederalmendoza.com.ar\/index.php\/wp-json\/wp\/v2\/types\/post"}],"author":[{"embeddable":true,"href":"https:\/\/elfederalmendoza.com.ar\/index.php\/wp-json\/wp\/v2\/users\/2"}],"replies":[{"embeddable":true,"href":"https:\/\/elfederalmendoza.com.ar\/index.php\/wp-json\/wp\/v2\/comments?post=23201"}],"version-history":[{"count":1,"href":"https:\/\/elfederalmendoza.com.ar\/index.php\/wp-json\/wp\/v2\/posts\/23201\/revisions"}],"predecessor-version":[{"id":23204,"href":"https:\/\/elfederalmendoza.com.ar\/index.php\/wp-json\/wp\/v2\/posts\/23201\/revisions\/23204"}],"wp:featuredmedia":[{"embeddable":true,"href":"https:\/\/elfederalmendoza.com.ar\/index.php\/wp-json\/wp\/v2\/media\/23202"}],"wp:attachment":[{"href":"https:\/\/elfederalmendoza.com.ar\/index.php\/wp-json\/wp\/v2\/media?parent=23201"}],"wp:term":[{"taxonomy":"category","embeddable":true,"href":"https:\/\/elfederalmendoza.com.ar\/index.php\/wp-json\/wp\/v2\/categories?post=23201"},{"taxonomy":"post_tag","embeddable":true,"href":"https:\/\/elfederalmendoza.com.ar\/index.php\/wp-json\/wp\/v2\/tags?post=23201"}],"curies":[{"name":"wp","href":"https:\/\/api.w.org\/{rel}","templated":true}]}}