{"id":23207,"date":"2023-05-26T01:49:00","date_gmt":"2023-05-26T04:49:00","guid":{"rendered":"https:\/\/elfederalmendoza.com\/?p=23207"},"modified":"2023-05-26T09:50:45","modified_gmt":"2023-05-26T12:50:45","slug":"la-mujer-que-secuestro-a-su-hijo-en-mendoza-sera-trasladada-para-ser-interrogada-por-la-justicia","status":"publish","type":"post","link":"https:\/\/elfederalmendoza.com.ar\/index.php\/2023\/05\/26\/la-mujer-que-secuestro-a-su-hijo-en-mendoza-sera-trasladada-para-ser-interrogada-por-la-justicia\/","title":{"rendered":"La mujer que secuestr\u00f3 a su hijo en Mendoza ser\u00e1 trasladada para ser interrogada por la justicia"},"content":{"rendered":"\n<p>Tras ser\u00a0detenida\u00a0en el partido de Tigre, Buenos Aires, luego de haberse llevado a su hijo sin contar con su tenencia legal,\u00a0<strong>Carolina Loncarich<\/strong>, la mam\u00e1 del menor, ser\u00e1 trasladada en las pr\u00f3ximas horas a Mendoza para que sea sometida a la Justicia de la provincia.<\/p>\n\n\n\n<p>Una vez que llegue a&nbsp;<strong>Mendoza<\/strong>, la mujer ser\u00e1 interrogada por el fiscal a cargo de la causa&nbsp;<strong>Gabriel Blanco<\/strong>, quien determinar\u00e1 los paso a seguir por el accionar de Loncarich.<\/p>\n\n\n\n<p>En tanto, Felipe Mohammad, el ni\u00f1o que en un principio estaba \u201cdesaparecido\u201d, en realidad hab\u00eda sido \u201csecuestrado\u201d por su madre y llevado a un hotel de Buenos Aires, bien lejos de su padre, con quien manten\u00eda una disputa de larga data por la tenencia del menor.&nbsp;<\/p>\n\n\n\n<p>Una vez confirmado su hallazgo, el ni\u00f1o tambi\u00e9n ser\u00e1 trasladado a Mendoza para que sea restablecido a la familia paterna.<\/p>\n\n\n\n<h3 class=\"wp-block-heading\"><strong>Un trabajo en conjunto<\/strong><\/h3>\n\n\n\n<p>El fiscal Blanco encabez\u00f3 la investigaci\u00f3n para dar con el menor que estaba desaparecido y es quien tiene a cargo la causa penal. En la investigaci\u00f3n intervino la Procuraci\u00f3n General, a trav\u00e9s su titular Alejandro Gull\u00e9, en conjunto con el viceministro de Seguridad de la Provincia de Buenos Aires, Dar\u00edo Ruiz, \u00a0y la Unidad de Apoyo a la Investigaci\u00f3n Penal Fiscal, UDAPIF, a trav\u00e9s de Fabi\u00e1n Correa.<\/p>\n\n\n\n<p>Respecto a Felipe, acompa\u00f1aron la intervenci\u00f3n el equipo del Sistema de Emergencia Social de Tigre y profesionales de la Secretar\u00eda de Mujeres G\u00e9neros e Infancias, trabajando en la contenci\u00f3n y acompa\u00f1amiento del ni\u00f1o junto a Psic\u00f3logos y Trabajadores Sociales de la Direcci\u00f3n de Ni\u00f1ez y Adolescencia de Tigre, por intermedio del Dr. Lucas Diaz y la Dra. Nadie Olivieri, en trabajo conjunto con la Direcci\u00f3n de Protecci\u00f3n de Derechos de Ni\u00f1os de Mendoza &nbsp;a cargo de la Lic. Benitez.<\/p>\n\n\n\n<p><a href=\"https:\/\/www.diariomendoza.com.ar\/policiales\/atraparon-tres-personas-robo-una-bodega-n49174\"><\/a><\/p>\n","protected":false},"excerpt":{"rendered":"<p>Tras ser\u00a0detenida\u00a0en el partido de Tigre, Buenos Aires, luego de haberse llevado a su hijo sin contar con su tenencia legal,\u00a0Carolina Loncarich, la mam\u00e1 del menor, ser\u00e1 trasladada en las pr\u00f3ximas horas a Mendoza para que sea sometida a la Justicia de la provincia. Una vez que llegue a&nbsp;Mendoza, la mujer ser\u00e1 interrogada por el<a class=\"read-more\" href=\"https:\/\/elfederalmendoza.com.ar\/index.php\/2023\/05\/26\/la-mujer-que-secuestro-a-su-hijo-en-mendoza-sera-trasladada-para-ser-interrogada-por-la-justicia\/\"> [&hellip;]<\/a><\/p>\n","protected":false},"author":2,"featured_media":23209,"comment_status":"open","ping_status":"open","sticky":false,"template":"","format":"standard","meta":{"footnotes":""},"categories":[1],"tags":[],"class_list":["post-23207","post","type-post","status-publish","format-standard","has-post-thumbnail","hentry","category-mza"],"rttpg_featured_image_url":{"full":["https:\/\/elfederalmendoza.com.ar\/wp-content\/uploads\/2023\/05\/bf547fbe-203a-48f7-b824-f1087d1c17cc-jpg.webp",984,553,false],"landscape":["https:\/\/elfederalmendoza.com.ar\/wp-content\/uploads\/2023\/05\/bf547fbe-203a-48f7-b824-f1087d1c17cc-jpg.webp",984,553,false],"portraits":["https:\/\/elfederalmendoza.com.ar\/wp-content\/uploads\/2023\/05\/bf547fbe-203a-48f7-b824-f1087d1c17cc-jpg.webp",984,553,false],"thumbnail":["https:\/\/elfederalmendoza.com.ar\/wp-content\/uploads\/2023\/05\/bf547fbe-203a-48f7-b824-f1087d1c17cc-jpg-150x150.webp",150,150,true],"medium":["https:\/\/elfederalmendoza.com.ar\/wp-content\/uploads\/2023\/05\/bf547fbe-203a-48f7-b824-f1087d1c17cc-jpg-300x169.webp",300,169,true],"large":["https:\/\/elfederalmendoza.com.ar\/wp-content\/uploads\/2023\/05\/bf547fbe-203a-48f7-b824-f1087d1c17cc-jpg.webp",640,360,false],"1536x1536":["https:\/\/elfederalmendoza.com.ar\/wp-content\/uploads\/2023\/05\/bf547fbe-203a-48f7-b824-f1087d1c17cc-jpg.webp",984,553,false],"2048x2048":["https:\/\/elfederalmendoza.com.ar\/wp-content\/uploads\/2023\/05\/bf547fbe-203a-48f7-b824-f1087d1c17cc-jpg.webp",984,553,false],"ultp_layout_landscape_large":["https:\/\/elfederalmendoza.com.ar\/wp-content\/uploads\/2023\/05\/bf547fbe-203a-48f7-b824-f1087d1c17cc-jpg.webp",984,553,false],"ultp_layout_landscape":["https:\/\/elfederalmendoza.com.ar\/wp-content\/uploads\/2023\/05\/bf547fbe-203a-48f7-b824-f1087d1c17cc-jpg-870x553.webp",870,553,true],"ultp_layout_portrait":["https:\/\/elfederalmendoza.com.ar\/wp-content\/uploads\/2023\/05\/bf547fbe-203a-48f7-b824-f1087d1c17cc-jpg-600x553.webp",600,553,true],"ultp_layout_square":["https:\/\/elfederalmendoza.com.ar\/wp-content\/uploads\/2023\/05\/bf547fbe-203a-48f7-b824-f1087d1c17cc-jpg-600x553.webp",600,553,true],"rpwe-thumbnail":["https:\/\/elfederalmendoza.com.ar\/wp-content\/uploads\/2023\/05\/bf547fbe-203a-48f7-b824-f1087d1c17cc-jpg-45x45.webp",45,45,true],"advps-thumb-one":["https:\/\/elfederalmendoza.com.ar\/wp-content\/uploads\/2023\/05\/bf547fbe-203a-48f7-b824-f1087d1c17cc-jpg-984x420.webp",984,420,true]},"rttpg_author":{"display_name":"Redacci\u00f3n El Federal","author_link":"https:\/\/elfederalmendoza.com.ar\/index.php\/author\/angelflores\/"},"rttpg_comment":0,"rttpg_category":"<a href=\"https:\/\/elfederalmendoza.com.ar\/index.php\/category\/mza\/\" rel=\"category tag\">Mendoza<\/a>","rttpg_excerpt":"Tras ser\u00a0detenida\u00a0en el partido de Tigre, Buenos Aires, luego de haberse llevado a su hijo sin contar con su tenencia legal,\u00a0Carolina Loncarich, la mam\u00e1 del menor, ser\u00e1 trasladada en las pr\u00f3ximas horas a Mendoza para que sea sometida a la Justicia de la provincia. Una vez que llegue a&nbsp;Mendoza, la mujer ser\u00e1 interrogada por el&hellip;","_links":{"self":[{"href":"https:\/\/elfederalmendoza.com.ar\/index.php\/wp-json\/wp\/v2\/posts\/23207","targetHints":{"allow":["GET"]}}],"collection":[{"href":"https:\/\/elfederalmendoza.com.ar\/index.php\/wp-json\/wp\/v2\/posts"}],"about":[{"href":"https:\/\/elfederalmendoza.com.ar\/index.php\/wp-json\/wp\/v2\/types\/post"}],"author":[{"embeddable":true,"href":"https:\/\/elfederalmendoza.com.ar\/index.php\/wp-json\/wp\/v2\/users\/2"}],"replies":[{"embeddable":true,"href":"https:\/\/elfederalmendoza.com.ar\/index.php\/wp-json\/wp\/v2\/comments?post=23207"}],"version-history":[{"count":1,"href":"https:\/\/elfederalmendoza.com.ar\/index.php\/wp-json\/wp\/v2\/posts\/23207\/revisions"}],"predecessor-version":[{"id":23210,"href":"https:\/\/elfederalmendoza.com.ar\/index.php\/wp-json\/wp\/v2\/posts\/23207\/revisions\/23210"}],"wp:featuredmedia":[{"embeddable":true,"href":"https:\/\/elfederalmendoza.com.ar\/index.php\/wp-json\/wp\/v2\/media\/23209"}],"wp:attachment":[{"href":"https:\/\/elfederalmendoza.com.ar\/index.php\/wp-json\/wp\/v2\/media?parent=23207"}],"wp:term":[{"taxonomy":"category","embeddable":true,"href":"https:\/\/elfederalmendoza.com.ar\/index.php\/wp-json\/wp\/v2\/categories?post=23207"},{"taxonomy":"post_tag","embeddable":true,"href":"https:\/\/elfederalmendoza.com.ar\/index.php\/wp-json\/wp\/v2\/tags?post=23207"}],"curies":[{"name":"wp","href":"https:\/\/api.w.org\/{rel}","templated":true}]}}