{"id":23214,"date":"2023-05-26T12:06:09","date_gmt":"2023-05-26T15:06:09","guid":{"rendered":"https:\/\/elfederalmendoza.com\/?p=23214"},"modified":"2023-05-26T12:06:10","modified_gmt":"2023-05-26T15:06:10","slug":"se-tomo-un-ansiolitico-salio-a-caminar-y-fue-encontrado-por-un-dron-durmiendo-en-una-finca-de-guaymallen","status":"publish","type":"post","link":"https:\/\/elfederalmendoza.com.ar\/index.php\/2023\/05\/26\/se-tomo-un-ansiolitico-salio-a-caminar-y-fue-encontrado-por-un-dron-durmiendo-en-una-finca-de-guaymallen\/","title":{"rendered":"Se tom\u00f3 un ansiol\u00edtico, sali\u00f3 a caminar y fue encontrado por un dron durmiendo en una finca de Guaymall\u00e9n"},"content":{"rendered":"\n<p>Durante la noche de este mi\u00e9rcoles, un hombre se perdi\u00f3 mientras caminaba por la finca de la\u00a0<strong>Escuela Pouget\u00a0<\/strong>ubicada en Carril Mathus Hoyos de\u00a0<em>El Bermejo<\/em>, en el departamento de Guaymall\u00e9n.<\/p>\n\n\n\n<p>El sujeto, se hab\u00eda tomado un ansiol\u00edtico antes de salir y al hallarse desorientado, llam\u00f3 a su pareja para pedir ayuda. Cerca de las 22&nbsp; ingres\u00f3 un llamado al 911 alertando de la situaci\u00f3n,&nbsp; por lo que efectivos de la&nbsp;<strong>Comisar\u00eda 57\u00aa&nbsp;<\/strong>se dirigieron hacia el lugar donde realizaron un patrullaje por la zona, pero no lograron encontrarlo.<\/p>\n\n\n\n<p>Seg\u00fan publico\u00a0<em>El Sol<\/em>, hablaron con la mujer quien les relat\u00f3 que su pareja se hab\u00eda colocado\u00a0 una campera y un chaleco, se\u00a0 hab\u00eda tomado un\u00a0<em>Clonazepam\u00a0<\/em>y as\u00ed sali\u00f3 de la casa. Momentos m\u00e1s tardes, dijo que el hombre la llam\u00f3 y le cont\u00f3 que\u00a0estaba en el interior de una finca, que se encontraba\u00a0perdido y que s\u00f3lo ve\u00eda vegetaci\u00f3n.\u00a0<\/p>\n\n\n\n<p>Con esa informaci\u00f3n,\u00a0un ayudante fiscal de turno de la Oficina Fiscal N\u00ba9 dispuso que trabajara en el lugar personal de la Unidad Investigativa Departamental Guaymall\u00e9n (UID),\u00a0<strong>Cuerpo de Canes y la Divisi\u00f3n VANT (Veh\u00edculos A\u00e9reos No Tripulados).<\/strong><\/p>\n\n\n\n<figure class=\"wp-block-image size-full is-resized\"><img loading=\"lazy\" decoding=\"async\" src=\"https:\/\/elfederalmendoza.com\/wp-content\/uploads\/2023\/05\/dron1.jpg\" alt=\"\" class=\"wp-image-23217\" width=\"833\" height=\"596\" srcset=\"https:\/\/elfederalmendoza.com.ar\/wp-content\/uploads\/2023\/05\/dron1.jpg 514w, https:\/\/elfederalmendoza.com.ar\/wp-content\/uploads\/2023\/05\/dron1-300x215.jpg 300w\" sizes=\"auto, (max-width: 833px) 100vw, 833px\" \/><figcaption class=\"wp-element-caption\">La flecha roja indica al hombre que fue encontrado debajo de un \u00e1rbol durmiendo. Polic\u00edas con perros se acercan al lugar<\/figcaption><\/figure>\n\n\n\n<p>De esta manera, se inici\u00f3 un rastrillaje por aire y tierra con drones, perros adiestrados y varios efectivos por la propiedad donde personal de<strong>&nbsp;VANT<\/strong>&nbsp;divis\u00f3 con una c\u00e1mara infrarroja t\u00e9rmica, que el sujeto&nbsp;<strong>estaba debajo un \u00e1rbol, durmiendo.<\/strong>&nbsp;<\/p>\n\n\n\n<p>Los uniformados ingresaron por el sector suroeste de la finca y, luego de recorrer unos dos kil\u00f3metros, dieron con el hombre, quien, afortunadamente, estaba fuera de peligro y en buen estado de salud, por lo que no requiri\u00f3 asistencia m\u00e9dica y fue trasladado hasta su domicilio.\u00a0<\/p>\n\n\n\n<p><\/p>\n","protected":false},"excerpt":{"rendered":"<p>Durante la noche de este mi\u00e9rcoles, un hombre se perdi\u00f3 mientras caminaba por la finca de la\u00a0Escuela Pouget\u00a0ubicada en Carril Mathus Hoyos de\u00a0El Bermejo, en el departamento de Guaymall\u00e9n. El sujeto, se hab\u00eda tomado un ansiol\u00edtico antes de salir y al hallarse desorientado, llam\u00f3 a su pareja para pedir ayuda. Cerca de las 22&nbsp; ingres\u00f3<a class=\"read-more\" href=\"https:\/\/elfederalmendoza.com.ar\/index.php\/2023\/05\/26\/se-tomo-un-ansiolitico-salio-a-caminar-y-fue-encontrado-por-un-dron-durmiendo-en-una-finca-de-guaymallen\/\"> [&hellip;]<\/a><\/p>\n","protected":false},"author":2,"featured_media":23216,"comment_status":"open","ping_status":"open","sticky":false,"template":"","format":"standard","meta":{"footnotes":""},"categories":[1],"tags":[],"class_list":["post-23214","post","type-post","status-publish","format-standard","has-post-thumbnail","hentry","category-mza"],"rttpg_featured_image_url":{"full":["https:\/\/elfederalmendoza.com.ar\/wp-content\/uploads\/2023\/05\/POUGUET.jpg",1171,641,false],"landscape":["https:\/\/elfederalmendoza.com.ar\/wp-content\/uploads\/2023\/05\/POUGUET.jpg",1171,641,false],"portraits":["https:\/\/elfederalmendoza.com.ar\/wp-content\/uploads\/2023\/05\/POUGUET.jpg",1171,641,false],"thumbnail":["https:\/\/elfederalmendoza.com.ar\/wp-content\/uploads\/2023\/05\/POUGUET-150x150.jpg",150,150,true],"medium":["https:\/\/elfederalmendoza.com.ar\/wp-content\/uploads\/2023\/05\/POUGUET-300x164.jpg",300,164,true],"large":["https:\/\/elfederalmendoza.com.ar\/wp-content\/uploads\/2023\/05\/POUGUET-1024x561.jpg",640,351,true],"1536x1536":["https:\/\/elfederalmendoza.com.ar\/wp-content\/uploads\/2023\/05\/POUGUET.jpg",1171,641,false],"2048x2048":["https:\/\/elfederalmendoza.com.ar\/wp-content\/uploads\/2023\/05\/POUGUET.jpg",1171,641,false],"ultp_layout_landscape_large":["https:\/\/elfederalmendoza.com.ar\/wp-content\/uploads\/2023\/05\/POUGUET.jpg",1171,641,false],"ultp_layout_landscape":["https:\/\/elfederalmendoza.com.ar\/wp-content\/uploads\/2023\/05\/POUGUET-870x570.jpg",870,570,true],"ultp_layout_portrait":["https:\/\/elfederalmendoza.com.ar\/wp-content\/uploads\/2023\/05\/POUGUET-600x641.jpg",600,641,true],"ultp_layout_square":["https:\/\/elfederalmendoza.com.ar\/wp-content\/uploads\/2023\/05\/POUGUET-600x600.jpg",600,600,true],"rpwe-thumbnail":["https:\/\/elfederalmendoza.com.ar\/wp-content\/uploads\/2023\/05\/POUGUET-45x45.jpg",45,45,true],"advps-thumb-one":["https:\/\/elfederalmendoza.com.ar\/wp-content\/uploads\/2023\/05\/POUGUET-1171x420.jpg",1171,420,true]},"rttpg_author":{"display_name":"Redacci\u00f3n El Federal","author_link":"https:\/\/elfederalmendoza.com.ar\/index.php\/author\/angelflores\/"},"rttpg_comment":0,"rttpg_category":"<a href=\"https:\/\/elfederalmendoza.com.ar\/index.php\/category\/mza\/\" rel=\"category tag\">Mendoza<\/a>","rttpg_excerpt":"Durante la noche de este mi\u00e9rcoles, un hombre se perdi\u00f3 mientras caminaba por la finca de la\u00a0Escuela Pouget\u00a0ubicada en Carril Mathus Hoyos de\u00a0El Bermejo, en el departamento de Guaymall\u00e9n. El sujeto, se hab\u00eda tomado un ansiol\u00edtico antes de salir y al hallarse desorientado, llam\u00f3 a su pareja para pedir ayuda. Cerca de las 22&nbsp; ingres\u00f3&hellip;","_links":{"self":[{"href":"https:\/\/elfederalmendoza.com.ar\/index.php\/wp-json\/wp\/v2\/posts\/23214","targetHints":{"allow":["GET"]}}],"collection":[{"href":"https:\/\/elfederalmendoza.com.ar\/index.php\/wp-json\/wp\/v2\/posts"}],"about":[{"href":"https:\/\/elfederalmendoza.com.ar\/index.php\/wp-json\/wp\/v2\/types\/post"}],"author":[{"embeddable":true,"href":"https:\/\/elfederalmendoza.com.ar\/index.php\/wp-json\/wp\/v2\/users\/2"}],"replies":[{"embeddable":true,"href":"https:\/\/elfederalmendoza.com.ar\/index.php\/wp-json\/wp\/v2\/comments?post=23214"}],"version-history":[{"count":1,"href":"https:\/\/elfederalmendoza.com.ar\/index.php\/wp-json\/wp\/v2\/posts\/23214\/revisions"}],"predecessor-version":[{"id":23218,"href":"https:\/\/elfederalmendoza.com.ar\/index.php\/wp-json\/wp\/v2\/posts\/23214\/revisions\/23218"}],"wp:featuredmedia":[{"embeddable":true,"href":"https:\/\/elfederalmendoza.com.ar\/index.php\/wp-json\/wp\/v2\/media\/23216"}],"wp:attachment":[{"href":"https:\/\/elfederalmendoza.com.ar\/index.php\/wp-json\/wp\/v2\/media?parent=23214"}],"wp:term":[{"taxonomy":"category","embeddable":true,"href":"https:\/\/elfederalmendoza.com.ar\/index.php\/wp-json\/wp\/v2\/categories?post=23214"},{"taxonomy":"post_tag","embeddable":true,"href":"https:\/\/elfederalmendoza.com.ar\/index.php\/wp-json\/wp\/v2\/tags?post=23214"}],"curies":[{"name":"wp","href":"https:\/\/api.w.org\/{rel}","templated":true}]}}