{"id":23221,"date":"2023-05-26T01:45:00","date_gmt":"2023-05-26T04:45:00","guid":{"rendered":"https:\/\/elfederalmendoza.com\/?p=23221"},"modified":"2023-05-26T13:52:13","modified_gmt":"2023-05-26T16:52:13","slug":"video-conmocion-en-esquel-aseguran-que-el-cuerpo-de-un-parroco-se-ilumino-al-momento-de-morir","status":"publish","type":"post","link":"https:\/\/elfederalmendoza.com.ar\/index.php\/2023\/05\/26\/video-conmocion-en-esquel-aseguran-que-el-cuerpo-de-un-parroco-se-ilumino-al-momento-de-morir\/","title":{"rendered":"-VIDEO- Conmoci\u00f3n en Esquel: aseguran que el cuerpo de un p\u00e1rroco se \u201cilumin\u00f3\u201d al momento de morir"},"content":{"rendered":"\n<p><strong>Esquel<\/strong>\u00a0se vio conmocionada en los \u00faltimos d\u00edas por\u00a0<strong>la muerte del reconocido cura Vicente Lahoz<\/strong>, a los 86 a\u00f1os, quien se encontraba internado en el Hospital Zonal por una serie de problemas de salud. Sin embargo, un detalle relacionado a sus<strong>\u00a0\u00faltimos minutos de vida\u00a0<\/strong>gener\u00f3 estupor entre los habitantes de la ciudad chubutense.<\/p>\n\n\n\n<p><strong>El padre Rodolfo Costa Heredia<\/strong>\u00a0relat\u00f3 la experiencia que vivieron\u00a0<strong>los m\u00e9dicos y enfermeras<\/strong>\u00a0que se encontraban en sala de emergencia junto a Lahoz. \u201cLa doctora y otras enfermeras que estaban en la guardia estaban impresionados cuando vieron el signo.\u00a0<strong>El cuerpo del Padre Vicente se ilumin\u00f3 fuertemente<\/strong>, m\u00e1s all\u00e1 de la iluminaci\u00f3n de la sala en la que se encontraba\u201d, cont\u00f3 al portal\u00a0<em>EQSNotas<\/em>.<\/p>\n\n\n\n<p>\u201c<strong>Son signos que da Dios para afianzar nuestra fe<\/strong>, quiz\u00e1s las personas que lo estaban cuidando, que estaban en la guardia, para ellos fue un signo fuerte para apoyarse en la fe\u201d, explic\u00f3 Costa Heredia sobre el fen\u00f3meno del cual hab\u00eda sido testigo el personal de salud.<\/p>\n\n\n\n<p>Luego de dar a conocer lo ocurrido, Costa Heredia se\u00f1al\u00f3 que\u00a0<strong>el cuerpo del p\u00e1rroco ser\u00e1 enterrado en la localidad de El Mait\u00e9n<\/strong>. \u201cSu voluntad era que sea enterrado en ese sitio. Estaba muy l\u00facido y contento, se complic\u00f3 el domingo por la ma\u00f1ana, lo trajimos al hospital y falleci\u00f3\u201d, explic\u00f3.<\/p>\n\n\n\n<figure class=\"wp-block-embed is-type-video is-provider-youtube wp-block-embed-youtube wp-embed-aspect-16-9 wp-has-aspect-ratio\"><div class=\"wp-block-embed__wrapper\">\n<iframe loading=\"lazy\" title=\"Rodolfo Costa Heredia, hondo pesar por el fallecimiento del padre Vicente Lahoz\" width=\"640\" height=\"360\" src=\"https:\/\/www.youtube.com\/embed\/tHKGOeYtZCY?feature=oembed\" frameborder=\"0\" allow=\"accelerometer; autoplay; clipboard-write; encrypted-media; gyroscope; picture-in-picture; web-share\" referrerpolicy=\"strict-origin-when-cross-origin\" allowfullscreen><\/iframe>\n<\/div><\/figure>\n","protected":false},"excerpt":{"rendered":"<p>Esquel\u00a0se vio conmocionada en los \u00faltimos d\u00edas por\u00a0la muerte del reconocido cura Vicente Lahoz, a los 86 a\u00f1os, quien se encontraba internado en el Hospital Zonal por una serie de problemas de salud. Sin embargo, un detalle relacionado a sus\u00a0\u00faltimos minutos de vida\u00a0gener\u00f3 estupor entre los habitantes de la ciudad chubutense. El padre Rodolfo Costa<a class=\"read-more\" href=\"https:\/\/elfederalmendoza.com.ar\/index.php\/2023\/05\/26\/video-conmocion-en-esquel-aseguran-que-el-cuerpo-de-un-parroco-se-ilumino-al-momento-de-morir\/\"> [&hellip;]<\/a><\/p>\n","protected":false},"author":2,"featured_media":23223,"comment_status":"open","ping_status":"open","sticky":false,"template":"","format":"standard","meta":{"footnotes":""},"categories":[5618],"tags":[],"class_list":["post-23221","post","type-post","status-publish","format-standard","has-post-thumbnail","hentry","category-arg"],"rttpg_featured_image_url":{"full":["https:\/\/elfederalmendoza.com.ar\/wp-content\/uploads\/2023\/05\/esquel.jpg",942,630,false],"landscape":["https:\/\/elfederalmendoza.com.ar\/wp-content\/uploads\/2023\/05\/esquel.jpg",942,630,false],"portraits":["https:\/\/elfederalmendoza.com.ar\/wp-content\/uploads\/2023\/05\/esquel.jpg",942,630,false],"thumbnail":["https:\/\/elfederalmendoza.com.ar\/wp-content\/uploads\/2023\/05\/esquel-150x150.jpg",150,150,true],"medium":["https:\/\/elfederalmendoza.com.ar\/wp-content\/uploads\/2023\/05\/esquel-300x201.jpg",300,201,true],"large":["https:\/\/elfederalmendoza.com.ar\/wp-content\/uploads\/2023\/05\/esquel.jpg",640,428,false],"1536x1536":["https:\/\/elfederalmendoza.com.ar\/wp-content\/uploads\/2023\/05\/esquel.jpg",942,630,false],"2048x2048":["https:\/\/elfederalmendoza.com.ar\/wp-content\/uploads\/2023\/05\/esquel.jpg",942,630,false],"ultp_layout_landscape_large":["https:\/\/elfederalmendoza.com.ar\/wp-content\/uploads\/2023\/05\/esquel.jpg",942,630,false],"ultp_layout_landscape":["https:\/\/elfederalmendoza.com.ar\/wp-content\/uploads\/2023\/05\/esquel-870x570.jpg",870,570,true],"ultp_layout_portrait":["https:\/\/elfederalmendoza.com.ar\/wp-content\/uploads\/2023\/05\/esquel-600x630.jpg",600,630,true],"ultp_layout_square":["https:\/\/elfederalmendoza.com.ar\/wp-content\/uploads\/2023\/05\/esquel-600x600.jpg",600,600,true],"rpwe-thumbnail":["https:\/\/elfederalmendoza.com.ar\/wp-content\/uploads\/2023\/05\/esquel-45x45.jpg",45,45,true],"advps-thumb-one":["https:\/\/elfederalmendoza.com.ar\/wp-content\/uploads\/2023\/05\/esquel-942x420.jpg",942,420,true]},"rttpg_author":{"display_name":"Redacci\u00f3n El Federal","author_link":"https:\/\/elfederalmendoza.com.ar\/index.php\/author\/angelflores\/"},"rttpg_comment":0,"rttpg_category":"<a href=\"https:\/\/elfederalmendoza.com.ar\/index.php\/category\/arg\/\" rel=\"category tag\">Argentina<\/a>","rttpg_excerpt":"Esquel\u00a0se vio conmocionada en los \u00faltimos d\u00edas por\u00a0la muerte del reconocido cura Vicente Lahoz, a los 86 a\u00f1os, quien se encontraba internado en el Hospital Zonal por una serie de problemas de salud. Sin embargo, un detalle relacionado a sus\u00a0\u00faltimos minutos de vida\u00a0gener\u00f3 estupor entre los habitantes de la ciudad chubutense. El padre Rodolfo Costa&hellip;","_links":{"self":[{"href":"https:\/\/elfederalmendoza.com.ar\/index.php\/wp-json\/wp\/v2\/posts\/23221","targetHints":{"allow":["GET"]}}],"collection":[{"href":"https:\/\/elfederalmendoza.com.ar\/index.php\/wp-json\/wp\/v2\/posts"}],"about":[{"href":"https:\/\/elfederalmendoza.com.ar\/index.php\/wp-json\/wp\/v2\/types\/post"}],"author":[{"embeddable":true,"href":"https:\/\/elfederalmendoza.com.ar\/index.php\/wp-json\/wp\/v2\/users\/2"}],"replies":[{"embeddable":true,"href":"https:\/\/elfederalmendoza.com.ar\/index.php\/wp-json\/wp\/v2\/comments?post=23221"}],"version-history":[{"count":1,"href":"https:\/\/elfederalmendoza.com.ar\/index.php\/wp-json\/wp\/v2\/posts\/23221\/revisions"}],"predecessor-version":[{"id":23224,"href":"https:\/\/elfederalmendoza.com.ar\/index.php\/wp-json\/wp\/v2\/posts\/23221\/revisions\/23224"}],"wp:featuredmedia":[{"embeddable":true,"href":"https:\/\/elfederalmendoza.com.ar\/index.php\/wp-json\/wp\/v2\/media\/23223"}],"wp:attachment":[{"href":"https:\/\/elfederalmendoza.com.ar\/index.php\/wp-json\/wp\/v2\/media?parent=23221"}],"wp:term":[{"taxonomy":"category","embeddable":true,"href":"https:\/\/elfederalmendoza.com.ar\/index.php\/wp-json\/wp\/v2\/categories?post=23221"},{"taxonomy":"post_tag","embeddable":true,"href":"https:\/\/elfederalmendoza.com.ar\/index.php\/wp-json\/wp\/v2\/tags?post=23221"}],"curies":[{"name":"wp","href":"https:\/\/api.w.org\/{rel}","templated":true}]}}