{"id":23227,"date":"2023-05-27T09:34:19","date_gmt":"2023-05-27T12:34:19","guid":{"rendered":"https:\/\/elfederalmendoza.com\/?p=23227"},"modified":"2023-05-27T09:34:20","modified_gmt":"2023-05-27T12:34:20","slug":"una-mujer-murio-tras-recibir-un-disparo-en-el-hombro-y-la-fiscalia-de-san-martin-sospecha-que-fue-un-femicidio","status":"publish","type":"post","link":"https:\/\/elfederalmendoza.com.ar\/index.php\/2023\/05\/27\/una-mujer-murio-tras-recibir-un-disparo-en-el-hombro-y-la-fiscalia-de-san-martin-sospecha-que-fue-un-femicidio\/","title":{"rendered":"Una mujer muri\u00f3 tras recibir un disparo en el hombro y la fiscal\u00eda de San Mart\u00edn sospecha que fue un femicidio"},"content":{"rendered":"\n<p>Una&nbsp;<strong>mujer<\/strong>&nbsp;de unos 50 a\u00f1os&nbsp;<strong>muri\u00f3<\/strong>&nbsp;este viernes en&nbsp;<strong>San Mart\u00edn<\/strong>&nbsp;como consecuencia de un disparo que le atraves\u00f3 la zona del hombro. Al menos esto es lo que descubrieron los m\u00e9dicos que la revisaron en el hospital Perrupato, luego de que fuera trasladada al centro asistencial por su marido y otro hombre (que ser\u00eda conocido) que lo acompa\u00f1\u00f3.<\/p>\n\n\n\n<p>Lo curioso del caso es que por esta situaci\u00f3n <strong>qued\u00f3\u00a0detenido\u00a0el propio esposo de la v\u00edctima, dado que se trata de la sospecha de un posible\u00a0femicidio<\/strong>, hasta que la Justicia determine lo que realmente sucedi\u00f3.<\/p>\n\n\n\n<p>Es por eso que intervino la Fiscal\u00eda de San Mart\u00edn para investigar las distintas hip\u00f3tesis del hecho. En este sentido, el fiscal Gustavo Jadur fue quien orden\u00f3 la detenci\u00f3n del marido.&nbsp;<\/p>\n\n\n\n<p>Aunque no se conoce el nombre del marido, se sabe que se apellida Repeto y vive en una finca de Montecaseros, donde supuestamente la mujer, identificada como Rosa Alfaro, recibi\u00f3 el disparo de arma de fuego.&nbsp;<\/p>\n\n\n\n<p>Seg\u00fan fuentes judiciales,<strong> la causa cuenta con un testigo clave, quien ya declar\u00f3<\/strong> y asegur\u00f3 que bien temprano en la ma\u00f1ana estuvo con ambos\u00a0en la propiedad ubicada en calle Angosta y El \u00d1ango, y que despu\u00e9s de retirarse de la casa, <strong>Repeto lo llam\u00f3 y\u00a0le pidi\u00f3 que volviera, porque necesitaba que lo trasladara en su camioneta hasta el hospital con su esposa, a quien supuestamente hab\u00eda encontrado\u00a0tendida en una habitaci\u00f3n y sin reacci\u00f3n.\u00a0<\/strong><\/p>\n\n\n\n<p>Las mismas fuentes revelaron que al esposo de la v\u00edctima <strong>ya le realizaron las pruebas para determinar si en sus manos o en sus prendas de vestir hay restos de p\u00f3lvora<\/strong> que indiquen que ha\u00a0disparado un arma de fuego recientemente.\u00a0<\/p>\n\n\n\n<p>Por su parte, personal de Polic\u00eda Cient\u00edfica trabaj\u00f3 en la vivienda de la finca\u00a0para buscar indicios y evidencias para envi\u00e1rselas a la Justicia y avanzar con el caso. <strong>Descartada la posibilidad de un robo, por el momento no se habr\u00eda encontrado el arma de fuego con la que se cometi\u00f3 el homicidio.<\/strong><\/p>\n\n\n\n<p>Tambi\u00e9n la autopsia podr\u00eda ayudar a clarificar el panorama y para comenzar a allanar el terreno sobre las causas de la muerte de la mujer y determinar los pasos a seguir con el sospechoso de haberla asesinado.&nbsp;<\/p>\n\n\n\n<p><a href=\"https:\/\/www.diariomendoza.com.ar\/policiales\/lo-detuvieron-arma-fuego-cuchillo-dos-vizcachas-muertas-n49217\"><\/a><\/p>\n","protected":false},"excerpt":{"rendered":"<p>Una&nbsp;mujer&nbsp;de unos 50 a\u00f1os&nbsp;muri\u00f3&nbsp;este viernes en&nbsp;San Mart\u00edn&nbsp;como consecuencia de un disparo que le atraves\u00f3 la zona del hombro. Al menos esto es lo que descubrieron los m\u00e9dicos que la revisaron en el hospital Perrupato, luego de que fuera trasladada al centro asistencial por su marido y otro hombre (que ser\u00eda conocido) que lo acompa\u00f1\u00f3. Lo<a class=\"read-more\" href=\"https:\/\/elfederalmendoza.com.ar\/index.php\/2023\/05\/27\/una-mujer-murio-tras-recibir-un-disparo-en-el-hombro-y-la-fiscalia-de-san-martin-sospecha-que-fue-un-femicidio\/\"> [&hellip;]<\/a><\/p>\n","protected":false},"author":2,"featured_media":22763,"comment_status":"open","ping_status":"open","sticky":false,"template":"","format":"standard","meta":{"footnotes":""},"categories":[1],"tags":[],"class_list":["post-23227","post","type-post","status-publish","format-standard","has-post-thumbnail","hentry","category-mza"],"rttpg_featured_image_url":{"full":["https:\/\/elfederalmendoza.com.ar\/wp-content\/uploads\/2023\/05\/policia-mendoza6.jpg",882,556,false],"landscape":["https:\/\/elfederalmendoza.com.ar\/wp-content\/uploads\/2023\/05\/policia-mendoza6.jpg",882,556,false],"portraits":["https:\/\/elfederalmendoza.com.ar\/wp-content\/uploads\/2023\/05\/policia-mendoza6.jpg",882,556,false],"thumbnail":["https:\/\/elfederalmendoza.com.ar\/wp-content\/uploads\/2023\/05\/policia-mendoza6-150x150.jpg",150,150,true],"medium":["https:\/\/elfederalmendoza.com.ar\/wp-content\/uploads\/2023\/05\/policia-mendoza6-300x189.jpg",300,189,true],"large":["https:\/\/elfederalmendoza.com.ar\/wp-content\/uploads\/2023\/05\/policia-mendoza6.jpg",640,403,false],"1536x1536":["https:\/\/elfederalmendoza.com.ar\/wp-content\/uploads\/2023\/05\/policia-mendoza6.jpg",882,556,false],"2048x2048":["https:\/\/elfederalmendoza.com.ar\/wp-content\/uploads\/2023\/05\/policia-mendoza6.jpg",882,556,false],"ultp_layout_landscape_large":["https:\/\/elfederalmendoza.com.ar\/wp-content\/uploads\/2023\/05\/policia-mendoza6.jpg",882,556,false],"ultp_layout_landscape":["https:\/\/elfederalmendoza.com.ar\/wp-content\/uploads\/2023\/05\/policia-mendoza6-870x556.jpg",870,556,true],"ultp_layout_portrait":["https:\/\/elfederalmendoza.com.ar\/wp-content\/uploads\/2023\/05\/policia-mendoza6-600x556.jpg",600,556,true],"ultp_layout_square":["https:\/\/elfederalmendoza.com.ar\/wp-content\/uploads\/2023\/05\/policia-mendoza6-600x556.jpg",600,556,true],"rpwe-thumbnail":["https:\/\/elfederalmendoza.com.ar\/wp-content\/uploads\/2023\/05\/policia-mendoza6-45x45.jpg",45,45,true],"advps-thumb-one":["https:\/\/elfederalmendoza.com.ar\/wp-content\/uploads\/2023\/05\/policia-mendoza6-882x420.jpg",882,420,true]},"rttpg_author":{"display_name":"Redacci\u00f3n El Federal","author_link":"https:\/\/elfederalmendoza.com.ar\/index.php\/author\/angelflores\/"},"rttpg_comment":0,"rttpg_category":"<a href=\"https:\/\/elfederalmendoza.com.ar\/index.php\/category\/mza\/\" rel=\"category tag\">Mendoza<\/a>","rttpg_excerpt":"Una&nbsp;mujer&nbsp;de unos 50 a\u00f1os&nbsp;muri\u00f3&nbsp;este viernes en&nbsp;San Mart\u00edn&nbsp;como consecuencia de un disparo que le atraves\u00f3 la zona del hombro. Al menos esto es lo que descubrieron los m\u00e9dicos que la revisaron en el hospital Perrupato, luego de que fuera trasladada al centro asistencial por su marido y otro hombre (que ser\u00eda conocido) que lo acompa\u00f1\u00f3. Lo&hellip;","_links":{"self":[{"href":"https:\/\/elfederalmendoza.com.ar\/index.php\/wp-json\/wp\/v2\/posts\/23227","targetHints":{"allow":["GET"]}}],"collection":[{"href":"https:\/\/elfederalmendoza.com.ar\/index.php\/wp-json\/wp\/v2\/posts"}],"about":[{"href":"https:\/\/elfederalmendoza.com.ar\/index.php\/wp-json\/wp\/v2\/types\/post"}],"author":[{"embeddable":true,"href":"https:\/\/elfederalmendoza.com.ar\/index.php\/wp-json\/wp\/v2\/users\/2"}],"replies":[{"embeddable":true,"href":"https:\/\/elfederalmendoza.com.ar\/index.php\/wp-json\/wp\/v2\/comments?post=23227"}],"version-history":[{"count":1,"href":"https:\/\/elfederalmendoza.com.ar\/index.php\/wp-json\/wp\/v2\/posts\/23227\/revisions"}],"predecessor-version":[{"id":23229,"href":"https:\/\/elfederalmendoza.com.ar\/index.php\/wp-json\/wp\/v2\/posts\/23227\/revisions\/23229"}],"wp:featuredmedia":[{"embeddable":true,"href":"https:\/\/elfederalmendoza.com.ar\/index.php\/wp-json\/wp\/v2\/media\/22763"}],"wp:attachment":[{"href":"https:\/\/elfederalmendoza.com.ar\/index.php\/wp-json\/wp\/v2\/media?parent=23227"}],"wp:term":[{"taxonomy":"category","embeddable":true,"href":"https:\/\/elfederalmendoza.com.ar\/index.php\/wp-json\/wp\/v2\/categories?post=23227"},{"taxonomy":"post_tag","embeddable":true,"href":"https:\/\/elfederalmendoza.com.ar\/index.php\/wp-json\/wp\/v2\/tags?post=23227"}],"curies":[{"name":"wp","href":"https:\/\/api.w.org\/{rel}","templated":true}]}}