{"id":23232,"date":"2023-05-27T12:17:05","date_gmt":"2023-05-27T15:17:05","guid":{"rendered":"https:\/\/elfederalmendoza.com\/?p=23232"},"modified":"2023-05-27T12:24:00","modified_gmt":"2023-05-27T15:24:00","slug":"uber-autos-sucios-choferes-abusivos-y-cobros-indebidos-al-tope-de-las-quejas-de-usuarios","status":"publish","type":"post","link":"https:\/\/elfederalmendoza.com.ar\/index.php\/2023\/05\/27\/uber-autos-sucios-choferes-abusivos-y-cobros-indebidos-al-tope-de-las-quejas-de-usuarios\/","title":{"rendered":"Uber: autos sucios, choferes abusivos y cobros indebidos, al tope de las quejas de usuarios"},"content":{"rendered":"\n<p>El servicio que&nbsp;<strong>Uber&nbsp;<\/strong>presta en el pa\u00eds dista cada vez m\u00e1s de los est\u00e1ndares iniciales con los que la empresa norteamericana decidi\u00f3 desembarcar en el mercado latinoamericano.<\/p>\n\n\n\n<p>Las quejas y reclamos de usuarios se han vuelto cada vez m\u00e1s comunes en las&nbsp;redes sociales,&nbsp;el espacio m\u00e1s utilizado para denunciar los abusos cometidos por los conductores de&nbsp;<strong>Uber<\/strong>.<\/p>\n\n\n\n<p>\u201cLos autos est\u00e1n sucios, huelen mal, tienen piezas sueltas y los conductores son cada vez m\u00e1s groseros, no respetan las se\u00f1ales de tr\u00e1nsito, a uno de ellos le ped\u00ed que no se fuera en sentido contrario y hasta se molest\u00f3\u201d, coment\u00f3 una asidua usuaria de este tipo de transporte contratado a trav\u00e9s de la app.<\/p>\n\n\n\n<p>Otra de las irregularidades en la que suelen incurrir algunos conductores de&nbsp;<strong>Uber&nbsp;<\/strong>tiene que ver con el cobro del servicio. Pese a que el pago debe realizarse con tarjeta de cr\u00e9dito o efectivo, muchos de los choferes aceptan el viaje y luego, al momento de recoger al pasajero, cautivo del tiempo y el apuro por llegar a destino, le informan que no tienen activo el servicio de cobro con tarjeta.&nbsp;<\/p>\n\n\n\n<p>Se inicia entonces una negociaci\u00f3n por fuera del servicio de&nbsp;<strong>Uber<\/strong>&nbsp;(el chofer cancela el viaje) en la que el pasajero, en el mejor de los casos, termina aceptando el viaje bajo la condici\u00f3n de realizar el pago a trav\u00e9s de billeteras digitales. O, caso contrario, rechaza la propuesta y espera la llegada de otro veh\u00edculo.<\/p>\n\n\n\n<p>\u201cP\u00e9simo, tardan much\u00edsimo en llegar, toma el viaje aunque est\u00e9n lej\u00edsimos y todav\u00eda peor, toman la ruta m\u00e1s larga. Creo que&nbsp;<strong>Uber<\/strong>&nbsp;(socios y compa\u00f1\u00eda) se esfuerzan cada d\u00eda m\u00e1s por ser la pero empresa de servicios. \u00daltimamente prefiero abordar taxis, que son m\u00e1s baratos, a usar su servicio&nbsp;<strong>Uber&nbsp;<\/strong>que es caro y decadente\u201d, refiri\u00f3&nbsp;otro usuario.<\/p>\n\n\n\n<figure class=\"wp-block-image size-full is-resized\"><img loading=\"lazy\" decoding=\"async\" src=\"https:\/\/elfederalmendoza.com\/wp-content\/uploads\/2023\/05\/CHOFER-UBER.jpg\" alt=\"\" class=\"wp-image-23235\" width=\"837\" height=\"470\" srcset=\"https:\/\/elfederalmendoza.com.ar\/wp-content\/uploads\/2023\/05\/CHOFER-UBER.jpg 474w, https:\/\/elfederalmendoza.com.ar\/wp-content\/uploads\/2023\/05\/CHOFER-UBER-300x168.jpg 300w\" sizes=\"auto, (max-width: 837px) 100vw, 837px\" \/><\/figure>\n\n\n\n<h2 class=\"wp-block-heading\">Pago con tarjeta, un dolor de cabeza<\/h2>\n\n\n\n<p>Entre&nbsp;las quejas m\u00e1s comunes contra la empresa tambi\u00e9n aparece<strong>n los cobros indebidos con tarjetas de cr\u00e9dito<\/strong>, para aquellos&nbsp;pasajeros que registraron en la app esa modalidad de pago.<\/p>\n\n\n\n<p>Por caso, muchos clientes se vieron obligados a desconocer en sus res\u00famenes de tarjetas un consumo identificado como \u201c*trip Help.u\u201d por unos 16,08 d\u00f3lares que nunca hab\u00edan contratado.&nbsp;<\/p>\n\n\n\n<p>\u201cNos cansamos de hacer el reclamo a&nbsp;<strong>Uber<\/strong>, pero nos ped\u00edan para dar de baja el cargo un n\u00famero que supuestamente deb\u00eda otorgarnos el banco emisor de la tarjeta. Imposible\u201d, cont\u00f3 uno de los afectados.<\/p>\n\n\n\n<p>Y en materia de quejas por el servicio vale la pena recordar el caso reciente de una usuaria de Twitter que decidi\u00f3 compartir con sus seguidores la ins\u00f3lita confesi\u00f3n que le envi\u00f3 el chofer de la plataforma.<\/p>\n\n\n\n<p>El conductor le avis\u00f3 que lo espere porque estaba demorado, a lo que ella le respondi\u00f3 que no hab\u00eda problema. Pero despu\u00e9s de unos minutos y al notar que tardaba un poco de m\u00e1s decidi\u00f3 preguntarle: \u201c\u00bfVen\u00eds seguro?\u201d. A lo que el chofer respondi\u00f3. \u201cS\u00ed, pero estoy esperando que me hagan un pancho. Gracias\u201d.<\/p>\n\n\n\n<p>Fuente: MDZ<\/p>\n","protected":false},"excerpt":{"rendered":"<p>El servicio que&nbsp;Uber&nbsp;presta en el pa\u00eds dista cada vez m\u00e1s de los est\u00e1ndares iniciales con los que la empresa norteamericana decidi\u00f3 desembarcar en el mercado latinoamericano. Las quejas y reclamos de usuarios se han vuelto cada vez m\u00e1s comunes en las&nbsp;redes sociales,&nbsp;el espacio m\u00e1s utilizado para denunciar los abusos cometidos por los conductores de&nbsp;Uber. \u201cLos<a class=\"read-more\" href=\"https:\/\/elfederalmendoza.com.ar\/index.php\/2023\/05\/27\/uber-autos-sucios-choferes-abusivos-y-cobros-indebidos-al-tope-de-las-quejas-de-usuarios\/\"> [&hellip;]<\/a><\/p>\n","protected":false},"author":2,"featured_media":23234,"comment_status":"open","ping_status":"open","sticky":false,"template":"","format":"standard","meta":{"footnotes":""},"categories":[5618],"tags":[],"class_list":["post-23232","post","type-post","status-publish","format-standard","has-post-thumbnail","hentry","category-arg"],"rttpg_featured_image_url":{"full":["https:\/\/elfederalmendoza.com.ar\/wp-content\/uploads\/2023\/05\/UBER1.jpg",1023,629,false],"landscape":["https:\/\/elfederalmendoza.com.ar\/wp-content\/uploads\/2023\/05\/UBER1.jpg",1023,629,false],"portraits":["https:\/\/elfederalmendoza.com.ar\/wp-content\/uploads\/2023\/05\/UBER1.jpg",1023,629,false],"thumbnail":["https:\/\/elfederalmendoza.com.ar\/wp-content\/uploads\/2023\/05\/UBER1-150x150.jpg",150,150,true],"medium":["https:\/\/elfederalmendoza.com.ar\/wp-content\/uploads\/2023\/05\/UBER1-300x184.jpg",300,184,true],"large":["https:\/\/elfederalmendoza.com.ar\/wp-content\/uploads\/2023\/05\/UBER1.jpg",640,394,false],"1536x1536":["https:\/\/elfederalmendoza.com.ar\/wp-content\/uploads\/2023\/05\/UBER1.jpg",1023,629,false],"2048x2048":["https:\/\/elfederalmendoza.com.ar\/wp-content\/uploads\/2023\/05\/UBER1.jpg",1023,629,false],"ultp_layout_landscape_large":["https:\/\/elfederalmendoza.com.ar\/wp-content\/uploads\/2023\/05\/UBER1.jpg",1023,629,false],"ultp_layout_landscape":["https:\/\/elfederalmendoza.com.ar\/wp-content\/uploads\/2023\/05\/UBER1-870x570.jpg",870,570,true],"ultp_layout_portrait":["https:\/\/elfederalmendoza.com.ar\/wp-content\/uploads\/2023\/05\/UBER1-600x629.jpg",600,629,true],"ultp_layout_square":["https:\/\/elfederalmendoza.com.ar\/wp-content\/uploads\/2023\/05\/UBER1-600x600.jpg",600,600,true],"rpwe-thumbnail":["https:\/\/elfederalmendoza.com.ar\/wp-content\/uploads\/2023\/05\/UBER1-45x45.jpg",45,45,true],"advps-thumb-one":["https:\/\/elfederalmendoza.com.ar\/wp-content\/uploads\/2023\/05\/UBER1-1023x420.jpg",1023,420,true]},"rttpg_author":{"display_name":"Redacci\u00f3n El Federal","author_link":"https:\/\/elfederalmendoza.com.ar\/index.php\/author\/angelflores\/"},"rttpg_comment":0,"rttpg_category":"<a href=\"https:\/\/elfederalmendoza.com.ar\/index.php\/category\/arg\/\" rel=\"category tag\">Argentina<\/a>","rttpg_excerpt":"El servicio que&nbsp;Uber&nbsp;presta en el pa\u00eds dista cada vez m\u00e1s de los est\u00e1ndares iniciales con los que la empresa norteamericana decidi\u00f3 desembarcar en el mercado latinoamericano. Las quejas y reclamos de usuarios se han vuelto cada vez m\u00e1s comunes en las&nbsp;redes sociales,&nbsp;el espacio m\u00e1s utilizado para denunciar los abusos cometidos por los conductores de&nbsp;Uber. \u201cLos&hellip;","_links":{"self":[{"href":"https:\/\/elfederalmendoza.com.ar\/index.php\/wp-json\/wp\/v2\/posts\/23232","targetHints":{"allow":["GET"]}}],"collection":[{"href":"https:\/\/elfederalmendoza.com.ar\/index.php\/wp-json\/wp\/v2\/posts"}],"about":[{"href":"https:\/\/elfederalmendoza.com.ar\/index.php\/wp-json\/wp\/v2\/types\/post"}],"author":[{"embeddable":true,"href":"https:\/\/elfederalmendoza.com.ar\/index.php\/wp-json\/wp\/v2\/users\/2"}],"replies":[{"embeddable":true,"href":"https:\/\/elfederalmendoza.com.ar\/index.php\/wp-json\/wp\/v2\/comments?post=23232"}],"version-history":[{"count":2,"href":"https:\/\/elfederalmendoza.com.ar\/index.php\/wp-json\/wp\/v2\/posts\/23232\/revisions"}],"predecessor-version":[{"id":23239,"href":"https:\/\/elfederalmendoza.com.ar\/index.php\/wp-json\/wp\/v2\/posts\/23232\/revisions\/23239"}],"wp:featuredmedia":[{"embeddable":true,"href":"https:\/\/elfederalmendoza.com.ar\/index.php\/wp-json\/wp\/v2\/media\/23234"}],"wp:attachment":[{"href":"https:\/\/elfederalmendoza.com.ar\/index.php\/wp-json\/wp\/v2\/media?parent=23232"}],"wp:term":[{"taxonomy":"category","embeddable":true,"href":"https:\/\/elfederalmendoza.com.ar\/index.php\/wp-json\/wp\/v2\/categories?post=23232"},{"taxonomy":"post_tag","embeddable":true,"href":"https:\/\/elfederalmendoza.com.ar\/index.php\/wp-json\/wp\/v2\/tags?post=23232"}],"curies":[{"name":"wp","href":"https:\/\/api.w.org\/{rel}","templated":true}]}}