{"id":23240,"date":"2023-05-27T06:51:00","date_gmt":"2023-05-27T09:51:00","guid":{"rendered":"https:\/\/elfederalmendoza.com\/?p=23240"},"modified":"2023-05-27T13:13:47","modified_gmt":"2023-05-27T16:13:47","slug":"chau-barco-un-grande-europa-quiere-pagar-la-clausula-de-10-millones-de-dolares","status":"publish","type":"post","link":"https:\/\/elfederalmendoza.com.ar\/index.php\/2023\/05\/27\/chau-barco-un-grande-europa-quiere-pagar-la-clausula-de-10-millones-de-dolares\/","title":{"rendered":"\u00a1Chau Barco!: un grande Europa quiere pagar la cl\u00e1usula de 10 millones de d\u00f3lares"},"content":{"rendered":"\n<p>El Mundial Sub 20 siempre suele ser una gran vidriera para los clubes grandes de Europa, que se fijan en los cracks del futuro para hacer sus apuestas. Sin embargo, el&nbsp;<strong>Colo Barco<\/strong>, lateral argentino de&nbsp;<strong>Boca<\/strong>&nbsp;no necesitaba participar de la competencia para despertar el inter\u00e9s de algunos equipos.&nbsp;<\/p>\n\n\n\n<p>El a\u00f1o pasado surgieron sondeos por parte del City Group, propietario de equipos como Manchester&nbsp;City,&nbsp;New York&nbsp;City, y&nbsp;Girona&nbsp;FC. Tambi\u00e9n lleg\u00f3 una oferta concreta proveniente del Getafe, a principio de a\u00f1o, cuando la firma de la extensi\u00f3n del contrato era prioritaria en el club. Por supuesto que la oferta fue rechazada y meses despu\u00e9s el futbolista lograr\u00eda la titularidad en la primera dirigida por Jorge Almir\u00f3n.&nbsp;<\/p>\n\n\n\n<figure class=\"wp-block-image\"><img decoding=\"async\" src=\"https:\/\/www.mdzol.com\/u\/fotografias\/m\/2023\/5\/26\/f768x1-1417901_1418028_4929.jpg\" alt=\"\"\/><figcaption class=\"wp-element-caption\">BARCO VIENE SUMANDO BUENOS MINUTOS CON LA CAMISETA ARGENTINA EN EL MUNDIAL SUB 20. FOTO: @ARGENTINA.<\/figcaption><\/figure>\n\n\n\n<p>Ahora, el futbolista de 18 a\u00f1os es seguido de cerca por la&nbsp;<strong>Juventus<\/strong>&nbsp;de Italia, que lo observa desde hace un tiempo y lo considera una de las mejores proyecciones en el puesto que hoy ocupa el brasilero Alex Sandro en el primer equipo. Esto seg\u00fan la informaci\u00f3n que dio a conocer&nbsp;el periodista&nbsp;Augusto C\u00e9sar en ESPN.<\/p>\n\n\n\n<p>Los rendimientos que sum\u00f3&nbsp;<strong>Barco&nbsp;<\/strong>en&nbsp;<strong>Boca&nbsp;<\/strong>antes de marchar al Mundial y los que lleva a cabo en el equipo de Javier Mascherano pueden catapultarlo a un club grande. M\u00e1s a\u00fan considerando que la cl\u00e1usula de rescisi\u00f3n, de 10 millones de d\u00f3lares, es baja para los n\u00fameros que suele manejar ese mercado, a pesar de que Juventus no transita su mejor momento en esa materia.<\/p>\n\n\n\n<p>Se aguarda por una oferta de la&nbsp;<strong>Juventus&nbsp;<\/strong>en los pr\u00f3ximos d\u00edas. El mercado de pases de Europa comienza el 3 de julio cuando finalice la temporada. Se sabe que en&nbsp;<strong>Boca&nbsp;<\/strong>habr\u00e1n bajas y deber\u00e1 aguardar para conocer si la oferta convence y termina aceptando la partida de uno de los mejores productos de la cantera en el \u00faltimo tiempo.&nbsp;&nbsp;&nbsp;<\/p>\n","protected":false},"excerpt":{"rendered":"<p>El Mundial Sub 20 siempre suele ser una gran vidriera para los clubes grandes de Europa, que se fijan en los cracks del futuro para hacer sus apuestas. Sin embargo, el&nbsp;Colo Barco, lateral argentino de&nbsp;Boca&nbsp;no necesitaba participar de la competencia para despertar el inter\u00e9s de algunos equipos.&nbsp; El a\u00f1o pasado surgieron sondeos por parte del<a class=\"read-more\" href=\"https:\/\/elfederalmendoza.com.ar\/index.php\/2023\/05\/27\/chau-barco-un-grande-europa-quiere-pagar-la-clausula-de-10-millones-de-dolares\/\"> [&hellip;]<\/a><\/p>\n","protected":false},"author":2,"featured_media":23246,"comment_status":"open","ping_status":"open","sticky":false,"template":"","format":"standard","meta":{"footnotes":""},"categories":[5620],"tags":[],"class_list":["post-23240","post","type-post","status-publish","format-standard","has-post-thumbnail","hentry","category-deportes"],"rttpg_featured_image_url":{"full":["https:\/\/elfederalmendoza.com.ar\/wp-content\/uploads\/2023\/05\/valentin2.jpg",854,628,false],"landscape":["https:\/\/elfederalmendoza.com.ar\/wp-content\/uploads\/2023\/05\/valentin2.jpg",854,628,false],"portraits":["https:\/\/elfederalmendoza.com.ar\/wp-content\/uploads\/2023\/05\/valentin2.jpg",854,628,false],"thumbnail":["https:\/\/elfederalmendoza.com.ar\/wp-content\/uploads\/2023\/05\/valentin2-150x150.jpg",150,150,true],"medium":["https:\/\/elfederalmendoza.com.ar\/wp-content\/uploads\/2023\/05\/valentin2-300x221.jpg",300,221,true],"large":["https:\/\/elfederalmendoza.com.ar\/wp-content\/uploads\/2023\/05\/valentin2.jpg",640,471,false],"1536x1536":["https:\/\/elfederalmendoza.com.ar\/wp-content\/uploads\/2023\/05\/valentin2.jpg",854,628,false],"2048x2048":["https:\/\/elfederalmendoza.com.ar\/wp-content\/uploads\/2023\/05\/valentin2.jpg",854,628,false],"ultp_layout_landscape_large":["https:\/\/elfederalmendoza.com.ar\/wp-content\/uploads\/2023\/05\/valentin2.jpg",854,628,false],"ultp_layout_landscape":["https:\/\/elfederalmendoza.com.ar\/wp-content\/uploads\/2023\/05\/valentin2-854x570.jpg",854,570,true],"ultp_layout_portrait":["https:\/\/elfederalmendoza.com.ar\/wp-content\/uploads\/2023\/05\/valentin2-600x628.jpg",600,628,true],"ultp_layout_square":["https:\/\/elfederalmendoza.com.ar\/wp-content\/uploads\/2023\/05\/valentin2-600x600.jpg",600,600,true],"rpwe-thumbnail":["https:\/\/elfederalmendoza.com.ar\/wp-content\/uploads\/2023\/05\/valentin2-45x45.jpg",45,45,true],"advps-thumb-one":["https:\/\/elfederalmendoza.com.ar\/wp-content\/uploads\/2023\/05\/valentin2-854x420.jpg",854,420,true]},"rttpg_author":{"display_name":"Redacci\u00f3n El Federal","author_link":"https:\/\/elfederalmendoza.com.ar\/index.php\/author\/angelflores\/"},"rttpg_comment":0,"rttpg_category":"<a href=\"https:\/\/elfederalmendoza.com.ar\/index.php\/category\/deportes\/\" rel=\"category tag\">Deportes<\/a>","rttpg_excerpt":"El Mundial Sub 20 siempre suele ser una gran vidriera para los clubes grandes de Europa, que se fijan en los cracks del futuro para hacer sus apuestas. Sin embargo, el&nbsp;Colo Barco, lateral argentino de&nbsp;Boca&nbsp;no necesitaba participar de la competencia para despertar el inter\u00e9s de algunos equipos.&nbsp; El a\u00f1o pasado surgieron sondeos por parte del&hellip;","_links":{"self":[{"href":"https:\/\/elfederalmendoza.com.ar\/index.php\/wp-json\/wp\/v2\/posts\/23240","targetHints":{"allow":["GET"]}}],"collection":[{"href":"https:\/\/elfederalmendoza.com.ar\/index.php\/wp-json\/wp\/v2\/posts"}],"about":[{"href":"https:\/\/elfederalmendoza.com.ar\/index.php\/wp-json\/wp\/v2\/types\/post"}],"author":[{"embeddable":true,"href":"https:\/\/elfederalmendoza.com.ar\/index.php\/wp-json\/wp\/v2\/users\/2"}],"replies":[{"embeddable":true,"href":"https:\/\/elfederalmendoza.com.ar\/index.php\/wp-json\/wp\/v2\/comments?post=23240"}],"version-history":[{"count":2,"href":"https:\/\/elfederalmendoza.com.ar\/index.php\/wp-json\/wp\/v2\/posts\/23240\/revisions"}],"predecessor-version":[{"id":23249,"href":"https:\/\/elfederalmendoza.com.ar\/index.php\/wp-json\/wp\/v2\/posts\/23240\/revisions\/23249"}],"wp:featuredmedia":[{"embeddable":true,"href":"https:\/\/elfederalmendoza.com.ar\/index.php\/wp-json\/wp\/v2\/media\/23246"}],"wp:attachment":[{"href":"https:\/\/elfederalmendoza.com.ar\/index.php\/wp-json\/wp\/v2\/media?parent=23240"}],"wp:term":[{"taxonomy":"category","embeddable":true,"href":"https:\/\/elfederalmendoza.com.ar\/index.php\/wp-json\/wp\/v2\/categories?post=23240"},{"taxonomy":"post_tag","embeddable":true,"href":"https:\/\/elfederalmendoza.com.ar\/index.php\/wp-json\/wp\/v2\/tags?post=23240"}],"curies":[{"name":"wp","href":"https:\/\/api.w.org\/{rel}","templated":true}]}}