{"id":23250,"date":"2023-05-27T13:29:23","date_gmt":"2023-05-27T16:29:23","guid":{"rendered":"https:\/\/elfederalmendoza.com\/?p=23250"},"modified":"2023-05-27T13:29:24","modified_gmt":"2023-05-27T16:29:24","slug":"siguen-las-balaceras-en-barrios-de-mendoza-un-joven-de-16-anos-esta-internado-en-el-hospital-central","status":"publish","type":"post","link":"https:\/\/elfederalmendoza.com.ar\/index.php\/2023\/05\/27\/siguen-las-balaceras-en-barrios-de-mendoza-un-joven-de-16-anos-esta-internado-en-el-hospital-central\/","title":{"rendered":"Siguen las balaceras en barrios de Mendoza: un joven de 16 a\u00f1os est\u00e1 internado en el Hospital Central"},"content":{"rendered":"\n<p>En la madrugada de este s\u00e1bado un violento episodio ocurri\u00f3 en el\u00a0<strong>Barrio Esperanza III<\/strong>, ubicado en el departamento de\u00a0<strong>Godoy Cruz<\/strong>. Cerca de las 1:35, un\u00a0<strong>joven<\/strong>\u00a0de tan solo 16 a\u00f1os fue atacado en el lugar por un grupo de individuos y recibi\u00f3 un disparo, el cual impact\u00f3 en su pie derecho.\u00a0<\/p>\n\n\n\n<p>La v\u00edctima del disparo fue trasladada al&nbsp;<strong>Hospital Centra<\/strong>l para recibir atenci\u00f3n m\u00e9dica, ya que presentaba una herida de arma de fuego en la zona con orificio de entrada sin salida.&nbsp;<\/p>\n\n\n\n<figure class=\"wp-block-image is-resized\"><img loading=\"lazy\" decoding=\"async\" src=\"https:\/\/www.mendozapost.com\/files\/image\/99\/99765\/5817858c13e2b_570_255!.jpg?s=7ef7e318de4a497b4861e0847d7effc3&amp;d=1638527751\" alt=\"\" width=\"837\" height=\"374\"\/><figcaption class=\"wp-element-caption\">La v\u00edctima fue traslada al Hospital Central con una herida de arma de fuego con orificio de entrada sin salida en el pie derecho.<\/figcaption><\/figure>\n\n\n\n<p>Agentes policiales se desplegaron en el \u00e1rea del incidente para recopilar evidencias y testimonios que ayuden a esclarecer lo sucedido.&nbsp;<\/p>\n\n\n\n<figure class=\"wp-block-image is-resized\"><img loading=\"lazy\" decoding=\"async\" src=\"https:\/\/www.mendozapost.com\/files\/image\/426\/426657\/63529fffa90d6_570_302!.jpg?s=27d48fe8e719914a4615968c5e30c67d&amp;d=1680454513\" alt=\"\" width=\"836\" height=\"443\"\/><figcaption class=\"wp-element-caption\">El violento hecho ocurri\u00f3 cerca de las 1:35 de este s\u00e1bado&nbsp;<\/figcaption><\/figure>\n","protected":false},"excerpt":{"rendered":"<p>En la madrugada de este s\u00e1bado un violento episodio ocurri\u00f3 en el\u00a0Barrio Esperanza III, ubicado en el departamento de\u00a0Godoy Cruz. Cerca de las 1:35, un\u00a0joven\u00a0de tan solo 16 a\u00f1os fue atacado en el lugar por un grupo de individuos y recibi\u00f3 un disparo, el cual impact\u00f3 en su pie derecho.\u00a0 La v\u00edctima del disparo fue<a class=\"read-more\" href=\"https:\/\/elfederalmendoza.com.ar\/index.php\/2023\/05\/27\/siguen-las-balaceras-en-barrios-de-mendoza-un-joven-de-16-anos-esta-internado-en-el-hospital-central\/\"> [&hellip;]<\/a><\/p>\n","protected":false},"author":2,"featured_media":23252,"comment_status":"open","ping_status":"open","sticky":false,"template":"","format":"standard","meta":{"footnotes":""},"categories":[1],"tags":[],"class_list":["post-23250","post","type-post","status-publish","format-standard","has-post-thumbnail","hentry","category-mza"],"rttpg_featured_image_url":{"full":["https:\/\/elfederalmendoza.com.ar\/wp-content\/uploads\/2023\/05\/barrio-esperanza.jpg",1275,644,false],"landscape":["https:\/\/elfederalmendoza.com.ar\/wp-content\/uploads\/2023\/05\/barrio-esperanza.jpg",1275,644,false],"portraits":["https:\/\/elfederalmendoza.com.ar\/wp-content\/uploads\/2023\/05\/barrio-esperanza.jpg",1275,644,false],"thumbnail":["https:\/\/elfederalmendoza.com.ar\/wp-content\/uploads\/2023\/05\/barrio-esperanza-150x150.jpg",150,150,true],"medium":["https:\/\/elfederalmendoza.com.ar\/wp-content\/uploads\/2023\/05\/barrio-esperanza-300x152.jpg",300,152,true],"large":["https:\/\/elfederalmendoza.com.ar\/wp-content\/uploads\/2023\/05\/barrio-esperanza-1024x517.jpg",640,323,true],"1536x1536":["https:\/\/elfederalmendoza.com.ar\/wp-content\/uploads\/2023\/05\/barrio-esperanza.jpg",1275,644,false],"2048x2048":["https:\/\/elfederalmendoza.com.ar\/wp-content\/uploads\/2023\/05\/barrio-esperanza.jpg",1275,644,false],"ultp_layout_landscape_large":["https:\/\/elfederalmendoza.com.ar\/wp-content\/uploads\/2023\/05\/barrio-esperanza-1200x644.jpg",1200,644,true],"ultp_layout_landscape":["https:\/\/elfederalmendoza.com.ar\/wp-content\/uploads\/2023\/05\/barrio-esperanza-870x570.jpg",870,570,true],"ultp_layout_portrait":["https:\/\/elfederalmendoza.com.ar\/wp-content\/uploads\/2023\/05\/barrio-esperanza-600x644.jpg",600,644,true],"ultp_layout_square":["https:\/\/elfederalmendoza.com.ar\/wp-content\/uploads\/2023\/05\/barrio-esperanza-600x600.jpg",600,600,true],"rpwe-thumbnail":["https:\/\/elfederalmendoza.com.ar\/wp-content\/uploads\/2023\/05\/barrio-esperanza-45x45.jpg",45,45,true],"advps-thumb-one":["https:\/\/elfederalmendoza.com.ar\/wp-content\/uploads\/2023\/05\/barrio-esperanza-1200x420.jpg",1200,420,true]},"rttpg_author":{"display_name":"Redacci\u00f3n El Federal","author_link":"https:\/\/elfederalmendoza.com.ar\/index.php\/author\/angelflores\/"},"rttpg_comment":0,"rttpg_category":"<a href=\"https:\/\/elfederalmendoza.com.ar\/index.php\/category\/mza\/\" rel=\"category tag\">Mendoza<\/a>","rttpg_excerpt":"En la madrugada de este s\u00e1bado un violento episodio ocurri\u00f3 en el\u00a0Barrio Esperanza III, ubicado en el departamento de\u00a0Godoy Cruz. Cerca de las 1:35, un\u00a0joven\u00a0de tan solo 16 a\u00f1os fue atacado en el lugar por un grupo de individuos y recibi\u00f3 un disparo, el cual impact\u00f3 en su pie derecho.\u00a0 La v\u00edctima del disparo fue&hellip;","_links":{"self":[{"href":"https:\/\/elfederalmendoza.com.ar\/index.php\/wp-json\/wp\/v2\/posts\/23250","targetHints":{"allow":["GET"]}}],"collection":[{"href":"https:\/\/elfederalmendoza.com.ar\/index.php\/wp-json\/wp\/v2\/posts"}],"about":[{"href":"https:\/\/elfederalmendoza.com.ar\/index.php\/wp-json\/wp\/v2\/types\/post"}],"author":[{"embeddable":true,"href":"https:\/\/elfederalmendoza.com.ar\/index.php\/wp-json\/wp\/v2\/users\/2"}],"replies":[{"embeddable":true,"href":"https:\/\/elfederalmendoza.com.ar\/index.php\/wp-json\/wp\/v2\/comments?post=23250"}],"version-history":[{"count":1,"href":"https:\/\/elfederalmendoza.com.ar\/index.php\/wp-json\/wp\/v2\/posts\/23250\/revisions"}],"predecessor-version":[{"id":23253,"href":"https:\/\/elfederalmendoza.com.ar\/index.php\/wp-json\/wp\/v2\/posts\/23250\/revisions\/23253"}],"wp:featuredmedia":[{"embeddable":true,"href":"https:\/\/elfederalmendoza.com.ar\/index.php\/wp-json\/wp\/v2\/media\/23252"}],"wp:attachment":[{"href":"https:\/\/elfederalmendoza.com.ar\/index.php\/wp-json\/wp\/v2\/media?parent=23250"}],"wp:term":[{"taxonomy":"category","embeddable":true,"href":"https:\/\/elfederalmendoza.com.ar\/index.php\/wp-json\/wp\/v2\/categories?post=23250"},{"taxonomy":"post_tag","embeddable":true,"href":"https:\/\/elfederalmendoza.com.ar\/index.php\/wp-json\/wp\/v2\/tags?post=23250"}],"curies":[{"name":"wp","href":"https:\/\/api.w.org\/{rel}","templated":true}]}}