{"id":23256,"date":"2023-05-27T01:52:00","date_gmt":"2023-05-27T04:52:00","guid":{"rendered":"https:\/\/elfederalmendoza.com\/?p=23256"},"modified":"2023-05-27T14:01:51","modified_gmt":"2023-05-27T17:01:51","slug":"casting-marcelo-tinelli-busca-talentos-en-mendoza-y-provincias-vecinas-para-el-bailando-2023","status":"publish","type":"post","link":"https:\/\/elfederalmendoza.com.ar\/index.php\/2023\/05\/27\/casting-marcelo-tinelli-busca-talentos-en-mendoza-y-provincias-vecinas-para-el-bailando-2023\/","title":{"rendered":"Casting: Marcelo Tinelli busca talentos en Mendoza y provincias vecinas para el Bailando 2023"},"content":{"rendered":"\n<p>El s\u00e1bado 10 de junio se realizar\u00e1 el\u00a0<strong>casting\u00a0<\/strong>en\u00a0<strong>Mendoza<\/strong>\u00a0para el\u00a0<strong>Bailando 2023<\/strong>, el programa conducido por\u00a0<strong>Marcelo Tinelli\u00a0<\/strong>que ir\u00e1 por la pantalla de Am\u00e9rica y Canal 7 de Mendoza. Ser\u00e1 en el\u00a0<strong>Teatro Independencia<\/strong>\u00a0(Chile y Espejo, Ciudad) a partir de las 9 y hasta las 16.30.<\/p>\n\n\n\n<p><strong>\u00abQueremos verlos a todos\u00bb remarc\u00f3 Marcos Antivero, productor general y jefe de piso de ShowMatch en entrevista con UNO desde Buenos Aires.<\/strong>\u00a0Por eso enfatiz\u00f3 que buscar\u00e1n hacer el casting de la manera m\u00e1s fluida posible. Inclusive esperan que sea masivo y que venga gente de San Juan y otras provincias.<\/p>\n\n\n\n<p>Los bailarines que se quieran probar para entrar al Bailando deber\u00e1n ir preparados para pasar el d\u00eda en el teatro y llevar diferentes calzados, adem\u00e1s de estar producidos (peinado y maquillaje -ver requisitos m\u00e1s abajo-).&nbsp;<strong>\u00abQueden o no, es una experiencia buen\u00edsima\u00bb se\u00f1al\u00f3 Antivero y detall\u00f3: \u00abM\u00e1s all\u00e1 de la pasi\u00f3n y el sue\u00f1o de cada uno por mostrar lo que hace, es la oportunidad para muchos de saber c\u00f3mo es una audici\u00f3n profesional\u00bb.<\/strong><\/p>\n\n\n\n<p>Si bien el llamado es preferentemente para bailarines profesionales,&nbsp;<strong>el productor explic\u00f3 que tambi\u00e9n esperan gente que no sea profesional pero que baile bien. \u00abNo queremos que se nos escape alguien que tenga potencial\u00bb&nbsp;<\/strong>dijo, al tiempo que recomend\u00f3: \u00abQueremos que quienes vengan se preparen, que tomen clases, pero tambi\u00e9n que lleguen tranquilos, sean espont\u00e1neos y act\u00faen con naturalidad\u00bb.<\/p>\n\n\n\n<p><strong>La destreza en el baile no ser\u00e1 lo \u00fanico que el jurado,<\/strong>&nbsp;compuesto por Mat\u00edas Ramos, Laura \u00abLolo\u00bb Rossi y Eugenia L\u00f3pez Frugoni,<strong>&nbsp;evaluar\u00e1 en Mendoza.<\/strong>&nbsp;Al respecto Antivero ensalz\u00f3:&nbsp;<strong>\u00abAdem\u00e1s de gente que baile bien, en la b\u00fasqueda tambi\u00e9n nos fijamos mucho en su actitud, su impronta, su personalidad, su simpat\u00eda.&nbsp;<\/strong>Hay que tener en cuenta que despu\u00e9s van a tener que hablar con Marcelo, tambi\u00e9n con el jurado y en un programa de televisi\u00f3n en vivo\u00bb. O sea, no alcanza con bailar bien.<\/p>\n\n\n\n<p><strong>En este aspecto Antivero puso ejemplos de \u00abegresados\u00bb del Bailando que entraron por casting y mostraron una gran personalidad,<\/strong>&nbsp;adem\u00e1s de dotes de buenos bailarines, desbloqueando unos cu\u00e1ntos recuerdos para el cronista.&nbsp;<strong>Por caso, Laurita Fern\u00e1ndez, Facundo Mazzei o Gabriel \u00abGabo\u00bb Usandivaras, quienes actualmente son reconocidos artistas en diferentes medios.<\/strong><\/p>\n\n\n\n<figure class=\"wp-block-image\"><img decoding=\"async\" src=\"https:\/\/media.diariouno.com.ar\/p\/cc22cf7d5dad8c759b3466a13c9a868a\/adjuntos\/298\/imagenes\/009\/163\/0009163390\/1200x0\/smart\/gabo-usandivaras-laurita-fernandez-facundo-mazzeijpg.jpg\" alt=\"\" title=\"\"\/><\/figure>\n\n\n\n<p><strong>El ingreso al casting ser\u00e1 por orden de llegada y, una vez completados unos formularios de rigor, los aspirantes al Bailando 2023 se enfrentar\u00e1n a 2 filtros:<\/strong>&nbsp;una coreograf\u00eda de la que saldr\u00e1 una primera selecci\u00f3n de bailarines y luego una coreo m\u00e1s compleja. Sin embargo, la selecci\u00f3n final se har\u00e1 en Buenos Aires, ya que se llevar\u00e1n todo el material grabado en el Independencia.&nbsp;<strong>Esto que suena a presi\u00f3n extrema, no lo es tanto, seg\u00fan explic\u00f3 Antivero: \u00abEl ambiente es m\u00e1s parecido a una clase de baile\u00bb.<\/strong><\/p>\n\n\n\n<p><strong>En el casting se elegir\u00e1n dos tipos de bailarines: los paternaires, es decir los que bailar\u00e1n con famosos y las chicas que pertenecen al staff de bailarinas de Marcelo Tinelli<\/strong>&nbsp;quien si suagenda se lo permite, estar\u00eda en el Independencia.<\/p>\n\n\n\n<figure class=\"wp-block-image\"><img decoding=\"async\" src=\"https:\/\/media.diariouno.com.ar\/p\/17100a17aa96e2d8878295adfbd3d70e\/adjuntos\/298\/imagenes\/009\/163\/0009163386\/1200x0\/smart\/casting-bailandojpg.jpg\" alt=\"\" title=\"\"\/><\/figure>\n\n\n\n<p><a rel=\"noreferrer noopener\" href=\"https:\/\/www.facebook.com\/dialog\/feed?app_id=161316767303985&amp;link=https%3A%2F%2Fwww.diariouno.com.ar%2Fespectaculos%2Fcasting-el-bailando-marcelo-tinelli-busca-talentos-mendoza-n1106979&amp;name=Casting+para+el+Bailando%3A+Marcelo+Tinelli+busca+talentos+en+Mendoza&amp;caption=Marcelo+Tinelli&amp;description=El+s%C3%A1bado+10+de+junio+quienes+quieran+ser+parte+del+Bailando+2023+podr%C3%A1n+presentarse+en+el+Teatro+Independencia%2C+donde+se+har%C3%A1+una+primera+selecci%C3%B3n&amp;redirect_uri=https%3A%2F%2Fwww.diariouno.com.ar%2Fespectaculos%2Fcasting-el-bailando-marcelo-tinelli-busca-talentos-mendoza-n1106979\" target=\"_blank\"><\/a><\/p>\n","protected":false},"excerpt":{"rendered":"<p>El s\u00e1bado 10 de junio se realizar\u00e1 el\u00a0casting\u00a0en\u00a0Mendoza\u00a0para el\u00a0Bailando 2023, el programa conducido por\u00a0Marcelo Tinelli\u00a0que ir\u00e1 por la pantalla de Am\u00e9rica y Canal 7 de Mendoza. Ser\u00e1 en el\u00a0Teatro Independencia\u00a0(Chile y Espejo, Ciudad) a partir de las 9 y hasta las 16.30. \u00abQueremos verlos a todos\u00bb remarc\u00f3 Marcos Antivero, productor general y jefe de piso<a class=\"read-more\" href=\"https:\/\/elfederalmendoza.com.ar\/index.php\/2023\/05\/27\/casting-marcelo-tinelli-busca-talentos-en-mendoza-y-provincias-vecinas-para-el-bailando-2023\/\"> [&hellip;]<\/a><\/p>\n","protected":false},"author":2,"featured_media":23258,"comment_status":"open","ping_status":"open","sticky":false,"template":"","format":"standard","meta":{"footnotes":""},"categories":[1],"tags":[],"class_list":["post-23256","post","type-post","status-publish","format-standard","has-post-thumbnail","hentry","category-mza"],"rttpg_featured_image_url":{"full":["https:\/\/elfederalmendoza.com.ar\/wp-content\/uploads\/2023\/05\/bailando-2023-tinelli.jpg",921,612,false],"landscape":["https:\/\/elfederalmendoza.com.ar\/wp-content\/uploads\/2023\/05\/bailando-2023-tinelli.jpg",921,612,false],"portraits":["https:\/\/elfederalmendoza.com.ar\/wp-content\/uploads\/2023\/05\/bailando-2023-tinelli.jpg",921,612,false],"thumbnail":["https:\/\/elfederalmendoza.com.ar\/wp-content\/uploads\/2023\/05\/bailando-2023-tinelli-150x150.jpg",150,150,true],"medium":["https:\/\/elfederalmendoza.com.ar\/wp-content\/uploads\/2023\/05\/bailando-2023-tinelli-300x199.jpg",300,199,true],"large":["https:\/\/elfederalmendoza.com.ar\/wp-content\/uploads\/2023\/05\/bailando-2023-tinelli.jpg",640,425,false],"1536x1536":["https:\/\/elfederalmendoza.com.ar\/wp-content\/uploads\/2023\/05\/bailando-2023-tinelli.jpg",921,612,false],"2048x2048":["https:\/\/elfederalmendoza.com.ar\/wp-content\/uploads\/2023\/05\/bailando-2023-tinelli.jpg",921,612,false],"ultp_layout_landscape_large":["https:\/\/elfederalmendoza.com.ar\/wp-content\/uploads\/2023\/05\/bailando-2023-tinelli.jpg",921,612,false],"ultp_layout_landscape":["https:\/\/elfederalmendoza.com.ar\/wp-content\/uploads\/2023\/05\/bailando-2023-tinelli-870x570.jpg",870,570,true],"ultp_layout_portrait":["https:\/\/elfederalmendoza.com.ar\/wp-content\/uploads\/2023\/05\/bailando-2023-tinelli-600x612.jpg",600,612,true],"ultp_layout_square":["https:\/\/elfederalmendoza.com.ar\/wp-content\/uploads\/2023\/05\/bailando-2023-tinelli-600x600.jpg",600,600,true],"rpwe-thumbnail":["https:\/\/elfederalmendoza.com.ar\/wp-content\/uploads\/2023\/05\/bailando-2023-tinelli-45x45.jpg",45,45,true],"advps-thumb-one":["https:\/\/elfederalmendoza.com.ar\/wp-content\/uploads\/2023\/05\/bailando-2023-tinelli-921x420.jpg",921,420,true]},"rttpg_author":{"display_name":"Redacci\u00f3n El Federal","author_link":"https:\/\/elfederalmendoza.com.ar\/index.php\/author\/angelflores\/"},"rttpg_comment":0,"rttpg_category":"<a href=\"https:\/\/elfederalmendoza.com.ar\/index.php\/category\/mza\/\" rel=\"category tag\">Mendoza<\/a>","rttpg_excerpt":"El s\u00e1bado 10 de junio se realizar\u00e1 el\u00a0casting\u00a0en\u00a0Mendoza\u00a0para el\u00a0Bailando 2023, el programa conducido por\u00a0Marcelo Tinelli\u00a0que ir\u00e1 por la pantalla de Am\u00e9rica y Canal 7 de Mendoza. Ser\u00e1 en el\u00a0Teatro Independencia\u00a0(Chile y Espejo, Ciudad) a partir de las 9 y hasta las 16.30. \u00abQueremos verlos a todos\u00bb remarc\u00f3 Marcos Antivero, productor general y jefe de piso&hellip;","_links":{"self":[{"href":"https:\/\/elfederalmendoza.com.ar\/index.php\/wp-json\/wp\/v2\/posts\/23256","targetHints":{"allow":["GET"]}}],"collection":[{"href":"https:\/\/elfederalmendoza.com.ar\/index.php\/wp-json\/wp\/v2\/posts"}],"about":[{"href":"https:\/\/elfederalmendoza.com.ar\/index.php\/wp-json\/wp\/v2\/types\/post"}],"author":[{"embeddable":true,"href":"https:\/\/elfederalmendoza.com.ar\/index.php\/wp-json\/wp\/v2\/users\/2"}],"replies":[{"embeddable":true,"href":"https:\/\/elfederalmendoza.com.ar\/index.php\/wp-json\/wp\/v2\/comments?post=23256"}],"version-history":[{"count":1,"href":"https:\/\/elfederalmendoza.com.ar\/index.php\/wp-json\/wp\/v2\/posts\/23256\/revisions"}],"predecessor-version":[{"id":23259,"href":"https:\/\/elfederalmendoza.com.ar\/index.php\/wp-json\/wp\/v2\/posts\/23256\/revisions\/23259"}],"wp:featuredmedia":[{"embeddable":true,"href":"https:\/\/elfederalmendoza.com.ar\/index.php\/wp-json\/wp\/v2\/media\/23258"}],"wp:attachment":[{"href":"https:\/\/elfederalmendoza.com.ar\/index.php\/wp-json\/wp\/v2\/media?parent=23256"}],"wp:term":[{"taxonomy":"category","embeddable":true,"href":"https:\/\/elfederalmendoza.com.ar\/index.php\/wp-json\/wp\/v2\/categories?post=23256"},{"taxonomy":"post_tag","embeddable":true,"href":"https:\/\/elfederalmendoza.com.ar\/index.php\/wp-json\/wp\/v2\/tags?post=23256"}],"curies":[{"name":"wp","href":"https:\/\/api.w.org\/{rel}","templated":true}]}}