{"id":23262,"date":"2023-05-28T09:43:59","date_gmt":"2023-05-28T12:43:59","guid":{"rendered":"https:\/\/elfederalmendoza.com\/?p=23262"},"modified":"2023-05-28T09:44:00","modified_gmt":"2023-05-28T12:44:00","slug":"cinco-muertos-en-fatal-choque-entre-un-camion-y-un-micro-en-la-ruta-34","status":"publish","type":"post","link":"https:\/\/elfederalmendoza.com.ar\/index.php\/2023\/05\/28\/cinco-muertos-en-fatal-choque-entre-un-camion-y-un-micro-en-la-ruta-34\/","title":{"rendered":"Cinco muertos en fatal choque entre un cami\u00f3n y un micro en la ruta 34"},"content":{"rendered":"\n<p><strong>Cinco personas murieron y otras cuatro sufrieron heridas de gravedad<\/strong>&nbsp;como consecuencia de un<strong>&nbsp;siniestro vial entre un \u00f3mnibus de larga distancia y un cami\u00f3n<\/strong>, ocurrido en las \u00faltimas horas de la anoche de este viernes en el kil\u00f3metro 117 de la<strong>&nbsp;Ruta Nacional 34<\/strong>, en la provincia de&nbsp;<strong>Santa Fe<\/strong>, informaron&nbsp; fuentes oficiales.<\/p>\n\n\n\n<p>Las<strong>&nbsp;cinco v\u00edctimas fatales&nbsp;<\/strong>se trasladaban en el micro de la empresa de viajes y servicios tur\u00edsticos \u00abTorres Hermanos\u00bb, de la provincia de Santiago del Estero, dijeron&nbsp; fuentes policiales.&nbsp;<strong>Uno de los fallecidos fue el conductor del micro y el resto eran pasajeros<\/strong>.<\/p>\n\n\n\n<p>\u00abLas personas fallecidas son cinco, todas pertenecientes al colectivo\u00bb, dijo un vocero policial, y agreg\u00f3 que hay \u00abcuatro personas heridas de gravedad\u00bb.<\/p>\n\n\n\n<p>El chofer del cami\u00f3n, por su parte, result\u00f3 ileso atento a que la colisi\u00f3n con el micro se produjo \u00aben el semirremolque\u00bb, a\u00f1adieron las fuentes.<\/p>\n\n\n\n<figure class=\"wp-block-image is-resized\"><img loading=\"lazy\" decoding=\"async\" src=\"https:\/\/www.mendozapost.com\/files\/image\/484\/484143\/6472860b164d5_570_315!.jpg?s=f4dd08f0f934ed340015d3d6000799d8&amp;d=1685227021\" alt=\"\" width=\"836\" height=\"462\"\/><figcaption class=\"wp-element-caption\">As\u00ed qued\u00f3 el cami\u00f3n que choc\u00f3 contra el micro en Santa Fe.<\/figcaption><\/figure>\n\n\n\n<p>El siniestro vial ocurri\u00f3 anoche alrededor de las 23.45 en el kil\u00f3metro 117 de la Ruta Nacional 34, entre las localidades de Casas y Las Bandurrias, en el departamento San Mart\u00edn del centro-oeste santafesino.<\/p>\n\n\n\n<p>&nbsp; Los heridos son atendidos en los centros de salud locales de Ca\u00f1ada Rosqu\u00edn y El Tr\u00e9bol, y en una cl\u00ednica de la localidad de San Genaro, precisaron las fuentes.&nbsp;&nbsp;<\/p>\n\n\n\n<p>Agregaron que el resto del pasaje, que no sufri\u00f3 lesiones, permanec\u00eda en el cuartel de bomberos de Ca\u00f1ada Rosqu\u00edn a la espera de prestar declaraci\u00f3n en la causa judicial iniciada por el siniestro vial.<\/p>\n\n\n\n<figure class=\"wp-block-image is-resized\"><img loading=\"lazy\" decoding=\"async\" src=\"https:\/\/www.mendozapost.com\/files\/image\/484\/484145\/64728662a67ad_570_315!.jpg?s=6384128ad6751acc2fdc1ee3324349dd&amp;d=1685227110\" alt=\"\" width=\"837\" height=\"463\"\/><\/figure>\n\n\n\n<p>Seg\u00fan las primeras averiguaciones, el micro hab\u00eda salido<strong> de Santiago del Estero y viajaba con direcci\u00f3n a la ciudad de Buenos Aires.<\/strong><\/p>\n\n\n\n<p>Mientras que el cami\u00f3n circulaba en sentido contrario cuando, por razones que son materia de investigaci\u00f3n, <strong>golpe\u00f3 con su semirremolque contra el \u00f3mnibus, que trasladaba a 50 personas.<\/strong><\/p>\n\n\n\n<p>Tras la colisi\u00f3n, el colectivo \u00absigui\u00f3 por la banquina y a unos 200 metros frena sobre un \u00e1rbol, en un campo\u00bb, explicaron a T\u00e9lam desde la estaci\u00f3n de Bomberos de la localidad de <strong>Ca\u00f1ada Rosqu\u00edn<\/strong>, que particip\u00f3 del operativo.<\/p>\n\n\n\n<p>Tambi\u00e9n intervinieron bomberos de las localidades de <strong>Carlos Pellegrini y El Tr\u00e9bol<\/strong>.<\/p>\n\n\n\n<p>La investigaci\u00f3n del hecho est\u00e1 en manos de la <strong>Fiscal\u00eda N\u00ba150 de la localidad de San Genaro<\/strong>.<\/p>\n\n\n\n<p>Esta ma\u00f1ana los pasajeros del micro prestaban declaraci\u00f3n mientras aguardaban en el cuartel de Bomberos de Ca\u00f1ada Rosqu\u00edn otro \u00f3mnibus para ser trasladados a Santiago del Estero.&nbsp;<\/p>\n","protected":false},"excerpt":{"rendered":"<p>Cinco personas murieron y otras cuatro sufrieron heridas de gravedad&nbsp;como consecuencia de un&nbsp;siniestro vial entre un \u00f3mnibus de larga distancia y un cami\u00f3n, ocurrido en las \u00faltimas horas de la anoche de este viernes en el kil\u00f3metro 117 de la&nbsp;Ruta Nacional 34, en la provincia de&nbsp;Santa Fe, informaron&nbsp; fuentes oficiales. Las&nbsp;cinco v\u00edctimas fatales&nbsp;se trasladaban en<a class=\"read-more\" href=\"https:\/\/elfederalmendoza.com.ar\/index.php\/2023\/05\/28\/cinco-muertos-en-fatal-choque-entre-un-camion-y-un-micro-en-la-ruta-34\/\"> [&hellip;]<\/a><\/p>\n","protected":false},"author":2,"featured_media":23264,"comment_status":"open","ping_status":"open","sticky":false,"template":"","format":"standard","meta":{"footnotes":""},"categories":[5618],"tags":[],"class_list":["post-23262","post","type-post","status-publish","format-standard","has-post-thumbnail","hentry","category-arg"],"rttpg_featured_image_url":{"full":["https:\/\/elfederalmendoza.com.ar\/wp-content\/uploads\/2023\/05\/torres-hermanos.jpg",1291,593,false],"landscape":["https:\/\/elfederalmendoza.com.ar\/wp-content\/uploads\/2023\/05\/torres-hermanos.jpg",1291,593,false],"portraits":["https:\/\/elfederalmendoza.com.ar\/wp-content\/uploads\/2023\/05\/torres-hermanos.jpg",1291,593,false],"thumbnail":["https:\/\/elfederalmendoza.com.ar\/wp-content\/uploads\/2023\/05\/torres-hermanos-150x150.jpg",150,150,true],"medium":["https:\/\/elfederalmendoza.com.ar\/wp-content\/uploads\/2023\/05\/torres-hermanos-300x138.jpg",300,138,true],"large":["https:\/\/elfederalmendoza.com.ar\/wp-content\/uploads\/2023\/05\/torres-hermanos-1024x470.jpg",640,294,true],"1536x1536":["https:\/\/elfederalmendoza.com.ar\/wp-content\/uploads\/2023\/05\/torres-hermanos.jpg",1291,593,false],"2048x2048":["https:\/\/elfederalmendoza.com.ar\/wp-content\/uploads\/2023\/05\/torres-hermanos.jpg",1291,593,false],"ultp_layout_landscape_large":["https:\/\/elfederalmendoza.com.ar\/wp-content\/uploads\/2023\/05\/torres-hermanos-1200x593.jpg",1200,593,true],"ultp_layout_landscape":["https:\/\/elfederalmendoza.com.ar\/wp-content\/uploads\/2023\/05\/torres-hermanos-870x570.jpg",870,570,true],"ultp_layout_portrait":["https:\/\/elfederalmendoza.com.ar\/wp-content\/uploads\/2023\/05\/torres-hermanos-600x593.jpg",600,593,true],"ultp_layout_square":["https:\/\/elfederalmendoza.com.ar\/wp-content\/uploads\/2023\/05\/torres-hermanos-600x593.jpg",600,593,true],"rpwe-thumbnail":["https:\/\/elfederalmendoza.com.ar\/wp-content\/uploads\/2023\/05\/torres-hermanos-45x45.jpg",45,45,true],"advps-thumb-one":["https:\/\/elfederalmendoza.com.ar\/wp-content\/uploads\/2023\/05\/torres-hermanos-1200x420.jpg",1200,420,true]},"rttpg_author":{"display_name":"Redacci\u00f3n El Federal","author_link":"https:\/\/elfederalmendoza.com.ar\/index.php\/author\/angelflores\/"},"rttpg_comment":0,"rttpg_category":"<a href=\"https:\/\/elfederalmendoza.com.ar\/index.php\/category\/arg\/\" rel=\"category tag\">Argentina<\/a>","rttpg_excerpt":"Cinco personas murieron y otras cuatro sufrieron heridas de gravedad&nbsp;como consecuencia de un&nbsp;siniestro vial entre un \u00f3mnibus de larga distancia y un cami\u00f3n, ocurrido en las \u00faltimas horas de la anoche de este viernes en el kil\u00f3metro 117 de la&nbsp;Ruta Nacional 34, en la provincia de&nbsp;Santa Fe, informaron&nbsp; fuentes oficiales. Las&nbsp;cinco v\u00edctimas fatales&nbsp;se trasladaban en&hellip;","_links":{"self":[{"href":"https:\/\/elfederalmendoza.com.ar\/index.php\/wp-json\/wp\/v2\/posts\/23262","targetHints":{"allow":["GET"]}}],"collection":[{"href":"https:\/\/elfederalmendoza.com.ar\/index.php\/wp-json\/wp\/v2\/posts"}],"about":[{"href":"https:\/\/elfederalmendoza.com.ar\/index.php\/wp-json\/wp\/v2\/types\/post"}],"author":[{"embeddable":true,"href":"https:\/\/elfederalmendoza.com.ar\/index.php\/wp-json\/wp\/v2\/users\/2"}],"replies":[{"embeddable":true,"href":"https:\/\/elfederalmendoza.com.ar\/index.php\/wp-json\/wp\/v2\/comments?post=23262"}],"version-history":[{"count":1,"href":"https:\/\/elfederalmendoza.com.ar\/index.php\/wp-json\/wp\/v2\/posts\/23262\/revisions"}],"predecessor-version":[{"id":23265,"href":"https:\/\/elfederalmendoza.com.ar\/index.php\/wp-json\/wp\/v2\/posts\/23262\/revisions\/23265"}],"wp:featuredmedia":[{"embeddable":true,"href":"https:\/\/elfederalmendoza.com.ar\/index.php\/wp-json\/wp\/v2\/media\/23264"}],"wp:attachment":[{"href":"https:\/\/elfederalmendoza.com.ar\/index.php\/wp-json\/wp\/v2\/media?parent=23262"}],"wp:term":[{"taxonomy":"category","embeddable":true,"href":"https:\/\/elfederalmendoza.com.ar\/index.php\/wp-json\/wp\/v2\/categories?post=23262"},{"taxonomy":"post_tag","embeddable":true,"href":"https:\/\/elfederalmendoza.com.ar\/index.php\/wp-json\/wp\/v2\/tags?post=23262"}],"curies":[{"name":"wp","href":"https:\/\/api.w.org\/{rel}","templated":true}]}}