{"id":23267,"date":"2023-05-28T10:09:34","date_gmt":"2023-05-28T13:09:34","guid":{"rendered":"https:\/\/elfederalmendoza.com\/?p=23267"},"modified":"2023-05-28T10:09:34","modified_gmt":"2023-05-28T13:09:34","slug":"una-senadora-reclamo-que-la-nacion-explique-por-que-aun-no-llega-el-tren-a-mendoza-es-una-burla-mas-a-los-mendocinos","status":"publish","type":"post","link":"https:\/\/elfederalmendoza.com.ar\/index.php\/2023\/05\/28\/una-senadora-reclamo-que-la-nacion-explique-por-que-aun-no-llega-el-tren-a-mendoza-es-una-burla-mas-a-los-mendocinos\/","title":{"rendered":"Una senadora reclam\u00f3 que la Naci\u00f3n explique por qu\u00e9 a\u00fan no llega el tren a Mendoza: \u00abEs una burla m\u00e1s a los mendocinos\u00bb"},"content":{"rendered":"\n<p><strong>El 22 de marzo pasado,<\/strong>\u00a0el presidente\u00a0Alberto Fern\u00e1ndez lleg\u00f3 a la provincia para esperar la llegada del tren de pasajeros\u00a0que\u00a0<strong>retomar\u00eda el recorrido Buenos Aires &#8211; Mendoza<\/strong>, suspendidos en 1992.<\/p>\n\n\n\n<p>El anuncio fue que el&nbsp;<strong>tren de pasajeros comenzar\u00eda a funcionar a partir de abril, pero<\/strong>&nbsp;<strong>eso nunca ocurri\u00f3.<\/strong><\/p>\n\n\n\n<p>Hasta el momento, nadie sabe qu\u00e9 ha pasado con el tren, ni cu\u00e1ndo comenzar\u00e1 a realizar los recorridos, y tampoco&nbsp;<strong>por qu\u00e9 no existe directamente el destino Mendoza<\/strong>&nbsp;en ninguna plataforma, ni en la p\u00e1gina web de Trenes Argentinos.<\/p>\n\n\n\n<figure class=\"wp-block-image\"><img decoding=\"async\" src=\"https:\/\/media.diariouno.com.ar\/p\/e9be2094b02f0e4ee5a9d7241977f9ef\/adjuntos\/298\/imagenes\/009\/131\/0009131756\/1200x0\/smart\/tren-pasajeros-mendoza-buenos-aires-2jpg.jpg\" alt=\"Este es el interior del tren que unir\u00eda Mendoza con Retiro, en Buenos Aires. A\u00fan no hay noticias de cu\u00e1ndo comenzar\u00e1 a funcionar.\" title=\"Este es el interior del tren que unir\u00eda Mendoza con Retiro, en Buenos Aires. A\u00fan no hay noticias de cu\u00e1ndo comenzar\u00e1 a funcionar.\"\/><\/figure>\n\n\n\n<p>Foto: Pablo Gamba<\/p>\n\n\n\n<p>Por este motivo, la senadora y presidenta provisional del Senado,<strong>&nbsp;Natacha Eisenchlas,<\/strong>&nbsp;realiz\u00f3 un proyecto de declaraci\u00f3n&nbsp;<strong>pidiendo a los legisladores nacionales por Mendoza que presenten un pedido de informe al Poder Ejecutivo Nacional para que brinde explicaciones<\/strong>&nbsp;acerca de lo que considera una \u00abburla para los mendocinos\u00bb.<\/p>\n\n\n\n<h2 class=\"wp-block-heading\">El pedido de Eisenchlas sobre el tren de pasajeros<\/h2>\n\n\n\n<p>La senadora explic\u00f3 a Diario UNO que su intenci\u00f3n es que sea el Poder Ejecutivo el encargado de explicar cu\u00e1ndo y c\u00f3mo va a comenzar a funcionar el tren, pero que las potestades de la Provincia son muy pocas al respecto, por eso ha pedido hacerlo a trav\u00e9s de los legisladores nacionales, sin distinci\u00f3n partidaria.<\/p>\n\n\n\n<p>\u00ab<strong>El peronismo hizo una puesta en escena<\/strong>\u00a0reinaugurando el tren y su ausencia es una burla m\u00e1s hacia los mendocinos\u00bb, asegur\u00f3 la senadora, e involucr\u00f3 a todos los legisladores nacionales por Mendoza.<\/p>\n\n\n\n<figure class=\"wp-block-image size-full is-resized\"><img loading=\"lazy\" decoding=\"async\" src=\"https:\/\/elfederalmendoza.com\/wp-content\/uploads\/2023\/05\/tren-mendoza2.jpg\" alt=\"\" class=\"wp-image-23269\" width=\"837\" height=\"421\" srcset=\"https:\/\/elfederalmendoza.com.ar\/wp-content\/uploads\/2023\/05\/tren-mendoza2.jpg 810w, https:\/\/elfederalmendoza.com.ar\/wp-content\/uploads\/2023\/05\/tren-mendoza2-300x151.jpg 300w, https:\/\/elfederalmendoza.com.ar\/wp-content\/uploads\/2023\/05\/tren-mendoza2-768x386.jpg 768w\" sizes=\"auto, (max-width: 837px) 100vw, 837px\" \/><\/figure>\n\n\n\n<p>\u00abSer\u00eda muy importante que todos los senadores, independientemente del partido pol\u00edtico al que pertenezcan, acompa\u00f1en este proyecto. Las autoridades nacionales advertir\u00edan que en este reclamo estamos todos juntos en torno a un tema que nos preocupa, por sobre cualquier otro aspecto\u00bb, sostuvo Eisenchlas.<\/p>\n\n\n\n<p><strong>Tambi\u00e9n describi\u00f3 la venida del Presidente<\/strong>&nbsp;a inaugurar un tren del que ten\u00eda muy pocas certezas&nbsp;<strong>como una \u00abpuesta en escena<\/strong>\u00ab, para la que se mont\u00f3 una parafernalia sin sustento.<\/p>\n\n\n\n<p>\u00abSer\u00eda un acto de respeto y seriedad que el gobierno nacional explicara los motivos tanto de este retraso como de la inexistencia del destino Mendoza en todas y cada una de las alternativas para adquirir un pasaje en Trenes Argentinos\u201d, se explay\u00f3 Eisenchlas.<\/p>\n\n\n\n<h2 class=\"wp-block-heading\">Las idas y vueltas de un tren de pasajeros que no llega<\/h2>\n\n\n\n<p>El&nbsp;<strong>10 de marzo de<\/strong>&nbsp;<strong>1992<\/strong>&nbsp;y durante la presidencia del justicialista Carlos Menem,<strong>&nbsp;el tren de pasajeros<\/strong>&nbsp;que un\u00eda lo que hoy es la estaci\u00f3n centro del Metrotranv\u00eda con la de Retiro, en plena CABA,&nbsp;<strong>dej\u00f3 de funcionar.<\/strong><\/p>\n\n\n\n<p>Era un medio de locomoci\u00f3n muy popular, ya que&nbsp;<strong>en sus vagones, hab\u00eda lugar para los pasajeros de todo tipo de presupuestos y clases sociales<\/strong>: desde pullman y camarotes, donde viajaba la gente m\u00e1s con m\u00e1s dinero, pasando por primera clase, cuyos vagones eran de mediana calidad, hasta la clase turista, en la que los asientos eran de madera y la gente viajaba hasta sentada en el piso.<\/p>\n\n\n\n<figure class=\"wp-block-image\"><img decoding=\"async\" src=\"https:\/\/media.diariouno.com.ar\/p\/eaca1e4a746057a8413c1ce53e5ff787\/adjuntos\/298\/imagenes\/009\/132\/0009132201\/1200x0\/smart\/tren-pasajeros-mendoza-alberto-fernandez-rodolfo-suarezjpg.jpg\" alt=\"La ilusi\u00f3n de muchos mendocinos con el arribo del tren de pasajeros a Mendoza.\" title=\"La ilusi\u00f3n de muchos mendocinos con el arribo del tren de pasajeros a Mendoza.\"\/><\/figure>\n\n\n\n<p>La ilusi\u00f3n de muchos mendocinos con el arribo del tren de pasajeros a Mendoza.<\/p>\n\n\n\n<p>Sin embargo, todos llegaban a destino, y con el dinero que pod\u00edan conseguir.<\/p>\n\n\n\n<p><strong>Los trenes dejaron de pasar y hubo pueblos que viv\u00edan del paso del tren<\/strong>, distritos mendocinos cien por ciento ferroviarios&nbsp;<strong>que se vinieron abajo:<\/strong>&nbsp;uno de ellos fue Palmira, en San Mart\u00edn, y Monte Com\u00e1n, en San Rafael, entre otros.<\/p>\n\n\n\n<p>La&nbsp;<strong>esperanza volvi\u00f3 a encenderse en septiembre de 2022,&nbsp;<\/strong>exactamente 30 a\u00f1os despu\u00e9s del \u00faltimo viaje de Mendoza a Retiro del tren de pasajeros.<\/p>\n\n\n\n<p>En ese momento,<strong>&nbsp;el titular de Trenes Argentinos, Mart\u00edn Marinucci, vino a Mendoza con la misi\u00f3n de reactivar el tren.&nbsp;<\/strong>Lo que hizo fue comprobar el estado de las v\u00edas, con la intenci\u00f3n de que<strong>&nbsp;estuviera activo antes de concluir el verano.<\/strong><\/p>\n\n\n\n<p><strong>En diciembre, Marinucci puso otra fecha posible: en marzo.<\/strong>&nbsp;Esto dio lugar a la inauguraci\u00f3n del servicio, realizada por el presidente Alberto Fern\u00e1ndez,&nbsp;<strong>el 27 de ese mes.<\/strong><\/p>\n\n\n\n<p>Si bien hubo un acto en el que asisti\u00f3 hasta el gobernador Rodolfo Suarez, funcionarios e intendentes -sobre todo de las comunas justicialistas-&nbsp;<strong>la situaci\u00f3n no avanz\u00f3 y nunca se ha podido sacar un pasaje a Buenos Aires en tren,<\/strong>&nbsp;aunque la persona est\u00e9 dispuesta a viajar durante casi 2 jornadas, que es lo que tardar\u00eda un recorrido con la infraestructura actual.<\/p>\n","protected":false},"excerpt":{"rendered":"<p>El 22 de marzo pasado,\u00a0el presidente\u00a0Alberto Fern\u00e1ndez lleg\u00f3 a la provincia para esperar la llegada del tren de pasajeros\u00a0que\u00a0retomar\u00eda el recorrido Buenos Aires &#8211; Mendoza, suspendidos en 1992. El anuncio fue que el&nbsp;tren de pasajeros comenzar\u00eda a funcionar a partir de abril, pero&nbsp;eso nunca ocurri\u00f3. Hasta el momento, nadie sabe qu\u00e9 ha pasado con el<a class=\"read-more\" href=\"https:\/\/elfederalmendoza.com.ar\/index.php\/2023\/05\/28\/una-senadora-reclamo-que-la-nacion-explique-por-que-aun-no-llega-el-tren-a-mendoza-es-una-burla-mas-a-los-mendocinos\/\"> [&hellip;]<\/a><\/p>\n","protected":false},"author":2,"featured_media":23270,"comment_status":"open","ping_status":"open","sticky":false,"template":"","format":"standard","meta":{"footnotes":""},"categories":[1],"tags":[],"class_list":["post-23267","post","type-post","status-publish","format-standard","has-post-thumbnail","hentry","category-mza"],"rttpg_featured_image_url":{"full":["https:\/\/elfederalmendoza.com.ar\/wp-content\/uploads\/2023\/05\/tren-mendoza1.jpg",1283,649,false],"landscape":["https:\/\/elfederalmendoza.com.ar\/wp-content\/uploads\/2023\/05\/tren-mendoza1.jpg",1283,649,false],"portraits":["https:\/\/elfederalmendoza.com.ar\/wp-content\/uploads\/2023\/05\/tren-mendoza1.jpg",1283,649,false],"thumbnail":["https:\/\/elfederalmendoza.com.ar\/wp-content\/uploads\/2023\/05\/tren-mendoza1-150x150.jpg",150,150,true],"medium":["https:\/\/elfederalmendoza.com.ar\/wp-content\/uploads\/2023\/05\/tren-mendoza1-300x152.jpg",300,152,true],"large":["https:\/\/elfederalmendoza.com.ar\/wp-content\/uploads\/2023\/05\/tren-mendoza1-1024x518.jpg",640,324,true],"1536x1536":["https:\/\/elfederalmendoza.com.ar\/wp-content\/uploads\/2023\/05\/tren-mendoza1.jpg",1283,649,false],"2048x2048":["https:\/\/elfederalmendoza.com.ar\/wp-content\/uploads\/2023\/05\/tren-mendoza1.jpg",1283,649,false],"ultp_layout_landscape_large":["https:\/\/elfederalmendoza.com.ar\/wp-content\/uploads\/2023\/05\/tren-mendoza1-1200x649.jpg",1200,649,true],"ultp_layout_landscape":["https:\/\/elfederalmendoza.com.ar\/wp-content\/uploads\/2023\/05\/tren-mendoza1-870x570.jpg",870,570,true],"ultp_layout_portrait":["https:\/\/elfederalmendoza.com.ar\/wp-content\/uploads\/2023\/05\/tren-mendoza1-600x649.jpg",600,649,true],"ultp_layout_square":["https:\/\/elfederalmendoza.com.ar\/wp-content\/uploads\/2023\/05\/tren-mendoza1-600x600.jpg",600,600,true],"rpwe-thumbnail":["https:\/\/elfederalmendoza.com.ar\/wp-content\/uploads\/2023\/05\/tren-mendoza1-45x45.jpg",45,45,true],"advps-thumb-one":["https:\/\/elfederalmendoza.com.ar\/wp-content\/uploads\/2023\/05\/tren-mendoza1-1200x420.jpg",1200,420,true]},"rttpg_author":{"display_name":"Redacci\u00f3n El Federal","author_link":"https:\/\/elfederalmendoza.com.ar\/index.php\/author\/angelflores\/"},"rttpg_comment":0,"rttpg_category":"<a href=\"https:\/\/elfederalmendoza.com.ar\/index.php\/category\/mza\/\" rel=\"category tag\">Mendoza<\/a>","rttpg_excerpt":"El 22 de marzo pasado,\u00a0el presidente\u00a0Alberto Fern\u00e1ndez lleg\u00f3 a la provincia para esperar la llegada del tren de pasajeros\u00a0que\u00a0retomar\u00eda el recorrido Buenos Aires &#8211; Mendoza, suspendidos en 1992. El anuncio fue que el&nbsp;tren de pasajeros comenzar\u00eda a funcionar a partir de abril, pero&nbsp;eso nunca ocurri\u00f3. Hasta el momento, nadie sabe qu\u00e9 ha pasado con el&hellip;","_links":{"self":[{"href":"https:\/\/elfederalmendoza.com.ar\/index.php\/wp-json\/wp\/v2\/posts\/23267","targetHints":{"allow":["GET"]}}],"collection":[{"href":"https:\/\/elfederalmendoza.com.ar\/index.php\/wp-json\/wp\/v2\/posts"}],"about":[{"href":"https:\/\/elfederalmendoza.com.ar\/index.php\/wp-json\/wp\/v2\/types\/post"}],"author":[{"embeddable":true,"href":"https:\/\/elfederalmendoza.com.ar\/index.php\/wp-json\/wp\/v2\/users\/2"}],"replies":[{"embeddable":true,"href":"https:\/\/elfederalmendoza.com.ar\/index.php\/wp-json\/wp\/v2\/comments?post=23267"}],"version-history":[{"count":1,"href":"https:\/\/elfederalmendoza.com.ar\/index.php\/wp-json\/wp\/v2\/posts\/23267\/revisions"}],"predecessor-version":[{"id":23271,"href":"https:\/\/elfederalmendoza.com.ar\/index.php\/wp-json\/wp\/v2\/posts\/23267\/revisions\/23271"}],"wp:featuredmedia":[{"embeddable":true,"href":"https:\/\/elfederalmendoza.com.ar\/index.php\/wp-json\/wp\/v2\/media\/23270"}],"wp:attachment":[{"href":"https:\/\/elfederalmendoza.com.ar\/index.php\/wp-json\/wp\/v2\/media?parent=23267"}],"wp:term":[{"taxonomy":"category","embeddable":true,"href":"https:\/\/elfederalmendoza.com.ar\/index.php\/wp-json\/wp\/v2\/categories?post=23267"},{"taxonomy":"post_tag","embeddable":true,"href":"https:\/\/elfederalmendoza.com.ar\/index.php\/wp-json\/wp\/v2\/tags?post=23267"}],"curies":[{"name":"wp","href":"https:\/\/api.w.org\/{rel}","templated":true}]}}