{"id":23274,"date":"2023-05-28T05:33:00","date_gmt":"2023-05-28T08:33:00","guid":{"rendered":"https:\/\/elfederalmendoza.com\/?p=23274"},"modified":"2023-05-28T10:45:41","modified_gmt":"2023-05-28T13:45:41","slug":"netflix-la-imperdible-y-premiada-miniserie-con-solo-4-capitulos","status":"publish","type":"post","link":"https:\/\/elfederalmendoza.com.ar\/index.php\/2023\/05\/28\/netflix-la-imperdible-y-premiada-miniserie-con-solo-4-capitulos\/","title":{"rendered":"Netflix: La imperdible y premiada miniserie con solo 4 cap\u00edtulos"},"content":{"rendered":"\n<p>Esta miniserie estrenada en el a\u00f1o 2020 fue furor dentro de la plataforma de streaming <strong><a href=\"https:\/\/www.sitioandino.com.ar\/netflix-a1400\" target=\"_blank\" rel=\"noreferrer noopener\">\u00a0Netflix<\/a><\/strong>. Al d\u00eda de hoy, esta producci\u00f3n alemana sigue estando entre las preferencias de los suscriptores de la N roja. Este drama recibi\u00f3 ocho nominaciones al Emmy y gan\u00f3 en la categor\u00eda de mejor direcci\u00f3n en miniserie. Estamos hablando de\u00a0<strong>\u201cPoco Ortodoxa\u201d<\/strong>.<\/p>\n\n\n\n<h2 class=\"wp-block-heading\">Netflix: de qu\u00e9 se trata la miniserie \u201cPoco Ortodoxa\u201d<\/h2>\n\n\n\n<p>\u201c<strong>Cuenta la historia de una joven jud\u00eda ortodoxa originaria de Nueva York, que decide abandonar su matrimonio arreglado y comunidad religiosa para comenzar una nueva vida en Berl\u00edn<\/strong>\u201d narra la sinopsis seg\u00fan el sitio sensacine.<\/p>\n\n\n\n<p>\u201cSin embargo, comenzar de nuevo no ser\u00e1 tan sencillo como imaginaba. Protagonizada por Shira Haas y dirigida por la directora Maria Schrader, este drama televisivo busca abordar temas como la&nbsp;<strong>emancipaci\u00f3n femenina, la b\u00fasqueda de identidad y la sexualidad<\/strong>, todo a trav\u00e9s de los ojos de su protagonista\u201d cierra la descripci\u00f3n.<\/p>\n\n\n\n<h2 class=\"wp-block-heading\">Netflix: qu\u00e9 dijo la cr\u00edtica de la miniserie \u201cPoco Ortodoxa\u201d<\/h2>\n\n\n\n<p>\u00abCuestiona mucho m\u00e1s que el sistema abominablemente patriarcal de la comunidad jas\u00eddica: explora la pesadilla inadvertida de lo cotidiano.&nbsp;<strong>Cuatro trepidantes y, por momentos, en extremos po\u00e9ticos, cap\u00edtulos<\/strong>\u00bb valor\u00f3 el diario El Pa\u00eds.<\/p>\n\n\n\n<p>Para The New York Times \u00abTiene la misma intensidad, especificidad cultural y agudeza psicol\u00f3gica que las series anteriores de Winger. Una&nbsp;<strong>historia emocionante e inquisitiva sobre una mujer desertora<\/strong>\u201d.<\/p>\n\n\n\n<p>\u00abOfrece un recuerdo esclarecedor y trascendente de una mujer jud\u00eda que escap\u00f3 de una comunidad Hasidic en Williamsburg, Nueva York\u201d se\u00f1al\u00f3 el sitio Ready Steady Cut.<\/p>\n\n\n\n<h2 class=\"wp-block-heading\">Netflix: cu\u00e1nto dura la miniserie \u201cPoco Ortodoxa\u201d<\/h2>\n\n\n\n<p>Cuenta con&nbsp;<strong>4 cap\u00edtulos con una duraci\u00f3n promedio de 50 minutos<\/strong>.<\/p>\n\n\n\n<figure class=\"wp-block-image\"><img decoding=\"async\" src=\"https:\/\/media.sitioandino.com.ar\/p\/8090bfee89166ca5ade9b2035b7719c1\/adjuntos\/335\/imagenes\/000\/633\/0000633401\/790x0\/smart\/poco-ortodoxa-internojpg.jpg\" alt=\"\"\/><\/figure>\n\n\n\n<p>\u00abPoco Ortodoxa\u00bb est\u00e1 disponible en Netflix.<\/p>\n\n\n\n<h2 class=\"wp-block-heading\">Netflix: reparto de la miniserie \u201cPoco Ortodoxa\u201d<\/h2>\n\n\n\n<p>Shira Haas<\/p>\n\n\n\n<p>Amit Rahav<\/p>\n\n\n\n<p>Jeff Wilbusch<\/p>\n\n\n\n<p>Direcci\u00f3n: Alexa Karolinski , Anna Winger y Maria Schrader<\/p>\n\n\n\n<h2 class=\"wp-block-heading\">Netflix: tr\u00e1iler de la miniserie de Netflix \u201cPoco Ortodoxa\u201d<\/h2>\n\n\n\n<figure class=\"wp-block-embed is-type-video is-provider-youtube wp-block-embed-youtube wp-embed-aspect-16-9 wp-has-aspect-ratio\"><div class=\"wp-block-embed__wrapper\">\nhttps:\/\/www.youtube.com\/watch?v=c-hEnX6qPZM&#038;t=93s\n<\/div><\/figure>\n","protected":false},"excerpt":{"rendered":"<p>Esta miniserie estrenada en el a\u00f1o 2020 fue furor dentro de la plataforma de streaming \u00a0Netflix. Al d\u00eda de hoy, esta producci\u00f3n alemana sigue estando entre las preferencias de los suscriptores de la N roja. Este drama recibi\u00f3 ocho nominaciones al Emmy y gan\u00f3 en la categor\u00eda de mejor direcci\u00f3n en miniserie. Estamos hablando de\u00a0\u201cPoco<a class=\"read-more\" href=\"https:\/\/elfederalmendoza.com.ar\/index.php\/2023\/05\/28\/netflix-la-imperdible-y-premiada-miniserie-con-solo-4-capitulos\/\"> [&hellip;]<\/a><\/p>\n","protected":false},"author":2,"featured_media":23276,"comment_status":"open","ping_status":"open","sticky":false,"template":"","format":"standard","meta":{"footnotes":""},"categories":[5618],"tags":[],"class_list":["post-23274","post","type-post","status-publish","format-standard","has-post-thumbnail","hentry","category-arg"],"rttpg_featured_image_url":{"full":["https:\/\/elfederalmendoza.com.ar\/wp-content\/uploads\/2023\/05\/poca-ortodoxa.jpg",1114,610,false],"landscape":["https:\/\/elfederalmendoza.com.ar\/wp-content\/uploads\/2023\/05\/poca-ortodoxa.jpg",1114,610,false],"portraits":["https:\/\/elfederalmendoza.com.ar\/wp-content\/uploads\/2023\/05\/poca-ortodoxa.jpg",1114,610,false],"thumbnail":["https:\/\/elfederalmendoza.com.ar\/wp-content\/uploads\/2023\/05\/poca-ortodoxa-150x150.jpg",150,150,true],"medium":["https:\/\/elfederalmendoza.com.ar\/wp-content\/uploads\/2023\/05\/poca-ortodoxa-300x164.jpg",300,164,true],"large":["https:\/\/elfederalmendoza.com.ar\/wp-content\/uploads\/2023\/05\/poca-ortodoxa-1024x561.jpg",640,351,true],"1536x1536":["https:\/\/elfederalmendoza.com.ar\/wp-content\/uploads\/2023\/05\/poca-ortodoxa.jpg",1114,610,false],"2048x2048":["https:\/\/elfederalmendoza.com.ar\/wp-content\/uploads\/2023\/05\/poca-ortodoxa.jpg",1114,610,false],"ultp_layout_landscape_large":["https:\/\/elfederalmendoza.com.ar\/wp-content\/uploads\/2023\/05\/poca-ortodoxa.jpg",1114,610,false],"ultp_layout_landscape":["https:\/\/elfederalmendoza.com.ar\/wp-content\/uploads\/2023\/05\/poca-ortodoxa-870x570.jpg",870,570,true],"ultp_layout_portrait":["https:\/\/elfederalmendoza.com.ar\/wp-content\/uploads\/2023\/05\/poca-ortodoxa-600x610.jpg",600,610,true],"ultp_layout_square":["https:\/\/elfederalmendoza.com.ar\/wp-content\/uploads\/2023\/05\/poca-ortodoxa-600x600.jpg",600,600,true],"rpwe-thumbnail":["https:\/\/elfederalmendoza.com.ar\/wp-content\/uploads\/2023\/05\/poca-ortodoxa-45x45.jpg",45,45,true],"advps-thumb-one":["https:\/\/elfederalmendoza.com.ar\/wp-content\/uploads\/2023\/05\/poca-ortodoxa-1114x420.jpg",1114,420,true]},"rttpg_author":{"display_name":"Redacci\u00f3n El Federal","author_link":"https:\/\/elfederalmendoza.com.ar\/index.php\/author\/angelflores\/"},"rttpg_comment":0,"rttpg_category":"<a href=\"https:\/\/elfederalmendoza.com.ar\/index.php\/category\/arg\/\" rel=\"category tag\">Argentina<\/a>","rttpg_excerpt":"Esta miniserie estrenada en el a\u00f1o 2020 fue furor dentro de la plataforma de streaming \u00a0Netflix. Al d\u00eda de hoy, esta producci\u00f3n alemana sigue estando entre las preferencias de los suscriptores de la N roja. Este drama recibi\u00f3 ocho nominaciones al Emmy y gan\u00f3 en la categor\u00eda de mejor direcci\u00f3n en miniserie. Estamos hablando de\u00a0\u201cPoco&hellip;","_links":{"self":[{"href":"https:\/\/elfederalmendoza.com.ar\/index.php\/wp-json\/wp\/v2\/posts\/23274","targetHints":{"allow":["GET"]}}],"collection":[{"href":"https:\/\/elfederalmendoza.com.ar\/index.php\/wp-json\/wp\/v2\/posts"}],"about":[{"href":"https:\/\/elfederalmendoza.com.ar\/index.php\/wp-json\/wp\/v2\/types\/post"}],"author":[{"embeddable":true,"href":"https:\/\/elfederalmendoza.com.ar\/index.php\/wp-json\/wp\/v2\/users\/2"}],"replies":[{"embeddable":true,"href":"https:\/\/elfederalmendoza.com.ar\/index.php\/wp-json\/wp\/v2\/comments?post=23274"}],"version-history":[{"count":1,"href":"https:\/\/elfederalmendoza.com.ar\/index.php\/wp-json\/wp\/v2\/posts\/23274\/revisions"}],"predecessor-version":[{"id":23277,"href":"https:\/\/elfederalmendoza.com.ar\/index.php\/wp-json\/wp\/v2\/posts\/23274\/revisions\/23277"}],"wp:featuredmedia":[{"embeddable":true,"href":"https:\/\/elfederalmendoza.com.ar\/index.php\/wp-json\/wp\/v2\/media\/23276"}],"wp:attachment":[{"href":"https:\/\/elfederalmendoza.com.ar\/index.php\/wp-json\/wp\/v2\/media?parent=23274"}],"wp:term":[{"taxonomy":"category","embeddable":true,"href":"https:\/\/elfederalmendoza.com.ar\/index.php\/wp-json\/wp\/v2\/categories?post=23274"},{"taxonomy":"post_tag","embeddable":true,"href":"https:\/\/elfederalmendoza.com.ar\/index.php\/wp-json\/wp\/v2\/tags?post=23274"}],"curies":[{"name":"wp","href":"https:\/\/api.w.org\/{rel}","templated":true}]}}