{"id":23279,"date":"2023-05-28T07:24:00","date_gmt":"2023-05-28T10:24:00","guid":{"rendered":"https:\/\/elfederalmendoza.com\/?p=23279"},"modified":"2023-05-28T11:44:39","modified_gmt":"2023-05-28T14:44:39","slug":"videos-el-infernal-golazo-al-real-madrid-de-la-mendocina-estefania-banini-para-el-titulo-del-atletico","status":"publish","type":"post","link":"https:\/\/elfederalmendoza.com.ar\/index.php\/2023\/05\/28\/videos-el-infernal-golazo-al-real-madrid-de-la-mendocina-estefania-banini-para-el-titulo-del-atletico\/","title":{"rendered":"-VIDEOS- El infernal golazo al Real Madrid de la mendocina Estefan\u00eda Banini para el t\u00edtulo del Atl\u00e9tico"},"content":{"rendered":"\n<p>\u00a0La crack mendocina\u00a0<strong>Estefan\u00eda Banini\u00a0<\/strong>se convirti\u00f3 en la\u00a0 hero\u00edna de su equipo, el\u00a0<strong>Atl\u00e9tico de Madrid femenino,<\/strong>\u00a0al convertirle un exquisito gol de tiro libre al<strong>\u00a0Real Madrid<\/strong>, en la final de la Copa de la Reina, en Espa\u00f1a.<\/p>\n\n\n\n<p>En una final infartante, el&nbsp;<strong>Atl\u00e9tico<\/strong>&nbsp;logr\u00f3 mandar el partido a la pr\u00f3rroga, al remontar un 2 a 0 que parec\u00eda cosa sentenciada. Sin embargo, en la segunda mitad, la mendocina&nbsp;<strong>Banini&nbsp;<\/strong>apareci\u00f3 y dej\u00f3 con vida al \u00abAtleti\u00bb.&nbsp;<\/p>\n\n\n\n<figure class=\"wp-block-image is-resized\"><img loading=\"lazy\" decoding=\"async\" src=\"https:\/\/www.mendozapost.com\/files\/image\/484\/484223\/64734cde72916_570_380!.jpg?s=03d400f70531f988e4a4f198dc53528f&amp;d=1685277921\" alt=\"\" width=\"837\" height=\"558\"\/><figcaption class=\"wp-element-caption\">Estefan\u00eda conducci\u00f3n. Partidazo de Banini para ser campeona de Espa\u00f1a.<\/figcaption><\/figure>\n\n\n\n<p>Con la ventaja 2 a 0 para el Real Madrid, ambos goles de cabeza, convertidos por la francesa <strong>Sandie Toletti<\/strong> y por la capitana blanca,<strong> Ivana Andr\u00e9s<\/strong>.<\/p>\n\n\n\n<figure class=\"wp-block-video\"><video controls src=\"https:\/\/elfederalmendoza.com\/wp-content\/uploads\/2023\/05\/xlsAJuRn4FF87csn.mp4\"><\/video><\/figure>\n\n\n\n<p>Luego de la clara desventaja, el Atl\u00e9tico sac\u00f3 su fuego interior, comandado por&nbsp;<strong>Estefan\u00eda Banini<\/strong>, quien hab\u00eda tenido una chance clara en el primer tiempo.&nbsp;<\/p>\n\n\n\n<p>En la segunda mitad,\u00a0<strong>Banini\u00a0<\/strong>se hizo cargo del f\u00fatbol de su equipo y, a poco del final, la mendocina realiz\u00f3 una gran jugada y asisti\u00f3 a su compa\u00f1era Luc\u00eda Moral, quien puso las cosas 2 a 1, a falta de 3 minutos.<\/p>\n\n\n\n<p>Ya en tiempo agregado, cuando se disputaban 95 minutos, un tiro libre para el Atl\u00e9tico de Madrid parec\u00eda ser la \u00faltima posibilidad de las \u00abcolchoneras\u00bb para empatar el encuentro y mandarlo a la pr\u00f3rroga.&nbsp;<\/p>\n\n\n\n<p>Acomod\u00f3 el bal\u00f3n<strong>\u00a0Banini,<\/strong>\u00a0con perfil invertido. Sin embargo, la mendocina sac\u00f3 un tremendo misil que se clav\u00f3 en el \u00e1ngulo superior izquierdo de la arquera del Real, que se estir\u00f3 lo m\u00e1s que pudo y no alcanz\u00f3 a desviar la trayectoria de la pelota. Golazo ag\u00f3nico que envi\u00f3 el partido al tiempo extra.\u00a0<\/p>\n\n\n\n<p>En la pr\u00f3rroga, ambos elencos estaban notablemente cansados y el marcador no sufri\u00f3 modificaciones, por lo que todo se definir\u00eda en los penales, donde las jugadoras del Real Madrid fallaron 3 env\u00edos y las del Atl\u00e9tico convirtieron, para festejar un nuevo t\u00edtulo para el equipo \u00abrojiblanco\u00bb, de la mano de la mendocina\u00a0<strong>Estefan\u00eda Banini<\/strong>.\u00a0<\/p>\n\n\n\n<p><strong>EL RESUMEN DEL PARTIDO<\/strong><\/p>\n\n\n\n<figure class=\"wp-block-embed is-type-video is-provider-youtube wp-block-embed-youtube wp-embed-aspect-16-9 wp-has-aspect-ratio\"><div class=\"wp-block-embed__wrapper\">\n<iframe loading=\"lazy\" title=\"Resumen | Copa de la Reina - Iberdrola | Real Madrid CF 2(1)-2(3) Atl\u00e9tico de Madrid | Final\" width=\"640\" height=\"360\" src=\"https:\/\/www.youtube.com\/embed\/WH-Q4RENiv4?feature=oembed\" frameborder=\"0\" allow=\"accelerometer; autoplay; clipboard-write; encrypted-media; gyroscope; picture-in-picture; web-share\" referrerpolicy=\"strict-origin-when-cross-origin\" allowfullscreen><\/iframe>\n<\/div><\/figure>\n","protected":false},"excerpt":{"rendered":"<p>\u00a0La crack mendocina\u00a0Estefan\u00eda Banini\u00a0se convirti\u00f3 en la\u00a0 hero\u00edna de su equipo, el\u00a0Atl\u00e9tico de Madrid femenino,\u00a0al convertirle un exquisito gol de tiro libre al\u00a0Real Madrid, en la final de la Copa de la Reina, en Espa\u00f1a. En una final infartante, el&nbsp;Atl\u00e9tico&nbsp;logr\u00f3 mandar el partido a la pr\u00f3rroga, al remontar un 2 a 0 que parec\u00eda cosa<a class=\"read-more\" href=\"https:\/\/elfederalmendoza.com.ar\/index.php\/2023\/05\/28\/videos-el-infernal-golazo-al-real-madrid-de-la-mendocina-estefania-banini-para-el-titulo-del-atletico\/\"> [&hellip;]<\/a><\/p>\n","protected":false},"author":2,"featured_media":23282,"comment_status":"open","ping_status":"open","sticky":false,"template":"","format":"standard","meta":{"footnotes":""},"categories":[5620],"tags":[],"class_list":["post-23279","post","type-post","status-publish","format-standard","has-post-thumbnail","hentry","category-deportes"],"rttpg_featured_image_url":{"full":["https:\/\/elfederalmendoza.com.ar\/wp-content\/uploads\/2023\/05\/BANINI.jpg",1149,590,false],"landscape":["https:\/\/elfederalmendoza.com.ar\/wp-content\/uploads\/2023\/05\/BANINI.jpg",1149,590,false],"portraits":["https:\/\/elfederalmendoza.com.ar\/wp-content\/uploads\/2023\/05\/BANINI.jpg",1149,590,false],"thumbnail":["https:\/\/elfederalmendoza.com.ar\/wp-content\/uploads\/2023\/05\/BANINI-150x150.jpg",150,150,true],"medium":["https:\/\/elfederalmendoza.com.ar\/wp-content\/uploads\/2023\/05\/BANINI-300x154.jpg",300,154,true],"large":["https:\/\/elfederalmendoza.com.ar\/wp-content\/uploads\/2023\/05\/BANINI-1024x526.jpg",640,329,true],"1536x1536":["https:\/\/elfederalmendoza.com.ar\/wp-content\/uploads\/2023\/05\/BANINI.jpg",1149,590,false],"2048x2048":["https:\/\/elfederalmendoza.com.ar\/wp-content\/uploads\/2023\/05\/BANINI.jpg",1149,590,false],"ultp_layout_landscape_large":["https:\/\/elfederalmendoza.com.ar\/wp-content\/uploads\/2023\/05\/BANINI.jpg",1149,590,false],"ultp_layout_landscape":["https:\/\/elfederalmendoza.com.ar\/wp-content\/uploads\/2023\/05\/BANINI-870x570.jpg",870,570,true],"ultp_layout_portrait":["https:\/\/elfederalmendoza.com.ar\/wp-content\/uploads\/2023\/05\/BANINI-600x590.jpg",600,590,true],"ultp_layout_square":["https:\/\/elfederalmendoza.com.ar\/wp-content\/uploads\/2023\/05\/BANINI-600x590.jpg",600,590,true],"rpwe-thumbnail":["https:\/\/elfederalmendoza.com.ar\/wp-content\/uploads\/2023\/05\/BANINI-45x45.jpg",45,45,true],"advps-thumb-one":["https:\/\/elfederalmendoza.com.ar\/wp-content\/uploads\/2023\/05\/BANINI-1149x420.jpg",1149,420,true]},"rttpg_author":{"display_name":"Redacci\u00f3n El Federal","author_link":"https:\/\/elfederalmendoza.com.ar\/index.php\/author\/angelflores\/"},"rttpg_comment":0,"rttpg_category":"<a href=\"https:\/\/elfederalmendoza.com.ar\/index.php\/category\/deportes\/\" rel=\"category tag\">Deportes<\/a>","rttpg_excerpt":"\u00a0La crack mendocina\u00a0Estefan\u00eda Banini\u00a0se convirti\u00f3 en la\u00a0 hero\u00edna de su equipo, el\u00a0Atl\u00e9tico de Madrid femenino,\u00a0al convertirle un exquisito gol de tiro libre al\u00a0Real Madrid, en la final de la Copa de la Reina, en Espa\u00f1a. En una final infartante, el&nbsp;Atl\u00e9tico&nbsp;logr\u00f3 mandar el partido a la pr\u00f3rroga, al remontar un 2 a 0 que parec\u00eda cosa&hellip;","_links":{"self":[{"href":"https:\/\/elfederalmendoza.com.ar\/index.php\/wp-json\/wp\/v2\/posts\/23279","targetHints":{"allow":["GET"]}}],"collection":[{"href":"https:\/\/elfederalmendoza.com.ar\/index.php\/wp-json\/wp\/v2\/posts"}],"about":[{"href":"https:\/\/elfederalmendoza.com.ar\/index.php\/wp-json\/wp\/v2\/types\/post"}],"author":[{"embeddable":true,"href":"https:\/\/elfederalmendoza.com.ar\/index.php\/wp-json\/wp\/v2\/users\/2"}],"replies":[{"embeddable":true,"href":"https:\/\/elfederalmendoza.com.ar\/index.php\/wp-json\/wp\/v2\/comments?post=23279"}],"version-history":[{"count":1,"href":"https:\/\/elfederalmendoza.com.ar\/index.php\/wp-json\/wp\/v2\/posts\/23279\/revisions"}],"predecessor-version":[{"id":23283,"href":"https:\/\/elfederalmendoza.com.ar\/index.php\/wp-json\/wp\/v2\/posts\/23279\/revisions\/23283"}],"wp:featuredmedia":[{"embeddable":true,"href":"https:\/\/elfederalmendoza.com.ar\/index.php\/wp-json\/wp\/v2\/media\/23282"}],"wp:attachment":[{"href":"https:\/\/elfederalmendoza.com.ar\/index.php\/wp-json\/wp\/v2\/media?parent=23279"}],"wp:term":[{"taxonomy":"category","embeddable":true,"href":"https:\/\/elfederalmendoza.com.ar\/index.php\/wp-json\/wp\/v2\/categories?post=23279"},{"taxonomy":"post_tag","embeddable":true,"href":"https:\/\/elfederalmendoza.com.ar\/index.php\/wp-json\/wp\/v2\/tags?post=23279"}],"curies":[{"name":"wp","href":"https:\/\/api.w.org\/{rel}","templated":true}]}}