{"id":23294,"date":"2023-05-29T09:28:04","date_gmt":"2023-05-29T12:28:04","guid":{"rendered":"https:\/\/elfederalmendoza.com\/?p=23294"},"modified":"2023-05-29T09:28:05","modified_gmt":"2023-05-29T12:28:05","slug":"massa-y-maximo-kirchner-estrenan-el-avion-presidencial-en-un-viaje-a-china","status":"publish","type":"post","link":"https:\/\/elfederalmendoza.com.ar\/index.php\/2023\/05\/29\/massa-y-maximo-kirchner-estrenan-el-avion-presidencial-en-un-viaje-a-china\/","title":{"rendered":"Massa y M\u00e1ximo Kirchner estrenan el avi\u00f3n presidencial en un viaje a China"},"content":{"rendered":"\n<p>En la comitiva van adem\u00e1s<strong> Miguel Pesce, Cecilia Moreau y Juan Manuel Olmos<\/strong>, entre otros. Buscar\u00e1n sumar inversiones en generaci\u00f3n de energ\u00eda, en miner\u00eda y en transporte ferroviario de carga.<\/p>\n\n\n\n<p>El ministro de Econom\u00eda,\u00a0<strong>Sergio Massa<\/strong>, parti\u00f3 a China junto con una delegaci\u00f3n de funcionarios y legisladores, entre ellos el diputado y titular del PJ bonaerense <strong>M\u00e1ximo Kirchner<\/strong>, para participar de una reuni\u00f3n del Nuevo Banco de Desarrollo (NBD), la entidad financiera de los Brics, y consolidar acuerdos que ampl\u00eden el uso de los yuanes provistos por el swap para el intercambio comercial con el gigante asi\u00e1tico y con Brasil.<\/p>\n\n\n\n<p>La delegaci\u00f3n encabezada por Massa llegar\u00e1 este martes a la ciudad de Shangh\u00e1i para mantener una agenda intensa que seguir\u00e1 luego en Beijing y que prev\u00e9, junto con la ampliaci\u00f3n del acuerdo que ya est\u00e1 en marcha para la utilizaci\u00f3n de US$ 5.000 millones del total aproximado de US$ 18.000 millones, sumar inversiones en generaci\u00f3n de energ\u00eda, en miner\u00eda y en transporte ferroviario de carga.<\/p>\n\n\n\n<figure class=\"wp-block-image is-resized\"><img loading=\"lazy\" decoding=\"async\" src=\"https:\/\/www.mendozapost.com\/files\/image\/484\/484095\/647243efafb2c_570_427!.jpg?s=2a48aa1667cd4ef6d85e957219e2fc4a&amp;d=1685357388\" alt=\"\" width=\"834\" height=\"625\"\/><figcaption class=\"wp-element-caption\">Massa y Wado de Pedro este fin de semana.<\/figcaption><\/figure>\n\n\n\n<p>Tambi\u00e9n est\u00e1 previsto un encuentro con directivos de la empresa China Gezhouba Group Corporation (CGGC) para monitorear el estado de ejecuci\u00f3n de las obras de las represas del r\u00edo Santa Cruz, como tambi\u00e9n anunciar el incremento de las exportaciones argentinas en el rubro de la carne y derivados con la apertura de nuevos mercados por parte de la Rep\u00fablica Popular, informaron fuentes diplom\u00e1ticas y de Econom\u00eda.<\/p>\n\n\n\n<p>La jornada continuar\u00e1 con una reuni\u00f3n de trabajo junto a los representantes de la Empresa Power China, que tendr\u00e1 como hilo conductor una bater\u00eda de proyectos referidos al desarrollo energ\u00e9tico del pa\u00eds.<\/p>\n\n\n\n<h2 class=\"wp-block-heading\"><strong>La comitiva<\/strong><\/h2>\n\n\n\n<p>En la comitiva que partir\u00e1 el domingo por la tarde estar\u00e1n Massa, su par de Transporte, Diego Giuliano; el presidente del BCRA, Miguel Pesce; el vicejefe de Gabinete Juan Manuel Olmos, la titular de la C\u00e1mara de Diputados, Cecilia Moreau; los secretarios de Energ\u00eda y Agricultura, Flavia Royon y Juan Jos\u00e9 Bahillo, como tambi\u00e9n el secretario de Asuntos Econ\u00f3micos y Financieros, Marco Lavagna.<\/p>\n\n\n\n<p>Con la presencia del legislador M\u00e1ximo Kirchner como dato pol\u00edtico, la comitiva se completa con el titular de la empresa Enarsa (Energ\u00eda Argentina) Agust\u00edn Gerez; el subsecretario de Relaciones Financieras Internacionales, Leandro Gorgal; y los tambi\u00e9n diputados nacionales Paula Penacca (Frente de Todos-CABA) y Diego Sartori (Frente para la Concordia de Misiones).<\/p>\n\n\n\n<h2 class=\"wp-block-heading\"><strong>Agenda<\/strong><\/h2>\n\n\n\n<p>Durante su estad\u00eda de seis d\u00edas en dos de las ciudades m\u00e1s grandes de China, Massa mantendr\u00e1 reuniones con el directorio de las empresas CET-State Grid Corporation, la mayor distribuidora de electricidad de ese pa\u00eds; Tibet Summit Resources (minera); Ganfeng Lithium, la mayor productora de litio de China y la tercera m\u00e1s grande del mundo, y Tsinghan Holding Group (productora de acero y n\u00edquel).<\/p>\n\n\n\n<p>El objetivo de la sucesi\u00f3n de reuniones es \u00abpromover inversiones en distintas provincias argentinas vinculadas con el desarrollo de la miner\u00eda\u00bb, informaron desde el Palacio de Hacienda.<\/p>\n\n\n\n<p>Massa tambi\u00e9n se reunir\u00e1 con diversas autoridades del Gobierno de Xi Jimping y de varios entes gubernamentales, entre ellos el ministro de Finanzas, Liu Kun; su par de Comercio, Wang Wentao; el viceministro de la Aduana, Wang Lingjun; el gobernador del Banco Popular de China (PBoC), Yi Gang, con quien abordar\u00e1 la cuesti\u00f3n de renovar y ampliar el swap de monedas con China.<\/p>\n\n\n\n<p>Otro encuentro relevante, sobre el que est\u00e1n depositadas expectativas, ser\u00e1 el que Massa mantendr\u00e1 con la expresidenta de Brasil y actual titular del Nuevo Banco de Desarrollo de los Brics, Dilma Rousseff: la cita ser\u00e1 el jueves en Shangh\u00e1i.<\/p>\n\n\n\n<p>Desde las prioridades del gigante asi\u00e1tico, un momento clave de la visita ser\u00e1 la firma del Plan de Cooperaci\u00f3n de la Franja y la Ruta, que Massa suscribir\u00e1 en representaci\u00f3n del Estado argentino junto con el presidente de la comisi\u00f3n nacional de Desarrollo y Reforma, Zheng Shanjie.<\/p>\n\n\n\n<p>La Iniciativa de la Franja y de la Ruta, conocida tambi\u00e9n como Ruta de la Seda, es un proyecto comercial y financiero que Beijing considera estrat\u00e9gico y que consiste, entre otros puntos, en la facilitaci\u00f3n de financiamiento por parte de bancos chinos para obras de infraestructura de gran escala en distintas partes del planeta.<\/p>\n\n\n\n<p>La Argentina adhiri\u00f3 a esa Iniciativa junto con decenas de pa\u00edses del mundo, y luego formaliz\u00f3 esa adhesi\u00f3n con la publicaci\u00f3n en abril de 2022 del Memor\u00e1ndum de Entendimiento en el Bolet\u00edn Oficial, que entre otros objetivos apunta a fomentar el uso de las \u00abmonedas nacionales\u00bb en las inversiones y el comercio bilateral.<\/p>\n\n\n\n<p>Entre el martes 30 de mayo y el jueves 1\u00ba de junio, Massa concentrar\u00e1 sus actividades en Shanghai, donde se encontrar\u00e1 con los representantes de las empresas privadas y estatales chinas y con Dilma Rousseff; a partir del viernes 2 y hasta el s\u00e1bado se dedicar\u00e1 a los encuentros con los representantes del Gobierno chino.<\/p>\n\n\n\n<figure class=\"wp-block-image is-resized\"><img loading=\"lazy\" decoding=\"async\" src=\"https:\/\/www.mendozapost.com\/files\/image\/285\/285266\/5fe7164951657_570_321!.png?s=504fc25ceef03ee664824993aaa90158&amp;d=1638341204\" alt=\"\" width=\"838\" height=\"472\"\/><figcaption class=\"wp-element-caption\">El embajador argentino en China, Sabino Vaca Narvaja, recibir\u00e1 a la comitiva.<\/figcaption><\/figure>\n","protected":false},"excerpt":{"rendered":"<p>En la comitiva van adem\u00e1s Miguel Pesce, Cecilia Moreau y Juan Manuel Olmos, entre otros. Buscar\u00e1n sumar inversiones en generaci\u00f3n de energ\u00eda, en miner\u00eda y en transporte ferroviario de carga. El ministro de Econom\u00eda,\u00a0Sergio Massa, parti\u00f3 a China junto con una delegaci\u00f3n de funcionarios y legisladores, entre ellos el diputado y titular del PJ bonaerense<a class=\"read-more\" href=\"https:\/\/elfederalmendoza.com.ar\/index.php\/2023\/05\/29\/massa-y-maximo-kirchner-estrenan-el-avion-presidencial-en-un-viaje-a-china\/\"> [&hellip;]<\/a><\/p>\n","protected":false},"author":2,"featured_media":23296,"comment_status":"open","ping_status":"open","sticky":false,"template":"","format":"standard","meta":{"footnotes":""},"categories":[5618],"tags":[],"class_list":["post-23294","post","type-post","status-publish","format-standard","has-post-thumbnail","hentry","category-arg"],"rttpg_featured_image_url":{"full":["https:\/\/elfederalmendoza.com.ar\/wp-content\/uploads\/2023\/05\/MASSA-MAXIMO.jpg",778,514,false],"landscape":["https:\/\/elfederalmendoza.com.ar\/wp-content\/uploads\/2023\/05\/MASSA-MAXIMO.jpg",778,514,false],"portraits":["https:\/\/elfederalmendoza.com.ar\/wp-content\/uploads\/2023\/05\/MASSA-MAXIMO.jpg",778,514,false],"thumbnail":["https:\/\/elfederalmendoza.com.ar\/wp-content\/uploads\/2023\/05\/MASSA-MAXIMO-150x150.jpg",150,150,true],"medium":["https:\/\/elfederalmendoza.com.ar\/wp-content\/uploads\/2023\/05\/MASSA-MAXIMO-300x198.jpg",300,198,true],"large":["https:\/\/elfederalmendoza.com.ar\/wp-content\/uploads\/2023\/05\/MASSA-MAXIMO.jpg",640,423,false],"1536x1536":["https:\/\/elfederalmendoza.com.ar\/wp-content\/uploads\/2023\/05\/MASSA-MAXIMO.jpg",778,514,false],"2048x2048":["https:\/\/elfederalmendoza.com.ar\/wp-content\/uploads\/2023\/05\/MASSA-MAXIMO.jpg",778,514,false],"ultp_layout_landscape_large":["https:\/\/elfederalmendoza.com.ar\/wp-content\/uploads\/2023\/05\/MASSA-MAXIMO.jpg",778,514,false],"ultp_layout_landscape":["https:\/\/elfederalmendoza.com.ar\/wp-content\/uploads\/2023\/05\/MASSA-MAXIMO.jpg",778,514,false],"ultp_layout_portrait":["https:\/\/elfederalmendoza.com.ar\/wp-content\/uploads\/2023\/05\/MASSA-MAXIMO-600x514.jpg",600,514,true],"ultp_layout_square":["https:\/\/elfederalmendoza.com.ar\/wp-content\/uploads\/2023\/05\/MASSA-MAXIMO-600x514.jpg",600,514,true],"rpwe-thumbnail":["https:\/\/elfederalmendoza.com.ar\/wp-content\/uploads\/2023\/05\/MASSA-MAXIMO-45x45.jpg",45,45,true],"advps-thumb-one":["https:\/\/elfederalmendoza.com.ar\/wp-content\/uploads\/2023\/05\/MASSA-MAXIMO-778x420.jpg",778,420,true]},"rttpg_author":{"display_name":"Redacci\u00f3n El Federal","author_link":"https:\/\/elfederalmendoza.com.ar\/index.php\/author\/angelflores\/"},"rttpg_comment":0,"rttpg_category":"<a href=\"https:\/\/elfederalmendoza.com.ar\/index.php\/category\/arg\/\" rel=\"category tag\">Argentina<\/a>","rttpg_excerpt":"En la comitiva van adem\u00e1s Miguel Pesce, Cecilia Moreau y Juan Manuel Olmos, entre otros. Buscar\u00e1n sumar inversiones en generaci\u00f3n de energ\u00eda, en miner\u00eda y en transporte ferroviario de carga. El ministro de Econom\u00eda,\u00a0Sergio Massa, parti\u00f3 a China junto con una delegaci\u00f3n de funcionarios y legisladores, entre ellos el diputado y titular del PJ bonaerense&hellip;","_links":{"self":[{"href":"https:\/\/elfederalmendoza.com.ar\/index.php\/wp-json\/wp\/v2\/posts\/23294","targetHints":{"allow":["GET"]}}],"collection":[{"href":"https:\/\/elfederalmendoza.com.ar\/index.php\/wp-json\/wp\/v2\/posts"}],"about":[{"href":"https:\/\/elfederalmendoza.com.ar\/index.php\/wp-json\/wp\/v2\/types\/post"}],"author":[{"embeddable":true,"href":"https:\/\/elfederalmendoza.com.ar\/index.php\/wp-json\/wp\/v2\/users\/2"}],"replies":[{"embeddable":true,"href":"https:\/\/elfederalmendoza.com.ar\/index.php\/wp-json\/wp\/v2\/comments?post=23294"}],"version-history":[{"count":1,"href":"https:\/\/elfederalmendoza.com.ar\/index.php\/wp-json\/wp\/v2\/posts\/23294\/revisions"}],"predecessor-version":[{"id":23298,"href":"https:\/\/elfederalmendoza.com.ar\/index.php\/wp-json\/wp\/v2\/posts\/23294\/revisions\/23298"}],"wp:featuredmedia":[{"embeddable":true,"href":"https:\/\/elfederalmendoza.com.ar\/index.php\/wp-json\/wp\/v2\/media\/23296"}],"wp:attachment":[{"href":"https:\/\/elfederalmendoza.com.ar\/index.php\/wp-json\/wp\/v2\/media?parent=23294"}],"wp:term":[{"taxonomy":"category","embeddable":true,"href":"https:\/\/elfederalmendoza.com.ar\/index.php\/wp-json\/wp\/v2\/categories?post=23294"},{"taxonomy":"post_tag","embeddable":true,"href":"https:\/\/elfederalmendoza.com.ar\/index.php\/wp-json\/wp\/v2\/tags?post=23294"}],"curies":[{"name":"wp","href":"https:\/\/api.w.org\/{rel}","templated":true}]}}