{"id":23312,"date":"2023-05-30T12:37:31","date_gmt":"2023-05-30T15:37:31","guid":{"rendered":"https:\/\/elfederalmendoza.com\/?p=23312"},"modified":"2023-05-30T12:37:32","modified_gmt":"2023-05-30T15:37:32","slug":"camioneros-amenazan-con-cortar-la-ruta-a-chile-denuncian-malos-tratos-en-la-frontera","status":"publish","type":"post","link":"https:\/\/elfederalmendoza.com.ar\/index.php\/2023\/05\/30\/camioneros-amenazan-con-cortar-la-ruta-a-chile-denuncian-malos-tratos-en-la-frontera\/","title":{"rendered":"Camioneros amenazan con cortar la ruta a Chile: denuncian malos tratos en la frontera"},"content":{"rendered":"\n<p>La<strong>&nbsp;Asociaci\u00f3n Civil de Camioneros Unidos Mendoza<\/strong>&nbsp;(ACCUM) ha manifestado su desasosiego a trav\u00e9s de un comunicado manifest\u00e1ndose con respecto al trato recibido por parte de las autoridades encargadas de la coordinaci\u00f3n en la apertura y cierre del&nbsp;<strong>Paso Internacional Cristo Redentor.<\/strong><\/p>\n\n\n\n<p>Denuncian que desde Argentina y Chile hay una \u201cinexistente empat\u00eda para con los conductores de camiones por quienes toman las decisiones, dej\u00e1ndonos siempre por debajo de quienes transitan dicho paso\u201d. Adem\u00e1s, acusan al coordinador chileno de tomar decisiones arbitrarias \u201ca la hora de decidir el horario del cruce invernal\u00bb.<\/p>\n\n\n\n<p>Ante lo comunicado y frente a las \u201cfalencias que vivimos por parte de Aduana y los otros entes que complementan el ACI Uspallata\u201d es que han decidido un cese de actividades a partir de las 00 del d\u00eda 30 de mayo.<\/p>\n\n\n\n<figure class=\"wp-block-image size-large\"><img loading=\"lazy\" decoding=\"async\" width=\"728\" height=\"1024\" src=\"https:\/\/elfederalmendoza.com\/wp-content\/uploads\/2023\/05\/image-9-728x1024.png\" alt=\"\" class=\"wp-image-23314\" srcset=\"https:\/\/elfederalmendoza.com.ar\/wp-content\/uploads\/2023\/05\/image-9-728x1024.png 728w, https:\/\/elfederalmendoza.com.ar\/wp-content\/uploads\/2023\/05\/image-9-213x300.png 213w, https:\/\/elfederalmendoza.com.ar\/wp-content\/uploads\/2023\/05\/image-9-768x1080.png 768w, https:\/\/elfederalmendoza.com.ar\/wp-content\/uploads\/2023\/05\/image-9.png 780w\" sizes=\"auto, (max-width: 728px) 100vw, 728px\" \/><\/figure>\n\n\n\n<p>Por otro lado, la\u00a0<strong>Asociaci\u00f3n Propietarios de Camiones de Mendoza<\/strong>\u00a0(APROCAM) han manifestado que no participar\u00e1n del paro convocado por ACCUM.<\/p>\n\n\n\n<figure class=\"wp-block-image size-full\"><img loading=\"lazy\" decoding=\"async\" width=\"780\" height=\"975\" src=\"https:\/\/elfederalmendoza.com\/wp-content\/uploads\/2023\/05\/image-10.png\" alt=\"\" class=\"wp-image-23315\" srcset=\"https:\/\/elfederalmendoza.com.ar\/wp-content\/uploads\/2023\/05\/image-10.png 780w, https:\/\/elfederalmendoza.com.ar\/wp-content\/uploads\/2023\/05\/image-10-240x300.png 240w, https:\/\/elfederalmendoza.com.ar\/wp-content\/uploads\/2023\/05\/image-10-768x960.png 768w\" sizes=\"auto, (max-width: 780px) 100vw, 780px\" \/><\/figure>\n","protected":false},"excerpt":{"rendered":"<p>La&nbsp;Asociaci\u00f3n Civil de Camioneros Unidos Mendoza&nbsp;(ACCUM) ha manifestado su desasosiego a trav\u00e9s de un comunicado manifest\u00e1ndose con respecto al trato recibido por parte de las autoridades encargadas de la coordinaci\u00f3n en la apertura y cierre del&nbsp;Paso Internacional Cristo Redentor. Denuncian que desde Argentina y Chile hay una \u201cinexistente empat\u00eda para con los conductores de camiones<a class=\"read-more\" href=\"https:\/\/elfederalmendoza.com.ar\/index.php\/2023\/05\/30\/camioneros-amenazan-con-cortar-la-ruta-a-chile-denuncian-malos-tratos-en-la-frontera\/\"> [&hellip;]<\/a><\/p>\n","protected":false},"author":2,"featured_media":23318,"comment_status":"open","ping_status":"open","sticky":false,"template":"","format":"standard","meta":{"footnotes":""},"categories":[1],"tags":[],"class_list":["post-23312","post","type-post","status-publish","format-standard","has-post-thumbnail","hentry","category-mza"],"rttpg_featured_image_url":{"full":["https:\/\/elfederalmendoza.com.ar\/wp-content\/uploads\/2023\/05\/adbnsrgn.jpg",650,488,false],"landscape":["https:\/\/elfederalmendoza.com.ar\/wp-content\/uploads\/2023\/05\/adbnsrgn.jpg",650,488,false],"portraits":["https:\/\/elfederalmendoza.com.ar\/wp-content\/uploads\/2023\/05\/adbnsrgn.jpg",650,488,false],"thumbnail":["https:\/\/elfederalmendoza.com.ar\/wp-content\/uploads\/2023\/05\/adbnsrgn-150x150.jpg",150,150,true],"medium":["https:\/\/elfederalmendoza.com.ar\/wp-content\/uploads\/2023\/05\/adbnsrgn-300x225.jpg",300,225,true],"large":["https:\/\/elfederalmendoza.com.ar\/wp-content\/uploads\/2023\/05\/adbnsrgn.jpg",640,480,false],"1536x1536":["https:\/\/elfederalmendoza.com.ar\/wp-content\/uploads\/2023\/05\/adbnsrgn.jpg",650,488,false],"2048x2048":["https:\/\/elfederalmendoza.com.ar\/wp-content\/uploads\/2023\/05\/adbnsrgn.jpg",650,488,false],"ultp_layout_landscape_large":["https:\/\/elfederalmendoza.com.ar\/wp-content\/uploads\/2023\/05\/adbnsrgn.jpg",650,488,false],"ultp_layout_landscape":["https:\/\/elfederalmendoza.com.ar\/wp-content\/uploads\/2023\/05\/adbnsrgn.jpg",650,488,false],"ultp_layout_portrait":["https:\/\/elfederalmendoza.com.ar\/wp-content\/uploads\/2023\/05\/adbnsrgn-600x488.jpg",600,488,true],"ultp_layout_square":["https:\/\/elfederalmendoza.com.ar\/wp-content\/uploads\/2023\/05\/adbnsrgn-600x488.jpg",600,488,true],"rpwe-thumbnail":["https:\/\/elfederalmendoza.com.ar\/wp-content\/uploads\/2023\/05\/adbnsrgn-45x45.jpg",45,45,true],"advps-thumb-one":["https:\/\/elfederalmendoza.com.ar\/wp-content\/uploads\/2023\/05\/adbnsrgn-650x420.jpg",650,420,true]},"rttpg_author":{"display_name":"Redacci\u00f3n El Federal","author_link":"https:\/\/elfederalmendoza.com.ar\/index.php\/author\/angelflores\/"},"rttpg_comment":0,"rttpg_category":"<a href=\"https:\/\/elfederalmendoza.com.ar\/index.php\/category\/mza\/\" rel=\"category tag\">Mendoza<\/a>","rttpg_excerpt":"La&nbsp;Asociaci\u00f3n Civil de Camioneros Unidos Mendoza&nbsp;(ACCUM) ha manifestado su desasosiego a trav\u00e9s de un comunicado manifest\u00e1ndose con respecto al trato recibido por parte de las autoridades encargadas de la coordinaci\u00f3n en la apertura y cierre del&nbsp;Paso Internacional Cristo Redentor. Denuncian que desde Argentina y Chile hay una \u201cinexistente empat\u00eda para con los conductores de camiones&hellip;","_links":{"self":[{"href":"https:\/\/elfederalmendoza.com.ar\/index.php\/wp-json\/wp\/v2\/posts\/23312","targetHints":{"allow":["GET"]}}],"collection":[{"href":"https:\/\/elfederalmendoza.com.ar\/index.php\/wp-json\/wp\/v2\/posts"}],"about":[{"href":"https:\/\/elfederalmendoza.com.ar\/index.php\/wp-json\/wp\/v2\/types\/post"}],"author":[{"embeddable":true,"href":"https:\/\/elfederalmendoza.com.ar\/index.php\/wp-json\/wp\/v2\/users\/2"}],"replies":[{"embeddable":true,"href":"https:\/\/elfederalmendoza.com.ar\/index.php\/wp-json\/wp\/v2\/comments?post=23312"}],"version-history":[{"count":1,"href":"https:\/\/elfederalmendoza.com.ar\/index.php\/wp-json\/wp\/v2\/posts\/23312\/revisions"}],"predecessor-version":[{"id":23319,"href":"https:\/\/elfederalmendoza.com.ar\/index.php\/wp-json\/wp\/v2\/posts\/23312\/revisions\/23319"}],"wp:featuredmedia":[{"embeddable":true,"href":"https:\/\/elfederalmendoza.com.ar\/index.php\/wp-json\/wp\/v2\/media\/23318"}],"wp:attachment":[{"href":"https:\/\/elfederalmendoza.com.ar\/index.php\/wp-json\/wp\/v2\/media?parent=23312"}],"wp:term":[{"taxonomy":"category","embeddable":true,"href":"https:\/\/elfederalmendoza.com.ar\/index.php\/wp-json\/wp\/v2\/categories?post=23312"},{"taxonomy":"post_tag","embeddable":true,"href":"https:\/\/elfederalmendoza.com.ar\/index.php\/wp-json\/wp\/v2\/tags?post=23312"}],"curies":[{"name":"wp","href":"https:\/\/api.w.org\/{rel}","templated":true}]}}