{"id":23773,"date":"2023-06-09T11:21:03","date_gmt":"2023-06-09T14:21:03","guid":{"rendered":"https:\/\/elfederalmendoza.com\/?p=23773"},"modified":"2023-06-09T11:21:04","modified_gmt":"2023-06-09T14:21:04","slug":"tragedia-en-las-heras-un-motociclista-y-su-hijita-de-7-anos-murieron-en-un-accidente","status":"publish","type":"post","link":"https:\/\/elfederalmendoza.com.ar\/index.php\/2023\/06\/09\/tragedia-en-las-heras-un-motociclista-y-su-hijita-de-7-anos-murieron-en-un-accidente\/","title":{"rendered":"Tragedia en Las Heras: un motociclista y su hijita de 7 a\u00f1os murieron en un accidente"},"content":{"rendered":"\n<p>Luego de la bajada del viento Zonda al llano esta madrugada y en medio de los destrozos que ocasion\u00f3 en el Gran Mendoza,\u00a0<mark><strong>un hombre de 32 a\u00f1os y su peque\u00f1a hija de 7 murieron al chocar su moto contra un auto<\/strong>\u00a0<\/mark>en calle Olascoaga de Las Heras.<\/p>\n\n\n\n<p>A partir de una denuncia al 911, personal policial se acerc\u00f3 a la esquina de <strong>calle Olascoaga y Coronel Moyano<\/strong>, ya que cerca de las 9 y media de la ma\u00f1ana se produjo una colisi\u00f3n entre un auto y una moto.<\/p>\n\n\n\n<figure class=\"wp-block-image\"><img decoding=\"async\" src=\"https:\/\/i0.wp.com\/newspack-elsol.s3.amazonaws.com\/wp-content\/uploads\/2023\/06\/Accidente-Olascoaga-Independencia-02-1024x576.jpg?resize=780%2C439&amp;ssl=1\" alt=\"\" class=\"wp-image-1839564\"\/><\/figure>\n\n\n\n<p>Un hombre de 26 a\u00f1os, que circulaba en su moto junto a su hija de 6, choc\u00f3 contra un auto y<strong>\u00a0<mark>ambos quedaron atrapados debajo del rodado.<\/mark><\/strong><\/p>\n\n\n\n<p>El conductor falleci\u00f3 en el lugar y la ni\u00f1a fue rescatada por los efectivos policiales y debi\u00f3 ser trasladada al Hospital Carrillo con politraumatismos graves.<strong>\u00a0<mark>Pocas horas despu\u00e9s del accidente, confirmaron su fallecimiento.<\/mark><\/strong><\/p>\n\n\n\n<p>Quien manejaba veh\u00edculo fue trasladado a la Comisar\u00eda 36 de Las Heras.<\/p>\n","protected":false},"excerpt":{"rendered":"<p>Luego de la bajada del viento Zonda al llano esta madrugada y en medio de los destrozos que ocasion\u00f3 en el Gran Mendoza,\u00a0un hombre de 32 a\u00f1os y su peque\u00f1a hija de 7 murieron al chocar su moto contra un auto\u00a0en calle Olascoaga de Las Heras. A partir de una denuncia al 911, personal policial<a class=\"read-more\" href=\"https:\/\/elfederalmendoza.com.ar\/index.php\/2023\/06\/09\/tragedia-en-las-heras-un-motociclista-y-su-hijita-de-7-anos-murieron-en-un-accidente\/\"> [&hellip;]<\/a><\/p>\n","protected":false},"author":2,"featured_media":23775,"comment_status":"open","ping_status":"open","sticky":false,"template":"","format":"standard","meta":{"footnotes":""},"categories":[1],"tags":[],"class_list":["post-23773","post","type-post","status-publish","format-standard","has-post-thumbnail","hentry","category-mza"],"rttpg_featured_image_url":{"full":["https:\/\/elfederalmendoza.com.ar\/wp-content\/uploads\/2023\/06\/tragedia-en-las-heras.jpg",1186,629,false],"landscape":["https:\/\/elfederalmendoza.com.ar\/wp-content\/uploads\/2023\/06\/tragedia-en-las-heras.jpg",1186,629,false],"portraits":["https:\/\/elfederalmendoza.com.ar\/wp-content\/uploads\/2023\/06\/tragedia-en-las-heras.jpg",1186,629,false],"thumbnail":["https:\/\/elfederalmendoza.com.ar\/wp-content\/uploads\/2023\/06\/tragedia-en-las-heras-150x150.jpg",150,150,true],"medium":["https:\/\/elfederalmendoza.com.ar\/wp-content\/uploads\/2023\/06\/tragedia-en-las-heras-300x159.jpg",300,159,true],"large":["https:\/\/elfederalmendoza.com.ar\/wp-content\/uploads\/2023\/06\/tragedia-en-las-heras-1024x543.jpg",640,339,true],"1536x1536":["https:\/\/elfederalmendoza.com.ar\/wp-content\/uploads\/2023\/06\/tragedia-en-las-heras.jpg",1186,629,false],"2048x2048":["https:\/\/elfederalmendoza.com.ar\/wp-content\/uploads\/2023\/06\/tragedia-en-las-heras.jpg",1186,629,false],"ultp_layout_landscape_large":["https:\/\/elfederalmendoza.com.ar\/wp-content\/uploads\/2023\/06\/tragedia-en-las-heras.jpg",1186,629,false],"ultp_layout_landscape":["https:\/\/elfederalmendoza.com.ar\/wp-content\/uploads\/2023\/06\/tragedia-en-las-heras-870x570.jpg",870,570,true],"ultp_layout_portrait":["https:\/\/elfederalmendoza.com.ar\/wp-content\/uploads\/2023\/06\/tragedia-en-las-heras-600x629.jpg",600,629,true],"ultp_layout_square":["https:\/\/elfederalmendoza.com.ar\/wp-content\/uploads\/2023\/06\/tragedia-en-las-heras-600x600.jpg",600,600,true],"rpwe-thumbnail":["https:\/\/elfederalmendoza.com.ar\/wp-content\/uploads\/2023\/06\/tragedia-en-las-heras-45x45.jpg",45,45,true],"advps-thumb-one":["https:\/\/elfederalmendoza.com.ar\/wp-content\/uploads\/2023\/06\/tragedia-en-las-heras-1186x420.jpg",1186,420,true]},"rttpg_author":{"display_name":"Redacci\u00f3n El Federal","author_link":"https:\/\/elfederalmendoza.com.ar\/index.php\/author\/angelflores\/"},"rttpg_comment":0,"rttpg_category":"<a href=\"https:\/\/elfederalmendoza.com.ar\/index.php\/category\/mza\/\" rel=\"category tag\">Mendoza<\/a>","rttpg_excerpt":"Luego de la bajada del viento Zonda al llano esta madrugada y en medio de los destrozos que ocasion\u00f3 en el Gran Mendoza,\u00a0un hombre de 32 a\u00f1os y su peque\u00f1a hija de 7 murieron al chocar su moto contra un auto\u00a0en calle Olascoaga de Las Heras. A partir de una denuncia al 911, personal policial&hellip;","_links":{"self":[{"href":"https:\/\/elfederalmendoza.com.ar\/index.php\/wp-json\/wp\/v2\/posts\/23773","targetHints":{"allow":["GET"]}}],"collection":[{"href":"https:\/\/elfederalmendoza.com.ar\/index.php\/wp-json\/wp\/v2\/posts"}],"about":[{"href":"https:\/\/elfederalmendoza.com.ar\/index.php\/wp-json\/wp\/v2\/types\/post"}],"author":[{"embeddable":true,"href":"https:\/\/elfederalmendoza.com.ar\/index.php\/wp-json\/wp\/v2\/users\/2"}],"replies":[{"embeddable":true,"href":"https:\/\/elfederalmendoza.com.ar\/index.php\/wp-json\/wp\/v2\/comments?post=23773"}],"version-history":[{"count":1,"href":"https:\/\/elfederalmendoza.com.ar\/index.php\/wp-json\/wp\/v2\/posts\/23773\/revisions"}],"predecessor-version":[{"id":23776,"href":"https:\/\/elfederalmendoza.com.ar\/index.php\/wp-json\/wp\/v2\/posts\/23773\/revisions\/23776"}],"wp:featuredmedia":[{"embeddable":true,"href":"https:\/\/elfederalmendoza.com.ar\/index.php\/wp-json\/wp\/v2\/media\/23775"}],"wp:attachment":[{"href":"https:\/\/elfederalmendoza.com.ar\/index.php\/wp-json\/wp\/v2\/media?parent=23773"}],"wp:term":[{"taxonomy":"category","embeddable":true,"href":"https:\/\/elfederalmendoza.com.ar\/index.php\/wp-json\/wp\/v2\/categories?post=23773"},{"taxonomy":"post_tag","embeddable":true,"href":"https:\/\/elfederalmendoza.com.ar\/index.php\/wp-json\/wp\/v2\/tags?post=23773"}],"curies":[{"name":"wp","href":"https:\/\/api.w.org\/{rel}","templated":true}]}}