{"id":23898,"date":"2023-06-11T10:33:29","date_gmt":"2023-06-11T13:33:29","guid":{"rendered":"https:\/\/elfederalmendoza.com\/?p=23898"},"modified":"2023-06-11T10:33:30","modified_gmt":"2023-06-11T13:33:30","slug":"ocho-provincias-en-alerta-por-la-ola-polar-mendoza-entre-ellas","status":"publish","type":"post","link":"https:\/\/elfederalmendoza.com.ar\/index.php\/2023\/06\/11\/ocho-provincias-en-alerta-por-la-ola-polar-mendoza-entre-ellas\/","title":{"rendered":"Ocho provincias en alerta por la ola polar: Mendoza entre ellas"},"content":{"rendered":"\n<p>El&nbsp;<strong>Servicio Nacional Meteorol\u00f3gico (SMN)<\/strong>&nbsp;activ\u00f3 una alerta amarilla por la llegada de la ola polar en la&nbsp;<strong>Ciudad Aut\u00f3noma de Buenos Aires (CABA)<\/strong>, la provincia de&nbsp;<strong>Buenos Aires<\/strong>,&nbsp;<strong>C\u00f3rdoba<\/strong>,&nbsp;<strong>La Pampa<\/strong>,&nbsp;<strong>San Luis<\/strong>,&nbsp;<strong>San Juan<\/strong>,&nbsp;<strong>Mendoza<\/strong>,&nbsp;<strong>Neuqu\u00e9n&nbsp;<\/strong>y<strong>&nbsp;R\u00edo Negro<\/strong>. La advertencia entr\u00f3 en vigor durante la tarde del s\u00e1bado y se extender\u00e1 hasta las 18 horas del domingo. Pese a que el fin de semana las temperaturas extremas se har\u00e1n notar en estas zonas, se espera que estas aumenten con el correr de los d\u00edas.<\/p>\n\n\n\n<p>En el caso de<strong>&nbsp;CABA<\/strong>, el SMN evalu\u00f3 que las mejoras en el clima comenzar\u00e1n a notarse a partir del jueves 15 de junio, debido a que el pron\u00f3stico extendido vaticina un d\u00eda nublado, en el que la m\u00ednima ser\u00e1 de 8 grados y la m\u00e1xima se elevar\u00e1 hasta los 15 grados. De la misma manera, en el&nbsp;<strong>conurbano bonaerense<\/strong>&nbsp;se pronostican para el cuarto d\u00eda h\u00e1bil de la semana una m\u00ednima de 7\u00b0C y una m\u00e1xima de 15\u00b0C.<\/p>\n\n\n\n<p>En el resto de la provincia, el aumento de la temperatura demorar\u00e1 un d\u00eda m\u00e1s, ya que ser\u00e1 a partir del viernes cuando la m\u00ednima alcance los 7 grados y la m\u00e1xima roce los 17 grados en la zona norte, centro y oeste. En el caso del sur bonaerense, Bah\u00eda Blanca y las localidades aleda\u00f1as el term\u00f3metro comenzar\u00eda marcando el viernes unos 10\u00b0C, hasta tocar los 14\u00b0C.<\/p>\n\n\n\n<figure class=\"wp-block-image size-full\"><img loading=\"lazy\" decoding=\"async\" width=\"1014\" height=\"675\" src=\"https:\/\/elfederalmendoza.com\/wp-content\/uploads\/2023\/06\/abrigado.jpg\" alt=\"\" class=\"wp-image-23900\" srcset=\"https:\/\/elfederalmendoza.com.ar\/wp-content\/uploads\/2023\/06\/abrigado.jpg 1014w, https:\/\/elfederalmendoza.com.ar\/wp-content\/uploads\/2023\/06\/abrigado-300x200.jpg 300w, https:\/\/elfederalmendoza.com.ar\/wp-content\/uploads\/2023\/06\/abrigado-768x511.jpg 768w\" sizes=\"auto, (max-width: 1014px) 100vw, 1014px\" \/><\/figure>\n\n\n\n<p>Sin embargo, hasta entonces, el frente frio se har\u00e1 notar en varios distritos provinciales, por lo que el SMN emiti\u00f3 una alerta amarilla para algunas regiones. Con respecto al territorio bonaerense, las \u00fanicas zonas que no fueron afectadas por el ingreso de los vientos del sur son las localidades de la Costa Atl\u00e1ntica, alrededores, y la regi\u00f3n sur que limita con el territorio rionegrino. Mientras que en la regi\u00f3n costera se pronosticaron cifras dentro de los par\u00e1metros normales de esta \u00e9poca del a\u00f1o, con una m\u00ednima de 2\u00b0C y una m\u00e1xima de 10\u00b0C para la jornada dominical, en los distritos del sur como Tornquist los niveles se posicionan por debajo de los 0 grados, una m\u00ednima de -3\u00b0C y una m\u00e1xima de 7\u00b0C.<\/p>\n\n\n\n<p>De acuerdo con el instituto meteorol\u00f3gico, solamente el sur de la provincia de&nbsp;<strong>C\u00f3rdoba&nbsp;<\/strong>sufrir\u00e1 la ola polar. Sin embargo, el tiempo mejorar\u00e1 de forma ascendente, debido a que en General Roca se espera que el viernes repunte la temperatura con una m\u00ednima de 6 y una m\u00e1xima de 17 grados, pero en Ju\u00e1rez Celman y alrededores la mejor\u00eda ser\u00e1 visible el s\u00e1bado con niveles que oscilar\u00e1n entre los 9\u00b0C y 16\u00b0C.<\/p>\n\n\n\n<p><img loading=\"lazy\" decoding=\"async\" alt=\"El SMN alert\u00f3 a la franja centro del pa\u00eds por un descenso de la temperatura extremo. (Twitter @SMN_Alertas)\" height=\"1169\" width=\"2080\" class=\"\" src=\"https:\/\/cloudfront-us-east-1.images.arcpublishing.com\/infobae\/DGCO5NN5QBF5ZO4L5UYY7OQAAQ.jfif\" srcset=\"https:\/\/www.infobae.com\/new-resizer\/lr9ldhwQ3qtxD8en1UcymGC-B5E=\/420x236\/filters:format(webp):quality(85)\/cloudfront-us-east-1.images.arcpublishing.com\/infobae\/DGCO5NN5QBF5ZO4L5UYY7OQAAQ.jfif 420w,https:\/\/www.infobae.com\/new-resizer\/ajcMcelGaLe-JY5wwyiho95A46Y=\/768x432\/filters:format(webp):quality(85)\/cloudfront-us-east-1.images.arcpublishing.com\/infobae\/DGCO5NN5QBF5ZO4L5UYY7OQAAQ.jfif 768w,https:\/\/www.infobae.com\/new-resizer\/UU1t9VetHWyk79S5eF54Nzl4QUY=\/992x558\/filters:format(webp):quality(85)\/cloudfront-us-east-1.images.arcpublishing.com\/infobae\/DGCO5NN5QBF5ZO4L5UYY7OQAAQ.jfif 992w,https:\/\/www.infobae.com\/new-resizer\/_Vqj__zK8cJ8XysremLw1N4CJoM=\/1200x675\/filters:format(webp):quality(85)\/cloudfront-us-east-1.images.arcpublishing.com\/infobae\/DGCO5NN5QBF5ZO4L5UYY7OQAAQ.jfif 1200w,https:\/\/www.infobae.com\/new-resizer\/zqNkQ0isKKifr7W_ZU54gJwhMkU=\/1440x810\/filters:format(webp):quality(85)\/cloudfront-us-east-1.images.arcpublishing.com\/infobae\/DGCO5NN5QBF5ZO4L5UYY7OQAAQ.jfif 1440w\">El SMN alert\u00f3 a la franja centro del pa\u00eds por un descenso de la temperatura extremo. (Twitter @SMN_Alertas)<\/p>\n\n\n\n<p>En cuanto a&nbsp;<strong>La Pampa<\/strong>, la franja oeste es la \u00fanica que no se encuentra bajo la alerta amarilla, ya que el resto del territorio fue alcanzado por el frente fr\u00edo. La t\u00e9rmica aumentar\u00e1 en gran parte del distrito durante el viernes, debido a que en la capital pronosticaron una m\u00ednima de 7\u00b0C y una m\u00e1xima de 17\u00b0C. Por otro lado, en la regi\u00f3n norte, el \u00faltimo d\u00eda h\u00e1bil de la semana comenzar\u00eda con 6 y subir\u00e1 hasta tocar los 18 grados. Mientras tanto, en la zona centro se espera una mejor\u00eda en la temperatura con una m\u00ednima de 8\u00b0C y una m\u00e1xima de 18\u00b0C, pero la jornada del viernes estar\u00e1 cubierta por la presencia de lluvias aisladas.<\/p>\n\n\n\n<p>Seg\u00fan el SMN, los departamentos afectados por la ola polar durante este fin de semana en&nbsp;<strong>San Luis&nbsp;<\/strong>ser\u00e1n:&nbsp;<strong>Coronel Pringles, General Pedernera y Gobernador Dupuy<\/strong>. En este caso, el viernes las temperaturas repuntar\u00e1n, debido a que se espera que la m\u00e1xima roce los 19\u00b0C, pero la m\u00ednima ser\u00e1 de 6\u00b0C. Excepto en la zona sur de la provincia, en donde variar\u00e1n los indicadores entre 5\u00b0C y 18\u00b0C.<\/p>\n\n\n\n<p>La regi\u00f3n centro y sur de&nbsp;<strong>San Juan<\/strong>&nbsp;tambi\u00e9n ser\u00e1 alcanzada por la corriente de vientos fr\u00edos proveniente de<strong>&nbsp;La Patagonia<\/strong>. Incluso, es una de las regiones donde m\u00e1s se har\u00e1 sentir la ola polar, ya que el term\u00f3metro marcar\u00e1 niveles m\u00e1s amenos para los ciudadanos reci\u00e9n a partir del final de la semana que viene. A pesar de que el fr\u00edo no se retirar\u00e1 del todo, la m\u00e1xima se elevar\u00e1 a los 18 grados en la zona capital y alrededores, pero la m\u00ednima se mantendr\u00e1 en 2\u00b0C. Para las ciudades m\u00e1s cercanas a la&nbsp;<strong>Cordillera de los Andes<\/strong>, los d\u00edgitos se ubicar\u00e1n entre los -1 y los 14 grados.<\/p>\n\n\n\n<p><img loading=\"lazy\" decoding=\"async\" alt=\"La ola polar permanecer\u00e1 hasta el pr\u00f3ximo viernes, en la mayor\u00eda de las zonas alertadas. (T\u00e9lam)\" height=\"1079\" width=\"1920\" class=\"\" src=\"https:\/\/cloudfront-us-east-1.images.arcpublishing.com\/infobae\/KO5KE6DVT5HB7HH5MUK6E6TPMU.jpg\" srcset=\"https:\/\/www.infobae.com\/new-resizer\/4d8a1HHwGS-VGNGR6wZLkgjdHi8=\/420x236\/filters:format(webp):quality(85)\/cloudfront-us-east-1.images.arcpublishing.com\/infobae\/KO5KE6DVT5HB7HH5MUK6E6TPMU.jpg 420w,https:\/\/www.infobae.com\/new-resizer\/GL_CDVVbZPZbjXrvTPPnPyYuHtU=\/768x432\/filters:format(webp):quality(85)\/cloudfront-us-east-1.images.arcpublishing.com\/infobae\/KO5KE6DVT5HB7HH5MUK6E6TPMU.jpg 768w,https:\/\/www.infobae.com\/new-resizer\/fRIl9iKDViGvh4rWwfDqrxglpoU=\/992x558\/filters:format(webp):quality(85)\/cloudfront-us-east-1.images.arcpublishing.com\/infobae\/KO5KE6DVT5HB7HH5MUK6E6TPMU.jpg 992w,https:\/\/www.infobae.com\/new-resizer\/OKVmXyiFcwMbl929xKm9GnWEIyI=\/1200x675\/filters:format(webp):quality(85)\/cloudfront-us-east-1.images.arcpublishing.com\/infobae\/KO5KE6DVT5HB7HH5MUK6E6TPMU.jpg 1200w,https:\/\/www.infobae.com\/new-resizer\/7EdcI5_uCcMMPZDGdBFE9HNBO3M=\/1440x810\/filters:format(webp):quality(85)\/cloudfront-us-east-1.images.arcpublishing.com\/infobae\/KO5KE6DVT5HB7HH5MUK6E6TPMU.jpg 1440w\">La ola polar permanecer\u00e1 hasta el pr\u00f3ximo viernes, en la mayor\u00eda de las zonas alertadas. (T\u00e9lam)<\/p>\n\n\n\n<p>En el caso de&nbsp;<strong>Mendoza<\/strong>, las regiones norte, este y sur que rodean el centro de la provincia est\u00e1n incluidas en la alerta amarilla por temperaturas extremas que emiti\u00f3 el organismo. Mientras que en lugares como<strong>&nbsp;San Mart\u00edn y General Alvear<\/strong>&nbsp;las temperaturas ascender\u00e1n el viernes a una m\u00ednima de 5\u00b0C y una m\u00e1xima que variar\u00e1 entre los 15\u00b0C, para Las Heras y alrededores el fr\u00edo persistir\u00e1, pero tendr\u00e1 una leve mejor\u00eda el s\u00e1bado, cuando la temperatura m\u00ednima se eleve dos grados.<\/p>\n\n\n\n<p>Con respecto a la provincia de&nbsp;<strong>Neuqu\u00e9n<\/strong>, el norte de la Cordillera de los Andes que se encuentra en el territorio y la franja centro-sur del distrito ser\u00e1n las que sufrir\u00e1n las bajas temperaturas durante este fin de semana y el siguiente. Seg\u00fan el SMN, las zonas mencionadas tendr\u00e1n una m\u00ednima de -1\u00b0C y una m\u00e1xima de 6\u00b0C el pr\u00f3ximo s\u00e1bado, sumado a que el cielo estar\u00e1 nublado toda la jornada.<\/p>\n\n\n\n<p>Por \u00faltimo, en&nbsp;<strong>R\u00edo Negro<\/strong>&nbsp;la regi\u00f3n centro-oeste fue la \u00fanica alertada por el organismo meteorol\u00f3gico y tampoco lograr\u00e1 mejorar sus condiciones clim\u00e1ticas en los siguientes siete d\u00edas, debido a que el pronostico extendido anunci\u00f3 la posible ca\u00edda de nevadas durante la ma\u00f1ana del viernes. En cuanto a las temperaturas, se esperan que comiencen al rededor de los -4 y hasta tocar los 3 grados el viernes pr\u00f3ximo.<\/p>\n\n\n\n<p>En este contexto, el SMN recomend\u00f3 a los ciudadanos de las zonas que se encuentran bajo alerta amarilla intentar mantenerse en lugares cerrados, climatizados y abrigarse correctamente, si es necesario salir al exterior. Asimismo, advirti\u00f3 que la exposici\u00f3n al fr\u00edo puede ser perjudicial para los grupos de riesgo, es decir, ni\u00f1os y ni\u00f1as, adultos mayores de 65 a\u00f1os y personas que hayan sido diagnosticadas con enfermedades cr\u00f3nicas.<\/p>\n","protected":false},"excerpt":{"rendered":"<p>El&nbsp;Servicio Nacional Meteorol\u00f3gico (SMN)&nbsp;activ\u00f3 una alerta amarilla por la llegada de la ola polar en la&nbsp;Ciudad Aut\u00f3noma de Buenos Aires (CABA), la provincia de&nbsp;Buenos Aires,&nbsp;C\u00f3rdoba,&nbsp;La Pampa,&nbsp;San Luis,&nbsp;San Juan,&nbsp;Mendoza,&nbsp;Neuqu\u00e9n&nbsp;y&nbsp;R\u00edo Negro. La advertencia entr\u00f3 en vigor durante la tarde del s\u00e1bado y se extender\u00e1 hasta las 18 horas del domingo. Pese a que el fin de semana<a class=\"read-more\" href=\"https:\/\/elfederalmendoza.com.ar\/index.php\/2023\/06\/11\/ocho-provincias-en-alerta-por-la-ola-polar-mendoza-entre-ellas\/\"> [&hellip;]<\/a><\/p>\n","protected":false},"author":2,"featured_media":23901,"comment_status":"open","ping_status":"open","sticky":false,"template":"","format":"standard","meta":{"footnotes":""},"categories":[1],"tags":[],"class_list":["post-23898","post","type-post","status-publish","format-standard","has-post-thumbnail","hentry","category-mza"],"rttpg_featured_image_url":{"full":["https:\/\/elfederalmendoza.com.ar\/wp-content\/uploads\/2023\/06\/abrigado2.jpg",1164,581,false],"landscape":["https:\/\/elfederalmendoza.com.ar\/wp-content\/uploads\/2023\/06\/abrigado2.jpg",1164,581,false],"portraits":["https:\/\/elfederalmendoza.com.ar\/wp-content\/uploads\/2023\/06\/abrigado2.jpg",1164,581,false],"thumbnail":["https:\/\/elfederalmendoza.com.ar\/wp-content\/uploads\/2023\/06\/abrigado2-150x150.jpg",150,150,true],"medium":["https:\/\/elfederalmendoza.com.ar\/wp-content\/uploads\/2023\/06\/abrigado2-300x150.jpg",300,150,true],"large":["https:\/\/elfederalmendoza.com.ar\/wp-content\/uploads\/2023\/06\/abrigado2-1024x511.jpg",640,319,true],"1536x1536":["https:\/\/elfederalmendoza.com.ar\/wp-content\/uploads\/2023\/06\/abrigado2.jpg",1164,581,false],"2048x2048":["https:\/\/elfederalmendoza.com.ar\/wp-content\/uploads\/2023\/06\/abrigado2.jpg",1164,581,false],"ultp_layout_landscape_large":["https:\/\/elfederalmendoza.com.ar\/wp-content\/uploads\/2023\/06\/abrigado2.jpg",1164,581,false],"ultp_layout_landscape":["https:\/\/elfederalmendoza.com.ar\/wp-content\/uploads\/2023\/06\/abrigado2-870x570.jpg",870,570,true],"ultp_layout_portrait":["https:\/\/elfederalmendoza.com.ar\/wp-content\/uploads\/2023\/06\/abrigado2-600x581.jpg",600,581,true],"ultp_layout_square":["https:\/\/elfederalmendoza.com.ar\/wp-content\/uploads\/2023\/06\/abrigado2-600x581.jpg",600,581,true],"rpwe-thumbnail":["https:\/\/elfederalmendoza.com.ar\/wp-content\/uploads\/2023\/06\/abrigado2-45x45.jpg",45,45,true],"advps-thumb-one":["https:\/\/elfederalmendoza.com.ar\/wp-content\/uploads\/2023\/06\/abrigado2-1164x420.jpg",1164,420,true]},"rttpg_author":{"display_name":"Redacci\u00f3n El Federal","author_link":"https:\/\/elfederalmendoza.com.ar\/index.php\/author\/angelflores\/"},"rttpg_comment":0,"rttpg_category":"<a href=\"https:\/\/elfederalmendoza.com.ar\/index.php\/category\/mza\/\" rel=\"category tag\">Mendoza<\/a>","rttpg_excerpt":"El&nbsp;Servicio Nacional Meteorol\u00f3gico (SMN)&nbsp;activ\u00f3 una alerta amarilla por la llegada de la ola polar en la&nbsp;Ciudad Aut\u00f3noma de Buenos Aires (CABA), la provincia de&nbsp;Buenos Aires,&nbsp;C\u00f3rdoba,&nbsp;La Pampa,&nbsp;San Luis,&nbsp;San Juan,&nbsp;Mendoza,&nbsp;Neuqu\u00e9n&nbsp;y&nbsp;R\u00edo Negro. La advertencia entr\u00f3 en vigor durante la tarde del s\u00e1bado y se extender\u00e1 hasta las 18 horas del domingo. Pese a que el fin de semana&hellip;","_links":{"self":[{"href":"https:\/\/elfederalmendoza.com.ar\/index.php\/wp-json\/wp\/v2\/posts\/23898","targetHints":{"allow":["GET"]}}],"collection":[{"href":"https:\/\/elfederalmendoza.com.ar\/index.php\/wp-json\/wp\/v2\/posts"}],"about":[{"href":"https:\/\/elfederalmendoza.com.ar\/index.php\/wp-json\/wp\/v2\/types\/post"}],"author":[{"embeddable":true,"href":"https:\/\/elfederalmendoza.com.ar\/index.php\/wp-json\/wp\/v2\/users\/2"}],"replies":[{"embeddable":true,"href":"https:\/\/elfederalmendoza.com.ar\/index.php\/wp-json\/wp\/v2\/comments?post=23898"}],"version-history":[{"count":1,"href":"https:\/\/elfederalmendoza.com.ar\/index.php\/wp-json\/wp\/v2\/posts\/23898\/revisions"}],"predecessor-version":[{"id":23902,"href":"https:\/\/elfederalmendoza.com.ar\/index.php\/wp-json\/wp\/v2\/posts\/23898\/revisions\/23902"}],"wp:featuredmedia":[{"embeddable":true,"href":"https:\/\/elfederalmendoza.com.ar\/index.php\/wp-json\/wp\/v2\/media\/23901"}],"wp:attachment":[{"href":"https:\/\/elfederalmendoza.com.ar\/index.php\/wp-json\/wp\/v2\/media?parent=23898"}],"wp:term":[{"taxonomy":"category","embeddable":true,"href":"https:\/\/elfederalmendoza.com.ar\/index.php\/wp-json\/wp\/v2\/categories?post=23898"},{"taxonomy":"post_tag","embeddable":true,"href":"https:\/\/elfederalmendoza.com.ar\/index.php\/wp-json\/wp\/v2\/tags?post=23898"}],"curies":[{"name":"wp","href":"https:\/\/api.w.org\/{rel}","templated":true}]}}