{"id":23909,"date":"2023-06-11T22:38:26","date_gmt":"2023-06-12T01:38:26","guid":{"rendered":"https:\/\/elfederalmendoza.com\/?p=23909"},"modified":"2023-06-11T22:38:27","modified_gmt":"2023-06-12T01:38:27","slug":"elecciones-2023-el-frente-de-cornejo-duplica-a-de-marchi-y-el-pj-queda-tercero","status":"publish","type":"post","link":"https:\/\/elfederalmendoza.com.ar\/index.php\/2023\/06\/11\/elecciones-2023-el-frente-de-cornejo-duplica-a-de-marchi-y-el-pj-queda-tercero\/","title":{"rendered":"Elecciones 2023: el frente de Cornejo duplica a De Marchi y el PJ queda tercero"},"content":{"rendered":"\n<p>Pasadas las 22 se conocieron los\u00a0<strong>resultados oficiales<\/strong>\u00a0de las\u00a0<strong>elecciones PASO<\/strong>\u00a0que se desarrollaron en\u00a0<strong>Mendoza<\/strong>\u00a0este domingo 11 de junio. Las cifras muestran que el precandidato m\u00e1s votado es por ahora\u00a0<strong>Alfredo Cornejo\u00a0<\/strong>(Cambia Mendoza), seguido por\u00a0<strong>Omar De Marchi<\/strong>\u00a0(La Uni\u00f3n Mendocina). En un hist\u00f3rico tercer lugar se encuentra el\u00a0<strong>peronismo<\/strong>.<\/p>\n\n\n\n<p>Considerando el desempe\u00f1o de los frentes,\u00a0<strong>Cambia Mendoza<\/strong>\u00a0(43,45%) duplica a\u00a0<strong>La Uni\u00f3n Mendocina (19,98%)<\/strong>. Y el\u00a0<strong>peronismo (17,34%)<\/strong>, de acuerdo a los guarismos difundidos, se hundir\u00eda en un\u00a0<strong>tercer puesto<\/strong>\u00a0que resulta llamativo si se toma en cuenta su performance de la \u00faltima d\u00e9cada.<\/p>\n\n\n\n<p>Rodeado de funcionarios y militantes radicales, Alfredo Cornejo celebr\u00f3 el triunfo de Cambia Mendoza en las PASO cuando todav\u00eda no se conoc\u00edan los datos oficiales. \u201cPodemos decirles que el frente Cambia Mendoza supera al segundo por m\u00e1s de 20 puntos\u201d.<\/p>\n\n\n\n<p>\u201cEsta diferencia nos llena de orgullo\u201d, remarc\u00f3 el senador nacional.<\/p>\n\n\n\n<p>Tambi\u00e9n sostuvo que triunfaron en Maip\u00fa y en San Rafael con \u201cdiferencias importantes\u201d. \u201cEn San Rafael ha sido un acierto muy grande nuestra compa\u00f1era de f\u00f3rmula, Hebe Casado. Ella tiene merecido ese triunfo\u201d, indic\u00f3 y se\u00f1al\u00f3 que la candidata a vicegobernadora opt\u00f3 por quedarse en su ciudad natal del sur.<\/p>\n\n\n\n<p>Por otro lado, remarc\u00f3 que se triunfo en Guaymall\u00e9n, Capital y Godoy Cruz, premiando las gestiones de Marcelino Iglesias, Ulpiano Suarez y Tadeo Garc\u00eda Zalazar.<\/p>\n\n\n\n<p>Tambi\u00e9n ponder\u00f3 el apoyo de la dirigencia de Juntos por el Cambio durante la campa\u00f1a.<\/p>\n\n\n\n<p>El gobernador Rodolfo Suarez agradeci\u00f3 a los mendocinos \u201cpor haber expresado su voluntad en forma contundente hacia Cambia Mendoza\u201d.<\/p>\n\n\n\n<figure class=\"wp-block-image size-full\"><img loading=\"lazy\" decoding=\"async\" width=\"964\" height=\"514\" src=\"https:\/\/elfederalmendoza.com\/wp-content\/uploads\/2023\/06\/CORNEJO-GANADOR1.jpg\" alt=\"\" class=\"wp-image-23912\" srcset=\"https:\/\/elfederalmendoza.com.ar\/wp-content\/uploads\/2023\/06\/CORNEJO-GANADOR1.jpg 964w, https:\/\/elfederalmendoza.com.ar\/wp-content\/uploads\/2023\/06\/CORNEJO-GANADOR1-300x160.jpg 300w, https:\/\/elfederalmendoza.com.ar\/wp-content\/uploads\/2023\/06\/CORNEJO-GANADOR1-768x409.jpg 768w\" sizes=\"auto, (max-width: 964px) 100vw, 964px\" \/><\/figure>\n\n\n\n<p>\u201cEl mejor gobernador que puede tener Mendoza en esta etapa es Alfredo Cornejo\u201d, ponder\u00f3, y remarc\u00f3 que hay \u201cuna diferencia de 20 puntos\u201d con el segundo candidato m\u00e1s votado.<\/p>\n\n\n\n<p>\u201cEs un mensaje para toda la Argentina, ac\u00e1 se gobierna en serio, en contra del populismo, ac\u00e1 el que las hace las paga, ac\u00e1 no se cortan las calles\u201d, grafic\u00f3 el mandatario desde el escenario montado en el tradicional bunker radical del Hotel Aconcagua.<\/p>\n","protected":false},"excerpt":{"rendered":"<p>Pasadas las 22 se conocieron los\u00a0resultados oficiales\u00a0de las\u00a0elecciones PASO\u00a0que se desarrollaron en\u00a0Mendoza\u00a0este domingo 11 de junio. Las cifras muestran que el precandidato m\u00e1s votado es por ahora\u00a0Alfredo Cornejo\u00a0(Cambia Mendoza), seguido por\u00a0Omar De Marchi\u00a0(La Uni\u00f3n Mendocina). En un hist\u00f3rico tercer lugar se encuentra el\u00a0peronismo. Considerando el desempe\u00f1o de los frentes,\u00a0Cambia Mendoza\u00a0(43,45%) duplica a\u00a0La Uni\u00f3n Mendocina (19,98%).<a class=\"read-more\" href=\"https:\/\/elfederalmendoza.com.ar\/index.php\/2023\/06\/11\/elecciones-2023-el-frente-de-cornejo-duplica-a-de-marchi-y-el-pj-queda-tercero\/\"> [&hellip;]<\/a><\/p>\n","protected":false},"author":2,"featured_media":23911,"comment_status":"open","ping_status":"open","sticky":false,"template":"","format":"standard","meta":{"footnotes":""},"categories":[1],"tags":[],"class_list":["post-23909","post","type-post","status-publish","format-standard","has-post-thumbnail","hentry","category-mza"],"rttpg_featured_image_url":{"full":["https:\/\/elfederalmendoza.com.ar\/wp-content\/uploads\/2023\/06\/CORNEJO-GANADOR.jpg",1029,576,false],"landscape":["https:\/\/elfederalmendoza.com.ar\/wp-content\/uploads\/2023\/06\/CORNEJO-GANADOR.jpg",1029,576,false],"portraits":["https:\/\/elfederalmendoza.com.ar\/wp-content\/uploads\/2023\/06\/CORNEJO-GANADOR.jpg",1029,576,false],"thumbnail":["https:\/\/elfederalmendoza.com.ar\/wp-content\/uploads\/2023\/06\/CORNEJO-GANADOR-150x150.jpg",150,150,true],"medium":["https:\/\/elfederalmendoza.com.ar\/wp-content\/uploads\/2023\/06\/CORNEJO-GANADOR-300x168.jpg",300,168,true],"large":["https:\/\/elfederalmendoza.com.ar\/wp-content\/uploads\/2023\/06\/CORNEJO-GANADOR-1024x573.jpg",640,358,true],"1536x1536":["https:\/\/elfederalmendoza.com.ar\/wp-content\/uploads\/2023\/06\/CORNEJO-GANADOR.jpg",1029,576,false],"2048x2048":["https:\/\/elfederalmendoza.com.ar\/wp-content\/uploads\/2023\/06\/CORNEJO-GANADOR.jpg",1029,576,false],"ultp_layout_landscape_large":["https:\/\/elfederalmendoza.com.ar\/wp-content\/uploads\/2023\/06\/CORNEJO-GANADOR.jpg",1029,576,false],"ultp_layout_landscape":["https:\/\/elfederalmendoza.com.ar\/wp-content\/uploads\/2023\/06\/CORNEJO-GANADOR-870x570.jpg",870,570,true],"ultp_layout_portrait":["https:\/\/elfederalmendoza.com.ar\/wp-content\/uploads\/2023\/06\/CORNEJO-GANADOR-600x576.jpg",600,576,true],"ultp_layout_square":["https:\/\/elfederalmendoza.com.ar\/wp-content\/uploads\/2023\/06\/CORNEJO-GANADOR-600x576.jpg",600,576,true],"rpwe-thumbnail":["https:\/\/elfederalmendoza.com.ar\/wp-content\/uploads\/2023\/06\/CORNEJO-GANADOR-45x45.jpg",45,45,true],"advps-thumb-one":["https:\/\/elfederalmendoza.com.ar\/wp-content\/uploads\/2023\/06\/CORNEJO-GANADOR-1029x420.jpg",1029,420,true]},"rttpg_author":{"display_name":"Redacci\u00f3n El Federal","author_link":"https:\/\/elfederalmendoza.com.ar\/index.php\/author\/angelflores\/"},"rttpg_comment":0,"rttpg_category":"<a href=\"https:\/\/elfederalmendoza.com.ar\/index.php\/category\/mza\/\" rel=\"category tag\">Mendoza<\/a>","rttpg_excerpt":"Pasadas las 22 se conocieron los\u00a0resultados oficiales\u00a0de las\u00a0elecciones PASO\u00a0que se desarrollaron en\u00a0Mendoza\u00a0este domingo 11 de junio. Las cifras muestran que el precandidato m\u00e1s votado es por ahora\u00a0Alfredo Cornejo\u00a0(Cambia Mendoza), seguido por\u00a0Omar De Marchi\u00a0(La Uni\u00f3n Mendocina). En un hist\u00f3rico tercer lugar se encuentra el\u00a0peronismo. Considerando el desempe\u00f1o de los frentes,\u00a0Cambia Mendoza\u00a0(43,45%) duplica a\u00a0La Uni\u00f3n Mendocina (19,98%).&hellip;","_links":{"self":[{"href":"https:\/\/elfederalmendoza.com.ar\/index.php\/wp-json\/wp\/v2\/posts\/23909","targetHints":{"allow":["GET"]}}],"collection":[{"href":"https:\/\/elfederalmendoza.com.ar\/index.php\/wp-json\/wp\/v2\/posts"}],"about":[{"href":"https:\/\/elfederalmendoza.com.ar\/index.php\/wp-json\/wp\/v2\/types\/post"}],"author":[{"embeddable":true,"href":"https:\/\/elfederalmendoza.com.ar\/index.php\/wp-json\/wp\/v2\/users\/2"}],"replies":[{"embeddable":true,"href":"https:\/\/elfederalmendoza.com.ar\/index.php\/wp-json\/wp\/v2\/comments?post=23909"}],"version-history":[{"count":1,"href":"https:\/\/elfederalmendoza.com.ar\/index.php\/wp-json\/wp\/v2\/posts\/23909\/revisions"}],"predecessor-version":[{"id":23913,"href":"https:\/\/elfederalmendoza.com.ar\/index.php\/wp-json\/wp\/v2\/posts\/23909\/revisions\/23913"}],"wp:featuredmedia":[{"embeddable":true,"href":"https:\/\/elfederalmendoza.com.ar\/index.php\/wp-json\/wp\/v2\/media\/23911"}],"wp:attachment":[{"href":"https:\/\/elfederalmendoza.com.ar\/index.php\/wp-json\/wp\/v2\/media?parent=23909"}],"wp:term":[{"taxonomy":"category","embeddable":true,"href":"https:\/\/elfederalmendoza.com.ar\/index.php\/wp-json\/wp\/v2\/categories?post=23909"},{"taxonomy":"post_tag","embeddable":true,"href":"https:\/\/elfederalmendoza.com.ar\/index.php\/wp-json\/wp\/v2\/tags?post=23909"}],"curies":[{"name":"wp","href":"https:\/\/api.w.org\/{rel}","templated":true}]}}