{"id":23921,"date":"2023-06-12T09:27:45","date_gmt":"2023-06-12T12:27:45","guid":{"rendered":"https:\/\/elfederalmendoza.com\/?p=23921"},"modified":"2023-06-12T09:27:46","modified_gmt":"2023-06-12T12:27:46","slug":"resultados-elecciones-paso-2023-municipio-por-municipio-de-mendoza","status":"publish","type":"post","link":"https:\/\/elfederalmendoza.com.ar\/index.php\/2023\/06\/12\/resultados-elecciones-paso-2023-municipio-por-municipio-de-mendoza\/","title":{"rendered":"Resultados elecciones PASO 2023 municipio por municipio de Mendoza"},"content":{"rendered":"\n<p>Los\u00a0<strong>resultados de las elecciones PASO 2023\u00a0municipio por municipio<\/strong>\u00a0arrojaron una importante batalla en Las Heras, el departamento que gobierna Daniel Orozco y que Cambia Mendoza pretende arrebatarle desde su salida del frente.<\/p>\n\n\n\n<p>All\u00ed, con\u00a0<strong>m\u00e1s del 99% de mesas escrutadas<\/strong>, Cambia Mendoza aparece primero con el 30,38%, mientras que lo sigue con el 22,99 % La Uni\u00f3n Mendocina. Tercero aparece el peronismo con el 19,96%.<\/p>\n\n\n\n<p>En la categor\u00eda a intendente,\u00a0<strong>Mart\u00edn Bustos<\/strong>, el hombre de Orozco, aparece como el m\u00e1s votado y gana dentro de La Uni\u00f3n Mendocina (18.935 votos); mientras que\u00a0<strong>Francisco Lo Presti<\/strong>\u00a0(14.576 votos) lidera la interna de Cambia Mendoza por sobre Fabi\u00e1n \u00abOso\u00bb Tello.<\/p>\n\n\n\n<p><strong>En Luj\u00e1n de Cuyo -municipio que gobern\u00f3 Omar De Marchi- Esteban Allasino, el precandidato oficialista, lidera con el 42,08 %.&nbsp;<\/strong>Mientras que&nbsp;<strong>Natalio Mema<\/strong>&nbsp;se queda con la interna de Cambia Mendoza por sobre Mat\u00edas Bertona.<strong>&nbsp;Juntos alcanzan el 29,78%.<\/strong><\/p>\n\n\n\n<h2 class=\"wp-block-heading\">Resultados elecciones PASO 2023 municipio por municipio<\/h2>\n\n\n\n<p>En&nbsp;<strong>Godoy Cruz, Diego Costarelli<\/strong>, el precandidato de Alfredo Cornejo, festej\u00f3 su triunfo mucho antes de la aparici\u00f3n de los primeros resultados en la p\u00e1gina oficial de la Junta Electoral.<\/p>\n\n\n\n<p>Costarelli se qued\u00f3 con la interna de Cambia Mendoza. El frente sac\u00f3 el&nbsp;<strong>48,53%<\/strong>; mientras que el segundo puesto frente por frente est\u00e1 peleado entre&nbsp;<strong>La Uni\u00f3n Mendocina<\/strong>&nbsp;(14,58%), con Marcos S\u00e1nchez como candidato, y&nbsp;<strong>Eleg\u00ed<\/strong>&nbsp;(11,17%), que llevar\u00e1 como candidato a Dar\u00edo Sanfilippo.<\/p>\n\n\n\n<p><strong>En la Ciudad de Mendoza, Ulpiano Suarez&nbsp;<\/strong>se consolid\u00f3 como candidato para la reelecci\u00f3n en un frente Cambia Mendoza que se qued\u00f3 con el 52,99 % de los votos.<\/p>\n\n\n\n<p>Mientras que en&nbsp;<strong>Guaymall\u00e9n<\/strong>, por el frente oficialista el candidato ser\u00e1&nbsp;<strong>Marcos Calvente<\/strong>, con Cambia Mendoza conquistando el 39,31%. En La Uni\u00f3n Mendocina (20,02%) el candidato ser\u00e1&nbsp;<strong>Gabriel Pradines<\/strong>. Y en el peronismo, el representante ser\u00e1&nbsp;<strong>Natalia Vicencio<\/strong>.<\/p>\n\n\n\n<p>En el&nbsp;<strong>Este, Mario Abed&nbsp;<\/strong>asoma con una contundente victoria en Jun\u00edn.&nbsp;<strong>El frente Cambia Mendoza sac\u00f3 m\u00e1s del 62%<\/strong>. Santiago Pepa ser\u00e1 el candidato del peronismo y Nati Jos\u00e9 el de La Uni\u00f3n Mendocina.<\/p>\n\n\n\n<p>Mientras que&nbsp;<strong>en San Mart\u00edn, los n\u00fameros del exintendente Jorge Omar Gim\u00e9nez<\/strong>&nbsp;no son los esperados por La Uni\u00f3n Mendocina. Ser\u00e1 el candidato en septiembre pero el frente obtuvo el 17,78%; mientras que&nbsp;<strong>Ra\u00fal Rufeil, el actual intendente, va por la reelecci\u00f3n.&nbsp;<\/strong>El frente Cambia Mendoza logr\u00f3 el 46,08%.<\/p>\n\n\n\n<p>En&nbsp;<strong>Tupungato<\/strong>, Cambia Mendoza sum\u00f3 39,69 % y su candidato a intendente ser\u00e1<strong>&nbsp;Gustavo Aguilera<\/strong>. El candidato de La Uni\u00f3n Mendocina ser\u00e1&nbsp;<strong>Luis Pelegrina<\/strong>. El frente sac\u00f3&nbsp;<strong>19,58%<\/strong>. En el peronismo, el candidato ser\u00e1&nbsp;<strong>Davis Saud<\/strong>, que intentar\u00e1 retener y superar el&nbsp;<strong>20,46%<\/strong>&nbsp;que sac\u00f3 el frente Eleg\u00ed.<\/p>\n\n\n\n<p>En&nbsp;<strong>General Alvear<\/strong>, Cambia Mendoza logr\u00f3 el 58 % y su candidato ser\u00e1&nbsp;<strong>Jany Molero<\/strong>. Muy atr\u00e1s viene La Uni\u00f3n Mendocina con&nbsp;<strong>14,67%<\/strong>. Javier L\u00f3pez ser\u00e1 el candidato. En el peronismo, el contendiente ser\u00e1 Claudio V\u00e1zquez. El frente Eleg\u00ed sac\u00f3 el&nbsp;<strong>14,63%<\/strong>.<\/p>\n\n\n\n<p>En&nbsp;<strong>Rivadavia<\/strong>, la historia es especial.&nbsp;<strong>Ricardo Manzur<\/strong>, que no acompa\u00f1\u00f3 a ning\u00fan precandidato a gobernador, sac\u00f3&nbsp;<strong>24,65%<\/strong>, m\u00e1s votos que<strong>&nbsp;Mauricio Di C\u00e9sare<\/strong>, el que ser\u00e1 candidato de Cambia Mendoza. En el peronismo, el precandidato m\u00e1s votado fue&nbsp;<strong>Cristian Devito<\/strong>. Y en La Uni\u00f3n Mendocina,&nbsp;<strong>Daniel Bernasconi<\/strong>.<\/p>\n\n\n\n<p>En&nbsp;<strong>Malarg\u00fce<\/strong>, arras\u00f3 el exgobernador Celso Jaque en la interna peronista. El frente Eleg\u00ed se impuso c\u00f3modamente con el&nbsp;<strong>52,15%<\/strong>&nbsp;en un terreno que hoy gobierna Cambia Mendoza. El frente oficialista, que llev\u00f3 al intendente Juan Manuel Ojeda en la boleta, sac\u00f3 en total el&nbsp;<strong>18,27%<\/strong>. La Uni\u00f3n Mendocina, tercero con el&nbsp;<strong>14,16%<\/strong>.<\/p>\n\n\n\n<h2 class=\"wp-block-heading\">Tres municipios peronistas en los que gan\u00f3 Cambia Mendoza<\/h2>\n\n\n\n<p>En&nbsp;<strong>Maip\u00fa<\/strong>, Cambia Mendoza redondea un triunfo en las PASO 2023, muy por encima de La Uni\u00f3n Mendocina y el frente Eleg\u00ed que pelean codo a codo por el segundo puesto. En este municipio no se eligen candidatos a intendente en esta ocasi\u00f3n, dado que se votaron el pasado 30 de abril.<\/p>\n\n\n\n<p>En&nbsp;<strong>San Rafael<\/strong>, donde no se vot\u00f3 por candidatos a intendente y Emir F\u00e9lix \u00abjug\u00f3\u00bb para Guillermo Carmona, Cambia Mendoza obtuvo una buena victoria por sobre La Uni\u00f3n Mendocina y por sobre el peronismo que gobierna el municipio.<\/p>\n\n\n\n<p>Lo mismo sucedi\u00f3 en&nbsp;<strong>Tunuy\u00e1n<\/strong>, donde Cambia Mendoza celebr\u00f3.<\/p>\n\n\n\n<p>Pod\u00e9s ver los&nbsp;<strong><a href=\"https:\/\/resultados.mendoza.gov.ar\/eleccion230611publico\/w+hstseldpto-6_1.html\" target=\"_blank\" rel=\"noreferrer noopener\">resultados oficiales en la p\u00e1gina del Gobierno de Mendoza<\/a>.<\/strong><\/p>\n","protected":false},"excerpt":{"rendered":"<p>Los\u00a0resultados de las elecciones PASO 2023\u00a0municipio por municipio\u00a0arrojaron una importante batalla en Las Heras, el departamento que gobierna Daniel Orozco y que Cambia Mendoza pretende arrebatarle desde su salida del frente. All\u00ed, con\u00a0m\u00e1s del 99% de mesas escrutadas, Cambia Mendoza aparece primero con el 30,38%, mientras que lo sigue con el 22,99 % La Uni\u00f3n<a class=\"read-more\" href=\"https:\/\/elfederalmendoza.com.ar\/index.php\/2023\/06\/12\/resultados-elecciones-paso-2023-municipio-por-municipio-de-mendoza\/\"> [&hellip;]<\/a><\/p>\n","protected":false},"author":2,"featured_media":23923,"comment_status":"open","ping_status":"open","sticky":false,"template":"","format":"standard","meta":{"footnotes":""},"categories":[1],"tags":[],"class_list":["post-23921","post","type-post","status-publish","format-standard","has-post-thumbnail","hentry","category-mza"],"rttpg_featured_image_url":{"full":["https:\/\/elfederalmendoza.com.ar\/wp-content\/uploads\/2023\/06\/elecciones-mendoza.jpg",1405,791,false],"landscape":["https:\/\/elfederalmendoza.com.ar\/wp-content\/uploads\/2023\/06\/elecciones-mendoza.jpg",1405,791,false],"portraits":["https:\/\/elfederalmendoza.com.ar\/wp-content\/uploads\/2023\/06\/elecciones-mendoza.jpg",1405,791,false],"thumbnail":["https:\/\/elfederalmendoza.com.ar\/wp-content\/uploads\/2023\/06\/elecciones-mendoza-150x150.jpg",150,150,true],"medium":["https:\/\/elfederalmendoza.com.ar\/wp-content\/uploads\/2023\/06\/elecciones-mendoza-300x169.jpg",300,169,true],"large":["https:\/\/elfederalmendoza.com.ar\/wp-content\/uploads\/2023\/06\/elecciones-mendoza-1024x577.jpg",640,361,true],"1536x1536":["https:\/\/elfederalmendoza.com.ar\/wp-content\/uploads\/2023\/06\/elecciones-mendoza.jpg",1405,791,false],"2048x2048":["https:\/\/elfederalmendoza.com.ar\/wp-content\/uploads\/2023\/06\/elecciones-mendoza.jpg",1405,791,false],"ultp_layout_landscape_large":["https:\/\/elfederalmendoza.com.ar\/wp-content\/uploads\/2023\/06\/elecciones-mendoza-1200x791.jpg",1200,791,true],"ultp_layout_landscape":["https:\/\/elfederalmendoza.com.ar\/wp-content\/uploads\/2023\/06\/elecciones-mendoza-870x570.jpg",870,570,true],"ultp_layout_portrait":["https:\/\/elfederalmendoza.com.ar\/wp-content\/uploads\/2023\/06\/elecciones-mendoza-600x791.jpg",600,791,true],"ultp_layout_square":["https:\/\/elfederalmendoza.com.ar\/wp-content\/uploads\/2023\/06\/elecciones-mendoza-600x600.jpg",600,600,true],"rpwe-thumbnail":["https:\/\/elfederalmendoza.com.ar\/wp-content\/uploads\/2023\/06\/elecciones-mendoza-45x45.jpg",45,45,true],"advps-thumb-one":["https:\/\/elfederalmendoza.com.ar\/wp-content\/uploads\/2023\/06\/elecciones-mendoza-1200x420.jpg",1200,420,true]},"rttpg_author":{"display_name":"Redacci\u00f3n El Federal","author_link":"https:\/\/elfederalmendoza.com.ar\/index.php\/author\/angelflores\/"},"rttpg_comment":0,"rttpg_category":"<a href=\"https:\/\/elfederalmendoza.com.ar\/index.php\/category\/mza\/\" rel=\"category tag\">Mendoza<\/a>","rttpg_excerpt":"Los\u00a0resultados de las elecciones PASO 2023\u00a0municipio por municipio\u00a0arrojaron una importante batalla en Las Heras, el departamento que gobierna Daniel Orozco y que Cambia Mendoza pretende arrebatarle desde su salida del frente. All\u00ed, con\u00a0m\u00e1s del 99% de mesas escrutadas, Cambia Mendoza aparece primero con el 30,38%, mientras que lo sigue con el 22,99 % La Uni\u00f3n&hellip;","_links":{"self":[{"href":"https:\/\/elfederalmendoza.com.ar\/index.php\/wp-json\/wp\/v2\/posts\/23921","targetHints":{"allow":["GET"]}}],"collection":[{"href":"https:\/\/elfederalmendoza.com.ar\/index.php\/wp-json\/wp\/v2\/posts"}],"about":[{"href":"https:\/\/elfederalmendoza.com.ar\/index.php\/wp-json\/wp\/v2\/types\/post"}],"author":[{"embeddable":true,"href":"https:\/\/elfederalmendoza.com.ar\/index.php\/wp-json\/wp\/v2\/users\/2"}],"replies":[{"embeddable":true,"href":"https:\/\/elfederalmendoza.com.ar\/index.php\/wp-json\/wp\/v2\/comments?post=23921"}],"version-history":[{"count":1,"href":"https:\/\/elfederalmendoza.com.ar\/index.php\/wp-json\/wp\/v2\/posts\/23921\/revisions"}],"predecessor-version":[{"id":23924,"href":"https:\/\/elfederalmendoza.com.ar\/index.php\/wp-json\/wp\/v2\/posts\/23921\/revisions\/23924"}],"wp:featuredmedia":[{"embeddable":true,"href":"https:\/\/elfederalmendoza.com.ar\/index.php\/wp-json\/wp\/v2\/media\/23923"}],"wp:attachment":[{"href":"https:\/\/elfederalmendoza.com.ar\/index.php\/wp-json\/wp\/v2\/media?parent=23921"}],"wp:term":[{"taxonomy":"category","embeddable":true,"href":"https:\/\/elfederalmendoza.com.ar\/index.php\/wp-json\/wp\/v2\/categories?post=23921"},{"taxonomy":"post_tag","embeddable":true,"href":"https:\/\/elfederalmendoza.com.ar\/index.php\/wp-json\/wp\/v2\/tags?post=23921"}],"curies":[{"name":"wp","href":"https:\/\/api.w.org\/{rel}","templated":true}]}}