{"id":23942,"date":"2023-06-12T11:34:56","date_gmt":"2023-06-12T14:34:56","guid":{"rendered":"https:\/\/elfederalmendoza.com\/?p=23942"},"modified":"2023-06-12T11:42:35","modified_gmt":"2023-06-12T14:42:35","slug":"fraude-en-tucuman-se-presento-una-denuncia-penal-por-los-escandalosos-videos-captados-en-el-microcentro-por-camaras-de-seguridad","status":"publish","type":"post","link":"https:\/\/elfederalmendoza.com.ar\/index.php\/2023\/06\/12\/fraude-en-tucuman-se-presento-una-denuncia-penal-por-los-escandalosos-videos-captados-en-el-microcentro-por-camaras-de-seguridad\/","title":{"rendered":"\u00bfFraude en Tucum\u00e1n?: Se present\u00f3 una denuncia penal por los escandalosos videos captados en el microcentro por c\u00e1maras de seguridad"},"content":{"rendered":"\n<p>El intendente&nbsp;<strong>Germ\u00e1n Alfaro<\/strong>, y candidato a vicegobernador (Juntos por el Cambio), denunci\u00f3 ante la Justicia que&nbsp;las c\u00e1maras de la Municipalidad captaron movimientos de personas que entraban a un edificio c\u00e9ntrico y sal\u00edan con cajas durante la madrugada, en horas previas al inicio de las&nbsp;elecciones provinciales.<\/p>\n\n\n\n<p>La denuncia fue presentada en la Unidad Fiscal de Decisi\u00f3n Temprana por el presunto delito <strong>\u00abcontra el orden econ\u00f3mico y financiero\u00bb<\/strong>. Adem\u00e1s, el jefe municipal adjunt\u00f3 fotograf\u00edas y videos.<\/p>\n\n\n\n<figure class=\"wp-block-image size-full\"><img loading=\"lazy\" decoding=\"async\" width=\"940\" height=\"477\" src=\"https:\/\/elfederalmendoza.com\/wp-content\/uploads\/2023\/06\/fraude-tucuman2.jpg\" alt=\"\" class=\"wp-image-23948\" srcset=\"https:\/\/elfederalmendoza.com.ar\/wp-content\/uploads\/2023\/06\/fraude-tucuman2.jpg 940w, https:\/\/elfederalmendoza.com.ar\/wp-content\/uploads\/2023\/06\/fraude-tucuman2-300x152.jpg 300w, https:\/\/elfederalmendoza.com.ar\/wp-content\/uploads\/2023\/06\/fraude-tucuman2-768x390.jpg 768w\" sizes=\"auto, (max-width: 940px) 100vw, 940px\" \/><\/figure>\n\n\n\n<p>Seg\u00fan Alfaro, a partir de las 3 de la ma\u00f1ana de hoy \u00abcomenzaron a concurrir un n\u00famero importante de personas al edificio colindante del Banco Macro de calle 24 de Septiembre 719, las cuales ingresaban y se iban con grandes cajas y sobres, bolsas y bolsas llenos\u00bb.<\/p>\n\n\n\n<figure class=\"wp-block-embed is-type-video is-provider-youtube wp-block-embed-youtube wp-embed-aspect-16-9 wp-has-aspect-ratio\"><div class=\"wp-block-embed__wrapper\">\n<iframe loading=\"lazy\" title=\"Intenso movimiento en la zona c\u00e9ntrica durante la madrugada\" width=\"640\" height=\"360\" src=\"https:\/\/www.youtube.com\/embed\/8ZMIWB1zIxU?feature=oembed\" frameborder=\"0\" allow=\"accelerometer; autoplay; clipboard-write; encrypted-media; gyroscope; picture-in-picture; web-share\" referrerpolicy=\"strict-origin-when-cross-origin\" allowfullscreen><\/iframe>\n<\/div><\/figure>\n\n\n\n<p>\u00abNo hay justificaci\u00f3n -agrega la denuncia- para que un d\u00eda domingo de elecciones generales tenga ese movimiento el lugar mencionado, donde una cantidad de personas desconocidas, con planillas y sobres, ingresaban y sal\u00edan con bolsos, cajas y bolsas llenas. Agravando la situaci\u00f3n que este establecimiento se encuentra a 80 metros de la Escuela Rivadavia, donde se vota\u00bb.<\/p>\n\n\n\n<p>El intendente afirm\u00f3 en su denuncia que \u00abvarias unidades pertenecen al Banco Macro SA, Administradora Fiduciaria ARS Sa, cuyo titular es Salas Mart\u00edn Miguel, y otras reconocidas financieras del medio local quienes deber\u00e1n explicar qu\u00e9 hac\u00edan esas personas a esa hora, el d\u00eda de las elecciones, que ingresaban con papeles, planillas y sal\u00edan con bolsos, grandes sobres y bolsas llenas de supuestamente dinero en efectivo para ser destinados a la compra de voluntades\u00bb.<\/p>\n\n\n\n<p>LINK DE LA DENUNCIA PENAL: <a href=\"https:\/\/img.lagaceta.com.ar\/adjunto\/994729_20230611153731.pdf?_gl=1*1fr4a0p*_ga*MTc2NDA4MTg5MS4xNjg2NTc5Mzcw*_ga_STZTWC6DKP*MTY4NjU3OTM2OS4xLjEuMTY4NjU3OTg3OS42MC4wLjA.&amp;_ga=2.11059636.1807565275.1686579370-1764081891.1686579370\" target=\"_blank\" rel=\"noreferrer noopener\">&nbsp;Denuncia penal del intendente Alfaro<\/a><\/p>\n\n\n\n<p>Un periodista tucumano public\u00f3 un video explicando el modus operandi de la maniobra fraudolenta en las elecciones.<\/p>\n\n\n\n<blockquote class=\"twitter-tweet\"><p lang=\"es\" dir=\"ltr\"><a href=\"https:\/\/t.co\/23hpC9qIF0\">https:\/\/t.co\/23hpC9qIF0<\/a><br>Video 1 Fraude en Tucum\u00e1n <a href=\"https:\/\/t.co\/PwCSNkE1PC\">pic.twitter.com\/PwCSNkE1PC<\/a><\/p>&mdash; Noe (@Noe118120921) <a href=\"https:\/\/twitter.com\/Noe118120921\/status\/1668099264017301504?ref_src=twsrc%5Etfw\">June 12, 2023<\/a><\/blockquote> <script async src=\"https:\/\/platform.twitter.com\/widgets.js\" charset=\"utf-8\"><\/script>\n\n\n\n<blockquote class=\"twitter-tweet\"><p lang=\"es\" dir=\"ltr\"><a href=\"https:\/\/t.co\/23hpC9qIF0\">https:\/\/t.co\/23hpC9qIF0<\/a><br>Video 2 Fraude en Tucum\u00e1n <a href=\"https:\/\/t.co\/4bNMhJhWK1\">pic.twitter.com\/4bNMhJhWK1<\/a><\/p>&mdash; Noe (@Noe118120921) <a href=\"https:\/\/twitter.com\/Noe118120921\/status\/1668099537070637056?ref_src=twsrc%5Etfw\">June 12, 2023<\/a><\/blockquote> <script async src=\"https:\/\/platform.twitter.com\/widgets.js\" charset=\"utf-8\"><\/script>\n","protected":false},"excerpt":{"rendered":"<p>El intendente&nbsp;Germ\u00e1n Alfaro, y candidato a vicegobernador (Juntos por el Cambio), denunci\u00f3 ante la Justicia que&nbsp;las c\u00e1maras de la Municipalidad captaron movimientos de personas que entraban a un edificio c\u00e9ntrico y sal\u00edan con cajas durante la madrugada, en horas previas al inicio de las&nbsp;elecciones provinciales. La denuncia fue presentada en la Unidad Fiscal de Decisi\u00f3n<a class=\"read-more\" href=\"https:\/\/elfederalmendoza.com.ar\/index.php\/2023\/06\/12\/fraude-en-tucuman-se-presento-una-denuncia-penal-por-los-escandalosos-videos-captados-en-el-microcentro-por-camaras-de-seguridad\/\"> [&hellip;]<\/a><\/p>\n","protected":false},"author":2,"featured_media":23944,"comment_status":"open","ping_status":"open","sticky":false,"template":"","format":"standard","meta":{"footnotes":""},"categories":[5618],"tags":[],"class_list":["post-23942","post","type-post","status-publish","format-standard","has-post-thumbnail","hentry","category-arg"],"rttpg_featured_image_url":{"full":["https:\/\/elfederalmendoza.com.ar\/wp-content\/uploads\/2023\/06\/fraude-tucuman1.jpg",793,525,false],"landscape":["https:\/\/elfederalmendoza.com.ar\/wp-content\/uploads\/2023\/06\/fraude-tucuman1.jpg",793,525,false],"portraits":["https:\/\/elfederalmendoza.com.ar\/wp-content\/uploads\/2023\/06\/fraude-tucuman1.jpg",793,525,false],"thumbnail":["https:\/\/elfederalmendoza.com.ar\/wp-content\/uploads\/2023\/06\/fraude-tucuman1-150x150.jpg",150,150,true],"medium":["https:\/\/elfederalmendoza.com.ar\/wp-content\/uploads\/2023\/06\/fraude-tucuman1-300x199.jpg",300,199,true],"large":["https:\/\/elfederalmendoza.com.ar\/wp-content\/uploads\/2023\/06\/fraude-tucuman1.jpg",640,424,false],"1536x1536":["https:\/\/elfederalmendoza.com.ar\/wp-content\/uploads\/2023\/06\/fraude-tucuman1.jpg",793,525,false],"2048x2048":["https:\/\/elfederalmendoza.com.ar\/wp-content\/uploads\/2023\/06\/fraude-tucuman1.jpg",793,525,false],"ultp_layout_landscape_large":["https:\/\/elfederalmendoza.com.ar\/wp-content\/uploads\/2023\/06\/fraude-tucuman1.jpg",793,525,false],"ultp_layout_landscape":["https:\/\/elfederalmendoza.com.ar\/wp-content\/uploads\/2023\/06\/fraude-tucuman1.jpg",793,525,false],"ultp_layout_portrait":["https:\/\/elfederalmendoza.com.ar\/wp-content\/uploads\/2023\/06\/fraude-tucuman1-600x525.jpg",600,525,true],"ultp_layout_square":["https:\/\/elfederalmendoza.com.ar\/wp-content\/uploads\/2023\/06\/fraude-tucuman1-600x525.jpg",600,525,true],"rpwe-thumbnail":["https:\/\/elfederalmendoza.com.ar\/wp-content\/uploads\/2023\/06\/fraude-tucuman1-45x45.jpg",45,45,true],"advps-thumb-one":["https:\/\/elfederalmendoza.com.ar\/wp-content\/uploads\/2023\/06\/fraude-tucuman1-793x420.jpg",793,420,true]},"rttpg_author":{"display_name":"Redacci\u00f3n El Federal","author_link":"https:\/\/elfederalmendoza.com.ar\/index.php\/author\/angelflores\/"},"rttpg_comment":0,"rttpg_category":"<a href=\"https:\/\/elfederalmendoza.com.ar\/index.php\/category\/arg\/\" rel=\"category tag\">Argentina<\/a>","rttpg_excerpt":"El intendente&nbsp;Germ\u00e1n Alfaro, y candidato a vicegobernador (Juntos por el Cambio), denunci\u00f3 ante la Justicia que&nbsp;las c\u00e1maras de la Municipalidad captaron movimientos de personas que entraban a un edificio c\u00e9ntrico y sal\u00edan con cajas durante la madrugada, en horas previas al inicio de las&nbsp;elecciones provinciales. La denuncia fue presentada en la Unidad Fiscal de Decisi\u00f3n&hellip;","_links":{"self":[{"href":"https:\/\/elfederalmendoza.com.ar\/index.php\/wp-json\/wp\/v2\/posts\/23942","targetHints":{"allow":["GET"]}}],"collection":[{"href":"https:\/\/elfederalmendoza.com.ar\/index.php\/wp-json\/wp\/v2\/posts"}],"about":[{"href":"https:\/\/elfederalmendoza.com.ar\/index.php\/wp-json\/wp\/v2\/types\/post"}],"author":[{"embeddable":true,"href":"https:\/\/elfederalmendoza.com.ar\/index.php\/wp-json\/wp\/v2\/users\/2"}],"replies":[{"embeddable":true,"href":"https:\/\/elfederalmendoza.com.ar\/index.php\/wp-json\/wp\/v2\/comments?post=23942"}],"version-history":[{"count":2,"href":"https:\/\/elfederalmendoza.com.ar\/index.php\/wp-json\/wp\/v2\/posts\/23942\/revisions"}],"predecessor-version":[{"id":23949,"href":"https:\/\/elfederalmendoza.com.ar\/index.php\/wp-json\/wp\/v2\/posts\/23942\/revisions\/23949"}],"wp:featuredmedia":[{"embeddable":true,"href":"https:\/\/elfederalmendoza.com.ar\/index.php\/wp-json\/wp\/v2\/media\/23944"}],"wp:attachment":[{"href":"https:\/\/elfederalmendoza.com.ar\/index.php\/wp-json\/wp\/v2\/media?parent=23942"}],"wp:term":[{"taxonomy":"category","embeddable":true,"href":"https:\/\/elfederalmendoza.com.ar\/index.php\/wp-json\/wp\/v2\/categories?post=23942"},{"taxonomy":"post_tag","embeddable":true,"href":"https:\/\/elfederalmendoza.com.ar\/index.php\/wp-json\/wp\/v2\/tags?post=23942"}],"curies":[{"name":"wp","href":"https:\/\/api.w.org\/{rel}","templated":true}]}}