{"id":23956,"date":"2023-06-12T12:23:15","date_gmt":"2023-06-12T15:23:15","guid":{"rendered":"https:\/\/elfederalmendoza.com\/?p=23956"},"modified":"2023-06-12T12:23:15","modified_gmt":"2023-06-12T15:23:15","slug":"camionero-borracho-volco-un-cargamento-de-harina-en-el-parque-san-martin","status":"publish","type":"post","link":"https:\/\/elfederalmendoza.com.ar\/index.php\/2023\/06\/12\/camionero-borracho-volco-un-cargamento-de-harina-en-el-parque-san-martin\/","title":{"rendered":"Camionero borracho volc\u00f3 un cargamento de harina en el Parque San Mart\u00edn"},"content":{"rendered":"\n<p>Un cami\u00f3n con un cargamento de&nbsp;<strong>harina<\/strong>&nbsp;volc\u00f3 la madrugada de este lunes en el&nbsp;<strong>Parque General San Mart\u00edn<\/strong>&nbsp;de<strong>&nbsp;Ciudad<\/strong>. El conductor del rodado, oriundo de<strong>&nbsp;San Juan<\/strong>, manejaba alcoholizado y fue aprehendido.<\/p>\n\n\n\n<p>Fuentes policiales indicaron que fue alrededor de las 4.45 que una llamada ingres\u00f3 a la l\u00ednea de emergencias 911 para alertar sobre un accidente vial sobre avenida Libertador, en la subida hacia el\u00a0<strong>Cerro La Gloria<\/strong>.<\/p>\n\n\n\n<p>Cuando polic\u00edas se desplazaron hasta ese sector del citado espacio verde capitalino, constataron que se trataba del acoplado de un cami\u00f3n de la empresa sanjuanina<strong>\u00a0Oscar Sierra Molino S.A.<\/strong>, que hab\u00eda volcado a la altura del ex\u00a0<strong>Zool\u00f3gico de Mendoza<\/strong>\u00a0(actual\u00a0<strong>Ecoparque<\/strong>).<\/p>\n\n\n\n<p>A ra\u00edz de eso,\u00a0<mark>unas 800 bolsas de harina que transportaba, quedaron esparcidas por la calle y alrededores<\/mark>, por lo que se convoc\u00f3 a personal de Tr\u00e1nsito Municipal para regular el tr\u00e1nsito vehicular.<\/p>\n\n\n<div class=\"wp-block-image\">\n<figure class=\"aligncenter size-full\"><img loading=\"lazy\" decoding=\"async\" width=\"800\" height=\"600\" src=\"https:\/\/elfederalmendoza.com\/wp-content\/uploads\/2023\/06\/WhatsApp-Image-2023-06-12-at-08.02.543.webp\" alt=\"\" class=\"wp-image-23959\" srcset=\"https:\/\/elfederalmendoza.com.ar\/wp-content\/uploads\/2023\/06\/WhatsApp-Image-2023-06-12-at-08.02.543.webp 800w, https:\/\/elfederalmendoza.com.ar\/wp-content\/uploads\/2023\/06\/WhatsApp-Image-2023-06-12-at-08.02.543-300x225.webp 300w, https:\/\/elfederalmendoza.com.ar\/wp-content\/uploads\/2023\/06\/WhatsApp-Image-2023-06-12-at-08.02.543-768x576.webp 768w\" sizes=\"auto, (max-width: 800px) 100vw, 800px\" \/><\/figure><\/div>\n\n\n<p>Asimismo,\u00a0<mark>se le practic\u00f3 al chofer, identificado como<strong>\u00a0Jorge Castro<\/strong>\u00a0(41), el test de alcoholemia, el cual arroj\u00f3 que ten\u00eda 1,43 grados de alcohol por cada litro de sangre<\/mark>, se\u00f1alaron las fuentes del hecho.<\/p>\n\n\n\n<p>A trav\u00e9s del relevamiento de las c\u00e1maras de seguridad de la zona, se pudo establecer que&nbsp;<mark>el pesado veh\u00edculo circulaba a alta velocidad cuando se produjo el siniestro<\/mark>.<\/p>\n\n\n\n<p>Por ese motivo, Castro fue aprehendido y trasladado a una sede policial, donde qued\u00f3 a disposici\u00f3n del Juzgado Contravencional interviniente.<\/p>\n\n\n\n<p>En tanto, vecinos de la zona se acercaron para llevarse parte de la harina que qued\u00f3 tendida en la carpeta asf\u00e1ltica luego del accidente.<\/p>\n","protected":false},"excerpt":{"rendered":"<p>Un cami\u00f3n con un cargamento de&nbsp;harina&nbsp;volc\u00f3 la madrugada de este lunes en el&nbsp;Parque General San Mart\u00edn&nbsp;de&nbsp;Ciudad. El conductor del rodado, oriundo de&nbsp;San Juan, manejaba alcoholizado y fue aprehendido. Fuentes policiales indicaron que fue alrededor de las 4.45 que una llamada ingres\u00f3 a la l\u00ednea de emergencias 911 para alertar sobre un accidente vial sobre avenida<a class=\"read-more\" href=\"https:\/\/elfederalmendoza.com.ar\/index.php\/2023\/06\/12\/camionero-borracho-volco-un-cargamento-de-harina-en-el-parque-san-martin\/\"> [&hellip;]<\/a><\/p>\n","protected":false},"author":2,"featured_media":23957,"comment_status":"open","ping_status":"open","sticky":false,"template":"","format":"standard","meta":{"footnotes":""},"categories":[1],"tags":[],"class_list":["post-23956","post","type-post","status-publish","format-standard","has-post-thumbnail","hentry","category-mza"],"rttpg_featured_image_url":{"full":["https:\/\/elfederalmendoza.com.ar\/wp-content\/uploads\/2023\/06\/WhatsApp-Image-2023-06-12-at-08.02.545.webp",800,600,false],"landscape":["https:\/\/elfederalmendoza.com.ar\/wp-content\/uploads\/2023\/06\/WhatsApp-Image-2023-06-12-at-08.02.545.webp",800,600,false],"portraits":["https:\/\/elfederalmendoza.com.ar\/wp-content\/uploads\/2023\/06\/WhatsApp-Image-2023-06-12-at-08.02.545.webp",800,600,false],"thumbnail":["https:\/\/elfederalmendoza.com.ar\/wp-content\/uploads\/2023\/06\/WhatsApp-Image-2023-06-12-at-08.02.545-150x150.webp",150,150,true],"medium":["https:\/\/elfederalmendoza.com.ar\/wp-content\/uploads\/2023\/06\/WhatsApp-Image-2023-06-12-at-08.02.545-300x225.webp",300,225,true],"large":["https:\/\/elfederalmendoza.com.ar\/wp-content\/uploads\/2023\/06\/WhatsApp-Image-2023-06-12-at-08.02.545.webp",640,480,false],"1536x1536":["https:\/\/elfederalmendoza.com.ar\/wp-content\/uploads\/2023\/06\/WhatsApp-Image-2023-06-12-at-08.02.545.webp",800,600,false],"2048x2048":["https:\/\/elfederalmendoza.com.ar\/wp-content\/uploads\/2023\/06\/WhatsApp-Image-2023-06-12-at-08.02.545.webp",800,600,false],"ultp_layout_landscape_large":["https:\/\/elfederalmendoza.com.ar\/wp-content\/uploads\/2023\/06\/WhatsApp-Image-2023-06-12-at-08.02.545.webp",800,600,false],"ultp_layout_landscape":["https:\/\/elfederalmendoza.com.ar\/wp-content\/uploads\/2023\/06\/WhatsApp-Image-2023-06-12-at-08.02.545-800x570.webp",800,570,true],"ultp_layout_portrait":["https:\/\/elfederalmendoza.com.ar\/wp-content\/uploads\/2023\/06\/WhatsApp-Image-2023-06-12-at-08.02.545-600x600.webp",600,600,true],"ultp_layout_square":["https:\/\/elfederalmendoza.com.ar\/wp-content\/uploads\/2023\/06\/WhatsApp-Image-2023-06-12-at-08.02.545-600x600.webp",600,600,true],"rpwe-thumbnail":["https:\/\/elfederalmendoza.com.ar\/wp-content\/uploads\/2023\/06\/WhatsApp-Image-2023-06-12-at-08.02.545-45x45.webp",45,45,true],"advps-thumb-one":["https:\/\/elfederalmendoza.com.ar\/wp-content\/uploads\/2023\/06\/WhatsApp-Image-2023-06-12-at-08.02.545-800x420.webp",800,420,true]},"rttpg_author":{"display_name":"Redacci\u00f3n El Federal","author_link":"https:\/\/elfederalmendoza.com.ar\/index.php\/author\/angelflores\/"},"rttpg_comment":0,"rttpg_category":"<a href=\"https:\/\/elfederalmendoza.com.ar\/index.php\/category\/mza\/\" rel=\"category tag\">Mendoza<\/a>","rttpg_excerpt":"Un cami\u00f3n con un cargamento de&nbsp;harina&nbsp;volc\u00f3 la madrugada de este lunes en el&nbsp;Parque General San Mart\u00edn&nbsp;de&nbsp;Ciudad. El conductor del rodado, oriundo de&nbsp;San Juan, manejaba alcoholizado y fue aprehendido. Fuentes policiales indicaron que fue alrededor de las 4.45 que una llamada ingres\u00f3 a la l\u00ednea de emergencias 911 para alertar sobre un accidente vial sobre avenida&hellip;","_links":{"self":[{"href":"https:\/\/elfederalmendoza.com.ar\/index.php\/wp-json\/wp\/v2\/posts\/23956","targetHints":{"allow":["GET"]}}],"collection":[{"href":"https:\/\/elfederalmendoza.com.ar\/index.php\/wp-json\/wp\/v2\/posts"}],"about":[{"href":"https:\/\/elfederalmendoza.com.ar\/index.php\/wp-json\/wp\/v2\/types\/post"}],"author":[{"embeddable":true,"href":"https:\/\/elfederalmendoza.com.ar\/index.php\/wp-json\/wp\/v2\/users\/2"}],"replies":[{"embeddable":true,"href":"https:\/\/elfederalmendoza.com.ar\/index.php\/wp-json\/wp\/v2\/comments?post=23956"}],"version-history":[{"count":1,"href":"https:\/\/elfederalmendoza.com.ar\/index.php\/wp-json\/wp\/v2\/posts\/23956\/revisions"}],"predecessor-version":[{"id":23960,"href":"https:\/\/elfederalmendoza.com.ar\/index.php\/wp-json\/wp\/v2\/posts\/23956\/revisions\/23960"}],"wp:featuredmedia":[{"embeddable":true,"href":"https:\/\/elfederalmendoza.com.ar\/index.php\/wp-json\/wp\/v2\/media\/23957"}],"wp:attachment":[{"href":"https:\/\/elfederalmendoza.com.ar\/index.php\/wp-json\/wp\/v2\/media?parent=23956"}],"wp:term":[{"taxonomy":"category","embeddable":true,"href":"https:\/\/elfederalmendoza.com.ar\/index.php\/wp-json\/wp\/v2\/categories?post=23956"},{"taxonomy":"post_tag","embeddable":true,"href":"https:\/\/elfederalmendoza.com.ar\/index.php\/wp-json\/wp\/v2\/tags?post=23956"}],"curies":[{"name":"wp","href":"https:\/\/api.w.org\/{rel}","templated":true}]}}