{"id":23976,"date":"2023-06-13T09:46:40","date_gmt":"2023-06-13T12:46:40","guid":{"rendered":"https:\/\/elfederalmendoza.com\/?p=23976"},"modified":"2023-06-13T09:48:10","modified_gmt":"2023-06-13T12:48:10","slug":"arde-la-interna-oficialista-massa-se-cruzo-a-gritos-con-alberto-fernandez-y-scioli-podria-ser-candidato-unico","status":"publish","type":"post","link":"https:\/\/elfederalmendoza.com.ar\/index.php\/2023\/06\/13\/arde-la-interna-oficialista-massa-se-cruzo-a-gritos-con-alberto-fernandez-y-scioli-podria-ser-candidato-unico\/","title":{"rendered":"Arde la interna oficialista: Massa se cruz\u00f3 a gritos con Alberto Fern\u00e1ndez y Scioli podr\u00eda ser candidato \u00fanico"},"content":{"rendered":"\n<p><strong>Otra vez a los gritos por tel\u00e9fono. Despu\u00e9s de hab\u00e9rselo negado a rajatabla durante el fin de semana, el presidente Alberto Fern\u00e1ndez atendi\u00f3 esta ma\u00f1ana un col\u00e9rico llamado de su ministro de Econom\u00eda, Sergio Massa, y le admiti\u00f3 lo innegable. Esta vez la pelea entre los dos hombres m\u00e1s importantes del Gobierno fue por el almuerzo entre Mart\u00edn Guzm\u00e1n y Daniel Scioli en Villa La \u00d1ata. Es un per\u00edodo de estados alterados, m\u00e1xime cuando el exmotonauta podr\u00eda terminar como candidato \u00fanico del Frente de Todos. Ampliemos.<br><\/strong><br>Despu\u00e9s de hablar con Massa y asegurarle que le hab\u00eda advertido a Scioli que tentar a Guzm\u00e1n con una candidatura podr\u00eda \u201cirritar\u201d a un sector de la coalici\u00f3n, el Presidente recibi\u00f3 al jefe del Movimiento Evita, Emilio P\u00e9rsico. A \u00e9l, como a todos los que le preguntan o insisten en convencerlo de bajar las PASO,&nbsp;<strong>Fern\u00e1ndez le asegur\u00f3 que Scioli ser\u00e1 candidato.<\/strong><strong>Si hasta ya le eligi\u00f3 un vice, el rosarino Agust\u00edn Rossi. No es la \u00fanica opci\u00f3n: el exgobernador prefiere que lo acompa\u00f1e la catamarque\u00f1a Luc\u00eda Corpacci y otros impulsan al tucumano Juan Manzur.&nbsp;<\/strong>Demasiado pronto para buscar segundo cuando a\u00fan no se defini\u00f3 el primero.<\/p>\n\n\n\n<p>El tiempo se acorta y con \u00e9l los escenarios posibles. El salto de Axel Kcillof de la provincia a la Naci\u00f3n era el plan perfecto para unos cuantos. Empezando por M\u00e1ximo Kirchner. El gobernador es el que mejor retiene los votos de Cristina Fern\u00e1ndez y tiene un perfil econ\u00f3mico para disputar el relato, por ejemplo, a Javier Milei. La estrategia se completaba habilitando las internas en territorio bonaerense, permitiendo de esta manera la movilizaci\u00f3n del peronismo.<strong>&nbsp;Sin embargo, Kicillof ya rechaz\u00f3 esta oferta m\u00e1s de una vez y Cristina jur\u00f3 que no le pedir\u00e1 que sea lo que no est\u00e1 convencido de ser. \u201cConv\u00e9nzanlo\u201d, le repiti\u00f3 a todo el que le insisti\u00f3 con la idea. A esta hora, quienes m\u00e1s impulsaron este esquema, lo dan por descartado.<\/strong><\/p>\n\n\n\n<p><strong>Qu\u00e9 dijo Cristina Kirchner cuando le hablaron de la posibilidad \u201cScioli \u00fanico candidato\u201d<\/strong><\/p>\n\n\n\n<p><strong>As\u00ed las cosas, las opciones se reducen a un escenario de PASO en el que Scioli, apoyado por el Presidente, compite contra un candidato respaldado por Cristina. No hay muchas opciones: ese candidato es Massa o es Eduardo \u201cWado\u201d De Pedro, el ministro del Interior.<\/strong>&nbsp;Los dos tienen problemas para encarar una candidatura a Presidente. Massa, los dif\u00edciles resultados en la econom\u00eda \u2013la negociaci\u00f3n con el FMI se demora y la inflaci\u00f3n sigue descontrolada\u2013; De Pedro, su bajo nivel de conocimiento.<strong>&nbsp;\u00bfQueda entonces, alguna otra opci\u00f3n? Scioli \u00fanico candidato.<\/strong><br>Varios le plantearon esta posibilidad a Cristina. Ella no dijo ni que s\u00ed ni que no. El \u00faltimo que se reuni\u00f3 con la vicepresidente para discutir y negociar reglas de juego electorales fue Juan Manuel Olmos. El vicejefe de Gabinete de Alberto, el mismo que viaj\u00f3 a China con Massa y M\u00e1ximo, visit\u00f3 a Cristina el viernes. \u00c9l es de los que cree que al oficialismo le conviene un candidato \u00fanico y el que m\u00e1s le gusta es Massa. No logr\u00f3 convencerlo a Alberto. Ahora, trabaja por el escenario menos malo. Y lo discute con Cristina.<br><strong><br>\u201cNo descartamos que Scioli sea candidato \u00fanico, pero eso no quiere decir que sea el candidato de Cristina o que ella lo apoye. Cristina podr\u00eda ser prescindente\u201d.&nbsp;<\/strong>El an\u00e1lisis corresponde a una persona que habla con la vice casi a diario. No son tantos. Sin embargo, esa misma persona reconoce que ese plan tiene algunos problemas. A saber: 1. \u00bfMassa aceptar\u00eda ser candidato a primer senador, por ejemplo, colgado de una boleta que lleva a su archienemigo Scioli a la cabeza? 2. \u00bfCristina puede ser prescindente, no hacer campa\u00f1a, en una elecci\u00f3n en la que deben retener la provincia de Buenos Aires y renovar las bancas en Diputados y Senadores nacionales de la buena elecci\u00f3n de 2019? 3. \u00bfC\u00f3mo evitar\u00eda el kichnerismo que la candidatura \u00fanica de Scioli no fuera le\u00edda hacia fuera como una claudicaci\u00f3n ante la arremetida del presidente?<\/p>\n\n\n\n<p>El mi\u00e9rcoles vence el plazo para la inscripci\u00f3n de las alianzas y el 24 el de los candidatos. El Frente de Todos ir\u00e1 unido. Las reuniones de ac\u00e1 al mi\u00e9rcoles se acelerar\u00e1n. Sin ir m\u00e1s lejos, esta tarde Scioli recibir\u00e1 al ministro de Seguridad, Sergio Berni y antes del fin de semana largo volver\u00e1 a juntarse con el Evita, igual que lo hizo la semana pasada con el camionero, Hugo Moyano. Todos tejen. Algunos se concentran en el cort\u00edsimo plazo; otros ya levantan apuestas por 2027.<\/p>\n\n\n\n<p><em>Por Mar\u00eda Eugenia Duffard \/ <a href=\"https:\/\/tn.com.ar\/politica\/2023\/06\/12\/arde-la-interna-oficialista-massa-se-cruzo-a-gritos-con-alberto-fernandez-y-scioli-podria-ser-candidato-unico\/\">TN<\/a><\/em><\/p>\n","protected":false},"excerpt":{"rendered":"<p>Otra vez a los gritos por tel\u00e9fono. Despu\u00e9s de hab\u00e9rselo negado a rajatabla durante el fin de semana, el presidente Alberto Fern\u00e1ndez atendi\u00f3 esta ma\u00f1ana un col\u00e9rico llamado de su ministro de Econom\u00eda, Sergio Massa, y le admiti\u00f3 lo innegable. Esta vez la pelea entre los dos hombres m\u00e1s importantes del Gobierno fue por el<a class=\"read-more\" href=\"https:\/\/elfederalmendoza.com.ar\/index.php\/2023\/06\/13\/arde-la-interna-oficialista-massa-se-cruzo-a-gritos-con-alberto-fernandez-y-scioli-podria-ser-candidato-unico\/\"> [&hellip;]<\/a><\/p>\n","protected":false},"author":2,"featured_media":23981,"comment_status":"open","ping_status":"open","sticky":false,"template":"","format":"standard","meta":{"footnotes":""},"categories":[5618],"tags":[],"class_list":["post-23976","post","type-post","status-publish","format-standard","has-post-thumbnail","hentry","category-arg"],"rttpg_featured_image_url":{"full":["https:\/\/elfederalmendoza.com.ar\/wp-content\/uploads\/2023\/06\/2Y3FSZNUWFF4T6TPEBZUAMXCRE-scaled.jpg",2560,1706,false],"landscape":["https:\/\/elfederalmendoza.com.ar\/wp-content\/uploads\/2023\/06\/2Y3FSZNUWFF4T6TPEBZUAMXCRE-scaled.jpg",2560,1706,false],"portraits":["https:\/\/elfederalmendoza.com.ar\/wp-content\/uploads\/2023\/06\/2Y3FSZNUWFF4T6TPEBZUAMXCRE-scaled.jpg",2560,1706,false],"thumbnail":["https:\/\/elfederalmendoza.com.ar\/wp-content\/uploads\/2023\/06\/2Y3FSZNUWFF4T6TPEBZUAMXCRE-150x150.jpg",150,150,true],"medium":["https:\/\/elfederalmendoza.com.ar\/wp-content\/uploads\/2023\/06\/2Y3FSZNUWFF4T6TPEBZUAMXCRE-300x200.jpg",300,200,true],"large":["https:\/\/elfederalmendoza.com.ar\/wp-content\/uploads\/2023\/06\/2Y3FSZNUWFF4T6TPEBZUAMXCRE-1024x683.jpg",640,427,true],"1536x1536":["https:\/\/elfederalmendoza.com.ar\/wp-content\/uploads\/2023\/06\/2Y3FSZNUWFF4T6TPEBZUAMXCRE-1536x1024.jpg",1536,1024,true],"2048x2048":["https:\/\/elfederalmendoza.com.ar\/wp-content\/uploads\/2023\/06\/2Y3FSZNUWFF4T6TPEBZUAMXCRE-2048x1365.jpg",2048,1365,true],"ultp_layout_landscape_large":["https:\/\/elfederalmendoza.com.ar\/wp-content\/uploads\/2023\/06\/2Y3FSZNUWFF4T6TPEBZUAMXCRE-1200x800.jpg",1200,800,true],"ultp_layout_landscape":["https:\/\/elfederalmendoza.com.ar\/wp-content\/uploads\/2023\/06\/2Y3FSZNUWFF4T6TPEBZUAMXCRE-870x570.jpg",870,570,true],"ultp_layout_portrait":["https:\/\/elfederalmendoza.com.ar\/wp-content\/uploads\/2023\/06\/2Y3FSZNUWFF4T6TPEBZUAMXCRE-600x900.jpg",600,900,true],"ultp_layout_square":["https:\/\/elfederalmendoza.com.ar\/wp-content\/uploads\/2023\/06\/2Y3FSZNUWFF4T6TPEBZUAMXCRE-600x600.jpg",600,600,true],"rpwe-thumbnail":["https:\/\/elfederalmendoza.com.ar\/wp-content\/uploads\/2023\/06\/2Y3FSZNUWFF4T6TPEBZUAMXCRE-45x45.jpg",45,45,true],"advps-thumb-one":["https:\/\/elfederalmendoza.com.ar\/wp-content\/uploads\/2023\/06\/2Y3FSZNUWFF4T6TPEBZUAMXCRE-1200x420.jpg",1200,420,true]},"rttpg_author":{"display_name":"Redacci\u00f3n El Federal","author_link":"https:\/\/elfederalmendoza.com.ar\/index.php\/author\/angelflores\/"},"rttpg_comment":0,"rttpg_category":"<a href=\"https:\/\/elfederalmendoza.com.ar\/index.php\/category\/arg\/\" rel=\"category tag\">Argentina<\/a>","rttpg_excerpt":"Otra vez a los gritos por tel\u00e9fono. Despu\u00e9s de hab\u00e9rselo negado a rajatabla durante el fin de semana, el presidente Alberto Fern\u00e1ndez atendi\u00f3 esta ma\u00f1ana un col\u00e9rico llamado de su ministro de Econom\u00eda, Sergio Massa, y le admiti\u00f3 lo innegable. Esta vez la pelea entre los dos hombres m\u00e1s importantes del Gobierno fue por el&hellip;","_links":{"self":[{"href":"https:\/\/elfederalmendoza.com.ar\/index.php\/wp-json\/wp\/v2\/posts\/23976","targetHints":{"allow":["GET"]}}],"collection":[{"href":"https:\/\/elfederalmendoza.com.ar\/index.php\/wp-json\/wp\/v2\/posts"}],"about":[{"href":"https:\/\/elfederalmendoza.com.ar\/index.php\/wp-json\/wp\/v2\/types\/post"}],"author":[{"embeddable":true,"href":"https:\/\/elfederalmendoza.com.ar\/index.php\/wp-json\/wp\/v2\/users\/2"}],"replies":[{"embeddable":true,"href":"https:\/\/elfederalmendoza.com.ar\/index.php\/wp-json\/wp\/v2\/comments?post=23976"}],"version-history":[{"count":1,"href":"https:\/\/elfederalmendoza.com.ar\/index.php\/wp-json\/wp\/v2\/posts\/23976\/revisions"}],"predecessor-version":[{"id":23978,"href":"https:\/\/elfederalmendoza.com.ar\/index.php\/wp-json\/wp\/v2\/posts\/23976\/revisions\/23978"}],"wp:featuredmedia":[{"embeddable":true,"href":"https:\/\/elfederalmendoza.com.ar\/index.php\/wp-json\/wp\/v2\/media\/23981"}],"wp:attachment":[{"href":"https:\/\/elfederalmendoza.com.ar\/index.php\/wp-json\/wp\/v2\/media?parent=23976"}],"wp:term":[{"taxonomy":"category","embeddable":true,"href":"https:\/\/elfederalmendoza.com.ar\/index.php\/wp-json\/wp\/v2\/categories?post=23976"},{"taxonomy":"post_tag","embeddable":true,"href":"https:\/\/elfederalmendoza.com.ar\/index.php\/wp-json\/wp\/v2\/tags?post=23976"}],"curies":[{"name":"wp","href":"https:\/\/api.w.org\/{rel}","templated":true}]}}